{"id":10019,"date":"2026-04-26T19:43:54","date_gmt":"2026-04-26T16:43:54","guid":{"rendered":"https:\/\/spontanedigital.com.tr\/?p=10019"},"modified":"2026-04-26T19:43:59","modified_gmt":"2026-04-26T16:43:59","slug":"meb-alan-degisikligi-sonuclari-icin-geri-sayim-2026-atama-takvimi-belli-oldu-mu","status":"publish","type":"post","link":"https:\/\/spontanedigital.com.tr\/?p=10019","title":{"rendered":"MEB Alan De\u011fi\u015fikli\u011fi Sonu\u00e7lar\u0131 \u0130\u00e7in Geri Say\u0131m: 2026 Atama Takvimi Belli Oldu mu?"},"content":{"rendered":"\n<h2 class=\"wp-block-heading\">2026 alan de\u011fi\u015fikli\u011fi atama sonu\u00e7lar\u0131 28 Nisan\u2019da a\u00e7\u0131klanacak. \u00d6\u011fretmenler sonu\u00e7lar\u0131n\u0131 MEB ve personel.meb.gov.tr \u00fczerinden sorgulayabilecek.<\/h2>\n\n\n\n<p>Milli E\u011fitim Bakanl\u0131\u011f\u0131\u2019n\u0131n (MEB) 2026 y\u0131l\u0131 alan de\u011fi\u015fikli\u011fi s\u00fcreci kapsam\u0131nda ba\u015fvurular\u0131n\u0131 tamamlayan \u00f6\u011fretmenler i\u00e7in g\u00f6zler sonu\u00e7 tarihine \u00e7evrildi. Uzun s\u00fcredir beklenen atama sonu\u00e7lar\u0131 i\u00e7in tarih netle\u015fti.<\/p>\n\n\n\n<hr class=\"wp-block-separator has-alpha-channel-opacity\"\/>\n\n\n\n<h3 class=\"wp-block-heading\">Sonu\u00e7lar 28 Nisan\u2019da a\u00e7\u0131klanacak<\/h3>\n\n\n\n<p>MEB taraf\u0131ndan yay\u0131mlanan takvime g\u00f6re:<\/p>\n\n\n\n<ul class=\"wp-block-list\">\n<li><strong>Alan de\u011fi\u015fikli\u011fi atama sonu\u00e7lar\u0131 28 Nisan 2026 tarihinde a\u00e7\u0131klanacak.<\/strong><\/li>\n\n\n\n<li>Sonu\u00e7lar a\u015fa\u011f\u0131daki adresler \u00fczerinden eri\u015fime a\u00e7\u0131lacak:\n<ul class=\"wp-block-list\">\n<li><strong><a href=\"http:\/\/www.meb.gov.tr\/\" target=\"_blank\" rel=\"noreferrer noopener\">www.meb.gov.tr<\/a><\/strong><\/li>\n\n\n\n<li><a href=\"http:\/\/personel.meb.gov.tr\/\" target=\"_blank\" rel=\"noreferrer noopener\"><strong>personel.meb.gov.tr<\/strong><\/a><\/li>\n<\/ul>\n<\/li>\n<\/ul>\n\n\n\n<p>\u00d6\u011fretmenler, ilgili sayfalarda yay\u0131mlanacak sorgulama ekran\u0131 \u00fczerinden atama durumlar\u0131n\u0131 \u00f6\u011frenebilecek.<\/p>\n\n\n\n<hr class=\"wp-block-separator has-alpha-channel-opacity\"\/>\n\n\n\n<h3 class=\"wp-block-heading\">S\u00fcre\u00e7 nas\u0131l ilerledi?<\/h3>\n\n\n\n<ul class=\"wp-block-list\">\n<li><strong>\u00d6n ba\u015fvurular:<\/strong>\u00a06 \u2013 10 Nisan 2026<\/li>\n\n\n\n<li><strong>Tercih i\u015flemleri:<\/strong>\u00a020 \u2013 24 Nisan 2026<\/li>\n\n\n\n<li><strong>Sonu\u00e7 a\u00e7\u0131klama:<\/strong>\u00a028 Nisan 2026<\/li>\n<\/ul>\n\n\n\n<hr class=\"wp-block-separator has-alpha-channel-opacity\"\/>\n\n\n\n<h3 class=\"wp-block-heading\">G\u00f6reve ba\u015flama tarihi belli oldu<\/h3>\n\n\n\n<p>Atamas\u0131 ger\u00e7ekle\u015fen \u00f6\u011fretmenler i\u00e7in s\u00fcre\u00e7 \u015fu \u015fekilde devam edecek:<\/p>\n\n\n\n<ul class=\"wp-block-list\">\n<li><strong>\u0130li\u015fik kesme ve g\u00f6reve ba\u015flama:<\/strong>\u00a03 A\u011fustos 2026 itibar\u0131yla<\/li>\n<\/ul>\n\n\n\n<hr class=\"wp-block-separator has-alpha-channel-opacity\"\/>\n\n\n\n<h3 class=\"wp-block-heading\">\u00d6\u011fretmenler i\u00e7in kritik s\u00fcre\u00e7<\/h3>\n\n\n\n<p>Alan de\u011fi\u015fikli\u011fi, \u00f6\u011fretmenlerin bran\u015flar\u0131n\u0131 de\u011fi\u015ftirmesine imkan tan\u0131yan \u00f6nemli bir s\u00fcre\u00e7 oldu\u011fu i\u00e7in sonu\u00e7lar b\u00fcy\u00fck \u00f6nem ta\u015f\u0131yor. Atamas\u0131 yap\u0131lan \u00f6\u011fretmenler, yeni alanlar\u0131nda g\u00f6revlerine ba\u015flayacak.<\/p>\n\n\n\n<blockquote class=\"wp-block-quote is-layout-flow wp-block-quote-is-layout-flow\">\n<p>Kaynak: <a href=\"https:\/\/www.turkiyeegitim.com\/meb-2026-alan-degisikligi-atama-sonuclari-ne-zaman-aciklanacak-iste-sorgulama-ekrani-141113h.htm\" type=\"link\" id=\"https:\/\/www.turkiyeegitim.com\/meb-2026-alan-degisikligi-atama-sonuclari-ne-zaman-aciklanacak-iste-sorgulama-ekrani-141113h.htm\">turk\u0131yeeg\u0131t\u0131m<\/a><\/p>\n<\/blockquote>\n\n\n\n<p>D\u00fczenlenme Tarihi: 26.04.2026,19:42<\/p>\n","protected":false},"excerpt":{"rendered":"<p>2026 alan de\u011fi\u015fikli\u011fi atama sonu\u00e7lar\u0131 28 Nisan\u2019da a\u00e7\u0131klanacak. \u00d6\u011fretmenler sonu\u00e7lar\u0131n\u0131 MEB ve personel.meb.gov.tr \u00fczerinden sorgulayabilecek. Milli E\u011fitim Bakanl\u0131\u011f\u0131\u2019n\u0131n (MEB) 2026<\/p>\n","protected":false},"author":4,"featured_media":10020,"comment_status":"open","ping_status":"open","sticky":false,"template":"","format":"standard","meta":{"colormag_page_container_layout":"default_layout","colormag_page_sidebar_layout":"default_layout","_jetpack_memberships_contains_paid_content":false,"footnotes":""},"categories":[5,1],"tags":[710,3493,3158,7890,7889,7891],"class_list":["post-10019","post","type-post","status-publish","format-standard","has-post-thumbnail","hentry","category-egitim","category-genel","tag-alan-degisikligi","tag-meb-atama","tag-mebbis","tag-ogretmen-atama-sonuclari","tag-ogretmen-yer-degisikligi","tag-personel-meb"],"magazineBlocksPostFeaturedMedia":{"thumbnail":"https:\/\/spontanedigital.com.tr\/wp-content\/uploads\/2026\/04\/gpppgpg-150x150.jpg","medium":"https:\/\/spontanedigital.com.tr\/wp-content\/uploads\/2026\/04\/gpppgpg-300x150.jpg","medium_large":"https:\/\/spontanedigital.com.tr\/wp-content\/uploads\/2026\/04\/gpppgpg-768x384.jpg","large":"https:\/\/spontanedigital.com.tr\/wp-content\/uploads\/2026\/04\/gpppgpg-1024x512.jpg","1536x1536":"https:\/\/spontanedigital.com.tr\/wp-content\/uploads\/2026\/04\/gpppgpg.jpg","2048x2048":"https:\/\/spontanedigital.com.tr\/wp-content\/uploads\/2026\/04\/gpppgpg.jpg","ultp_layout_landscape_large":"https:\/\/spontanedigital.com.tr\/wp-content\/uploads\/2026\/04\/gpppgpg-1200x640.jpg","ultp_layout_landscape":"https:\/\/spontanedigital.com.tr\/wp-content\/uploads\/2026\/04\/gpppgpg-870x570.jpg","ultp_layout_portrait":"https:\/\/spontanedigital.com.tr\/wp-content\/uploads\/2026\/04\/gpppgpg-600x640.jpg","ultp_layout_square":"https:\/\/spontanedigital.com.tr\/wp-content\/uploads\/2026\/04\/gpppgpg-600x600.jpg","colormag-highlighted-post":"https:\/\/spontanedigital.com.tr\/wp-content\/uploads\/2026\/04\/gpppgpg-392x272.jpg","colormag-featured-post-medium":"https:\/\/spontanedigital.com.tr\/wp-content\/uploads\/2026\/04\/gpppgpg-390x205.jpg","colormag-featured-post-small":"https:\/\/spontanedigital.com.tr\/wp-content\/uploads\/2026\/04\/gpppgpg-130x90.jpg","colormag-featured-image":"https:\/\/spontanedigital.com.tr\/wp-content\/uploads\/2026\/04\/gpppgpg-800x445.jpg","colormag-default-news":"https:\/\/spontanedigital.com.tr\/wp-content\/uploads\/2026\/04\/gpppgpg-150x150.jpg","colormag-featured-image-large":"https:\/\/spontanedigital.com.tr\/wp-content\/uploads\/2026\/04\/gpppgpg-1280x600.jpg"},"magazineBlocksPostAuthor":{"name":"Zehra \u0130laslan","avatar":"https:\/\/spontanedigital.com.tr\/wp-content\/uploads\/2026\/02\/WhatsApp-Image-2026-02-27-at-13.44.33-150x150.jpeg"},"magazineBlocksPostCommentsNumber":"0","magazineBlocksPostExcerpt":"2026 alan de\u011fi\u015fikli\u011fi atama sonu\u00e7lar\u0131 28 Nisan\u2019da a\u00e7\u0131klanacak. \u00d6\u011fretmenler sonu\u00e7lar\u0131n\u0131 MEB ve personel.meb.gov.tr \u00fczerinden sorgulayabilecek. Milli E\u011fitim Bakanl\u0131\u011f\u0131\u2019n\u0131n (MEB) 2026","magazineBlocksPostCategories":["E\u011fitim","Genel"],"magazineBlocksPostViewCount":3,"magazineBlocksPostReadTime":2,"magazine_blocks_featured_image_url":{"full":["https:\/\/spontanedigital.com.tr\/wp-content\/uploads\/2026\/04\/gpppgpg.jpg",1280,640,false],"medium":["https:\/\/spontanedigital.com.tr\/wp-content\/uploads\/2026\/04\/gpppgpg-300x150.jpg",300,150,true],"thumbnail":["https:\/\/spontanedigital.com.tr\/wp-content\/uploads\/2026\/04\/gpppgpg-150x150.jpg",150,150,true]},"magazine_blocks_author":{"display_name":"Zehra \u0130laslan","author_link":"https:\/\/spontanedigital.com.tr\/?author=4"},"magazine_blocks_comment":0,"magazine_blocks_author_image":"https:\/\/spontanedigital.com.tr\/wp-content\/uploads\/2026\/02\/WhatsApp-Image-2026-02-27-at-13.44.33-150x150.jpeg","magazine_blocks_category":"<a href=\"#\" class=\"category-link category-link-5\">E\u011fitim<\/a> <a href=\"#\" class=\"category-link category-link-1\">Genel<\/a>","yoast_head":"<!-- This site is optimized with the Yoast SEO plugin v27.4 - https:\/\/yoast.com\/product\/yoast-seo-wordpress\/ -->\n<title>MEB Alan De\u011fi\u015fikli\u011fi Sonu\u00e7lar\u0131 \u0130\u00e7in Geri Say\u0131m: 2026 Atama Takvimi Belli Oldu mu? &#8211; Spontane Digital<\/title>\n<meta name=\"robots\" content=\"index, follow, max-snippet:-1, max-image-preview:large, max-video-preview:-1\" \/>\n<link rel=\"canonical\" href=\"https:\/\/spontanedigital.com.tr\/?p=10019\" \/>\n<meta property=\"og:locale\" content=\"tr_TR\" \/>\n<meta property=\"og:type\" content=\"article\" \/>\n<meta property=\"og:title\" content=\"MEB Alan De\u011fi\u015fikli\u011fi Sonu\u00e7lar\u0131 \u0130\u00e7in Geri Say\u0131m: 2026 Atama Takvimi Belli Oldu mu? &#8211; Spontane Digital\" \/>\n<meta property=\"og:description\" content=\"2026 alan de\u011fi\u015fikli\u011fi atama sonu\u00e7lar\u0131 28 Nisan\u2019da a\u00e7\u0131klanacak. \u00d6\u011fretmenler sonu\u00e7lar\u0131n\u0131 MEB ve personel.meb.gov.tr \u00fczerinden sorgulayabilecek. Milli E\u011fitim Bakanl\u0131\u011f\u0131\u2019n\u0131n (MEB) 2026\" \/>\n<meta property=\"og:url\" content=\"https:\/\/spontanedigital.com.tr\/?p=10019\" \/>\n<meta property=\"og:site_name\" content=\"Spontane Digital\" \/>\n<meta property=\"article:published_time\" content=\"2026-04-26T16:43:54+00:00\" \/>\n<meta property=\"article:modified_time\" content=\"2026-04-26T16:43:59+00:00\" \/>\n<meta property=\"og:image\" content=\"https:\/\/spontanedigital.com.tr\/wp-content\/uploads\/2026\/04\/gpppgpg.jpg\" \/>\n\t<meta property=\"og:image:width\" content=\"1280\" \/>\n\t<meta property=\"og:image:height\" content=\"640\" \/>\n\t<meta property=\"og:image:type\" content=\"image\/jpeg\" \/>\n<meta name=\"author\" content=\"Zehra \u0130laslan\" \/>\n<meta name=\"twitter:card\" content=\"summary_large_image\" \/>\n<meta name=\"twitter:label1\" content=\"Yazan:\" \/>\n\t<meta name=\"twitter:data1\" content=\"Zehra \u0130laslan\" \/>\n\t<meta name=\"twitter:label2\" content=\"Tahmini okuma s\u00fcresi\" \/>\n\t<meta name=\"twitter:data2\" content=\"2 dakika\" \/>\n<script type=\"application\/ld+json\" class=\"yoast-schema-graph\">{\"@context\":\"https:\\\/\\\/schema.org\",\"@graph\":[{\"@type\":\"Article\",\"@id\":\"https:\\\/\\\/spontanedigital.com.tr\\\/?p=10019#article\",\"isPartOf\":{\"@id\":\"https:\\\/\\\/spontanedigital.com.tr\\\/?p=10019\"},\"author\":{\"name\":\"Zehra \u0130laslan\",\"@id\":\"https:\\\/\\\/spontanedigital.com.tr\\\/#\\\/schema\\\/person\\\/1c2e4274f4a632f9cdd206f97861d319\"},\"headline\":\"MEB Alan De\u011fi\u015fikli\u011fi Sonu\u00e7lar\u0131 \u0130\u00e7in Geri Say\u0131m: 2026 Atama Takvimi Belli Oldu mu?\",\"datePublished\":\"2026-04-26T16:43:54+00:00\",\"dateModified\":\"2026-04-26T16:43:59+00:00\",\"mainEntityOfPage\":{\"@id\":\"https:\\\/\\\/spontanedigital.com.tr\\\/?p=10019\"},\"wordCount\":245,\"commentCount\":0,\"publisher\":{\"@id\":\"https:\\\/\\\/spontanedigital.com.tr\\\/#organization\"},\"image\":{\"@id\":\"https:\\\/\\\/spontanedigital.com.tr\\\/?p=10019#primaryimage\"},\"thumbnailUrl\":\"https:\\\/\\\/spontanedigital.com.tr\\\/wp-content\\\/uploads\\\/2026\\\/04\\\/gpppgpg.jpg\",\"keywords\":[\"alan de\u011fi\u015fikli\u011fi\",\"meb atama\",\"MEBB\u0130S\",\"\u00d6\u011fretmen Atama Sonu\u00e7lar\u0131\",\"\u00f6\u011fretmen yer de\u011fi\u015fikli\u011fi\",\"personel meb\"],\"articleSection\":[\"E\u011fitim\"],\"inLanguage\":\"tr\",\"potentialAction\":[{\"@type\":\"CommentAction\",\"name\":\"Comment\",\"target\":[\"https:\\\/\\\/spontanedigital.com.tr\\\/?p=10019#respond\"]}]},{\"@type\":\"WebPage\",\"@id\":\"https:\\\/\\\/spontanedigital.com.tr\\\/?p=10019\",\"url\":\"https:\\\/\\\/spontanedigital.com.tr\\\/?p=10019\",\"name\":\"MEB Alan De\u011fi\u015fikli\u011fi Sonu\u00e7lar\u0131 \u0130\u00e7in Geri Say\u0131m: 2026 Atama Takvimi Belli Oldu mu? &#8211; Spontane Digital\",\"isPartOf\":{\"@id\":\"https:\\\/\\\/spontanedigital.com.tr\\\/#website\"},\"primaryImageOfPage\":{\"@id\":\"https:\\\/\\\/spontanedigital.com.tr\\\/?p=10019#primaryimage\"},\"image\":{\"@id\":\"https:\\\/\\\/spontanedigital.com.tr\\\/?p=10019#primaryimage\"},\"thumbnailUrl\":\"https:\\\/\\\/spontanedigital.com.tr\\\/wp-content\\\/uploads\\\/2026\\\/04\\\/gpppgpg.jpg\",\"datePublished\":\"2026-04-26T16:43:54+00:00\",\"dateModified\":\"2026-04-26T16:43:59+00:00\",\"breadcrumb\":{\"@id\":\"https:\\\/\\\/spontanedigital.com.tr\\\/?p=10019#breadcrumb\"},\"inLanguage\":\"tr\",\"potentialAction\":[{\"@type\":\"ReadAction\",\"target\":[\"https:\\\/\\\/spontanedigital.com.tr\\\/?p=10019\"]}]},{\"@type\":\"ImageObject\",\"inLanguage\":\"tr\",\"@id\":\"https:\\\/\\\/spontanedigital.com.tr\\\/?p=10019#primaryimage\",\"url\":\"https:\\\/\\\/spontanedigital.com.tr\\\/wp-content\\\/uploads\\\/2026\\\/04\\\/gpppgpg.jpg\",\"contentUrl\":\"https:\\\/\\\/spontanedigital.com.tr\\\/wp-content\\\/uploads\\\/2026\\\/04\\\/gpppgpg.jpg\",\"width\":1280,\"height\":640},{\"@type\":\"BreadcrumbList\",\"@id\":\"https:\\\/\\\/spontanedigital.com.tr\\\/?p=10019#breadcrumb\",\"itemListElement\":[{\"@type\":\"ListItem\",\"position\":1,\"name\":\"Anasayfa\",\"item\":\"https:\\\/\\\/spontanedigital.com.tr\\\/\"},{\"@type\":\"ListItem\",\"position\":2,\"name\":\"MEB Alan De\u011fi\u015fikli\u011fi Sonu\u00e7lar\u0131 \u0130\u00e7in Geri Say\u0131m: 2026 Atama Takvimi Belli Oldu mu?\"}]},{\"@type\":\"WebSite\",\"@id\":\"https:\\\/\\\/spontanedigital.com.tr\\\/#website\",\"url\":\"https:\\\/\\\/spontanedigital.com.tr\\\/\",\"name\":\"Spontane Digital\",\"description\":\"Dijitalde Spontanite\",\"publisher\":{\"@id\":\"https:\\\/\\\/spontanedigital.com.tr\\\/#organization\"},\"potentialAction\":[{\"@type\":\"SearchAction\",\"target\":{\"@type\":\"EntryPoint\",\"urlTemplate\":\"https:\\\/\\\/spontanedigital.com.tr\\\/?s={search_term_string}\"},\"query-input\":{\"@type\":\"PropertyValueSpecification\",\"valueRequired\":true,\"valueName\":\"search_term_string\"}}],\"inLanguage\":\"tr\"},{\"@type\":\"Organization\",\"@id\":\"https:\\\/\\\/spontanedigital.com.tr\\\/#organization\",\"name\":\"Spontane Digital\",\"url\":\"https:\\\/\\\/spontanedigital.com.tr\\\/\",\"logo\":{\"@type\":\"ImageObject\",\"inLanguage\":\"tr\",\"@id\":\"https:\\\/\\\/spontanedigital.com.tr\\\/#\\\/schema\\\/logo\\\/image\\\/\",\"url\":\"https:\\\/\\\/spontanedigital.com.tr\\\/wp-content\\\/uploads\\\/2026\\\/02\\\/Spontane-Beyaz-1.png\",\"contentUrl\":\"https:\\\/\\\/spontanedigital.com.tr\\\/wp-content\\\/uploads\\\/2026\\\/02\\\/Spontane-Beyaz-1.png\",\"width\":1772,\"height\":900,\"caption\":\"Spontane Digital\"},\"image\":{\"@id\":\"https:\\\/\\\/spontanedigital.com.tr\\\/#\\\/schema\\\/logo\\\/image\\\/\"}},{\"@type\":\"Person\",\"@id\":\"https:\\\/\\\/spontanedigital.com.tr\\\/#\\\/schema\\\/person\\\/1c2e4274f4a632f9cdd206f97861d319\",\"name\":\"Zehra \u0130laslan\",\"image\":{\"@type\":\"ImageObject\",\"inLanguage\":\"tr\",\"@id\":\"https:\\\/\\\/spontanedigital.com.tr\\\/wp-content\\\/uploads\\\/2026\\\/02\\\/WhatsApp-Image-2026-02-27-at-13.44.33-150x150.jpeg\",\"url\":\"https:\\\/\\\/spontanedigital.com.tr\\\/wp-content\\\/uploads\\\/2026\\\/02\\\/WhatsApp-Image-2026-02-27-at-13.44.33-150x150.jpeg\",\"contentUrl\":\"https:\\\/\\\/spontanedigital.com.tr\\\/wp-content\\\/uploads\\\/2026\\\/02\\\/WhatsApp-Image-2026-02-27-at-13.44.33-150x150.jpeg\",\"caption\":\"Zehra \u0130laslan\"},\"description\":\"K\u00fcresel geli\u015fmeleri ve e\u011fitim d\u00fcnyas\u0131ndaki de\u011fi\u015fimleri oda\u011f\u0131na alan Zehra, ufuk a\u00e7an geli\u015fmeleri ve d\u00fcnyadan \u00f6nemli haberleri okuyucular\u0131m\u0131za ula\u015ft\u0131r\u0131yor.\",\"url\":\"https:\\\/\\\/spontanedigital.com.tr\\\/?author=4\"}]}<\/script>\n<!-- \/ Yoast SEO plugin. -->","yoast_head_json":{"title":"MEB Alan De\u011fi\u015fikli\u011fi Sonu\u00e7lar\u0131 \u0130\u00e7in Geri Say\u0131m: 2026 Atama Takvimi Belli Oldu mu? &#8211; Spontane Digital","robots":{"index":"index","follow":"follow","max-snippet":"max-snippet:-1","max-image-preview":"max-image-preview:large","max-video-preview":"max-video-preview:-1"},"canonical":"https:\/\/spontanedigital.com.tr\/?p=10019","og_locale":"tr_TR","og_type":"article","og_title":"MEB Alan De\u011fi\u015fikli\u011fi Sonu\u00e7lar\u0131 \u0130\u00e7in Geri Say\u0131m: 2026 Atama Takvimi Belli Oldu mu? &#8211; Spontane Digital","og_description":"2026 alan de\u011fi\u015fikli\u011fi atama sonu\u00e7lar\u0131 28 Nisan\u2019da a\u00e7\u0131klanacak. \u00d6\u011fretmenler sonu\u00e7lar\u0131n\u0131 MEB ve personel.meb.gov.tr \u00fczerinden sorgulayabilecek. Milli E\u011fitim Bakanl\u0131\u011f\u0131\u2019n\u0131n (MEB) 2026","og_url":"https:\/\/spontanedigital.com.tr\/?p=10019","og_site_name":"Spontane Digital","article_published_time":"2026-04-26T16:43:54+00:00","article_modified_time":"2026-04-26T16:43:59+00:00","og_image":[{"width":1280,"height":640,"url":"https:\/\/spontanedigital.com.tr\/wp-content\/uploads\/2026\/04\/gpppgpg.jpg","type":"image\/jpeg"}],"author":"Zehra \u0130laslan","twitter_card":"summary_large_image","twitter_misc":{"Yazan:":"Zehra \u0130laslan","Tahmini okuma s\u00fcresi":"2 dakika"},"schema":{"@context":"https:\/\/schema.org","@graph":[{"@type":"Article","@id":"https:\/\/spontanedigital.com.tr\/?p=10019#article","isPartOf":{"@id":"https:\/\/spontanedigital.com.tr\/?p=10019"},"author":{"name":"Zehra \u0130laslan","@id":"https:\/\/spontanedigital.com.tr\/#\/schema\/person\/1c2e4274f4a632f9cdd206f97861d319"},"headline":"MEB Alan De\u011fi\u015fikli\u011fi Sonu\u00e7lar\u0131 \u0130\u00e7in Geri Say\u0131m: 2026 Atama Takvimi Belli Oldu mu?","datePublished":"2026-04-26T16:43:54+00:00","dateModified":"2026-04-26T16:43:59+00:00","mainEntityOfPage":{"@id":"https:\/\/spontanedigital.com.tr\/?p=10019"},"wordCount":245,"commentCount":0,"publisher":{"@id":"https:\/\/spontanedigital.com.tr\/#organization"},"image":{"@id":"https:\/\/spontanedigital.com.tr\/?p=10019#primaryimage"},"thumbnailUrl":"https:\/\/spontanedigital.com.tr\/wp-content\/uploads\/2026\/04\/gpppgpg.jpg","keywords":["alan de\u011fi\u015fikli\u011fi","meb atama","MEBB\u0130S","\u00d6\u011fretmen Atama Sonu\u00e7lar\u0131","\u00f6\u011fretmen yer de\u011fi\u015fikli\u011fi","personel meb"],"articleSection":["E\u011fitim"],"inLanguage":"tr","potentialAction":[{"@type":"CommentAction","name":"Comment","target":["https:\/\/spontanedigital.com.tr\/?p=10019#respond"]}]},{"@type":"WebPage","@id":"https:\/\/spontanedigital.com.tr\/?p=10019","url":"https:\/\/spontanedigital.com.tr\/?p=10019","name":"MEB Alan De\u011fi\u015fikli\u011fi Sonu\u00e7lar\u0131 \u0130\u00e7in Geri Say\u0131m: 2026 Atama Takvimi Belli Oldu mu? &#8211; Spontane Digital","isPartOf":{"@id":"https:\/\/spontanedigital.com.tr\/#website"},"primaryImageOfPage":{"@id":"https:\/\/spontanedigital.com.tr\/?p=10019#primaryimage"},"image":{"@id":"https:\/\/spontanedigital.com.tr\/?p=10019#primaryimage"},"thumbnailUrl":"https:\/\/spontanedigital.com.tr\/wp-content\/uploads\/2026\/04\/gpppgpg.jpg","datePublished":"2026-04-26T16:43:54+00:00","dateModified":"2026-04-26T16:43:59+00:00","breadcrumb":{"@id":"https:\/\/spontanedigital.com.tr\/?p=10019#breadcrumb"},"inLanguage":"tr","potentialAction":[{"@type":"ReadAction","target":["https:\/\/spontanedigital.com.tr\/?p=10019"]}]},{"@type":"ImageObject","inLanguage":"tr","@id":"https:\/\/spontanedigital.com.tr\/?p=10019#primaryimage","url":"https:\/\/spontanedigital.com.tr\/wp-content\/uploads\/2026\/04\/gpppgpg.jpg","contentUrl":"https:\/\/spontanedigital.com.tr\/wp-content\/uploads\/2026\/04\/gpppgpg.jpg","width":1280,"height":640},{"@type":"BreadcrumbList","@id":"https:\/\/spontanedigital.com.tr\/?p=10019#breadcrumb","itemListElement":[{"@type":"ListItem","position":1,"name":"Anasayfa","item":"https:\/\/spontanedigital.com.tr\/"},{"@type":"ListItem","position":2,"name":"MEB Alan De\u011fi\u015fikli\u011fi Sonu\u00e7lar\u0131 \u0130\u00e7in Geri Say\u0131m: 2026 Atama Takvimi Belli Oldu mu?"}]},{"@type":"WebSite","@id":"https:\/\/spontanedigital.com.tr\/#website","url":"https:\/\/spontanedigital.com.tr\/","name":"Spontane Digital","description":"Dijitalde Spontanite","publisher":{"@id":"https:\/\/spontanedigital.com.tr\/#organization"},"potentialAction":[{"@type":"SearchAction","target":{"@type":"EntryPoint","urlTemplate":"https:\/\/spontanedigital.com.tr\/?s={search_term_string}"},"query-input":{"@type":"PropertyValueSpecification","valueRequired":true,"valueName":"search_term_string"}}],"inLanguage":"tr"},{"@type":"Organization","@id":"https:\/\/spontanedigital.com.tr\/#organization","name":"Spontane Digital","url":"https:\/\/spontanedigital.com.tr\/","logo":{"@type":"ImageObject","inLanguage":"tr","@id":"https:\/\/spontanedigital.com.tr\/#\/schema\/logo\/image\/","url":"https:\/\/spontanedigital.com.tr\/wp-content\/uploads\/2026\/02\/Spontane-Beyaz-1.png","contentUrl":"https:\/\/spontanedigital.com.tr\/wp-content\/uploads\/2026\/02\/Spontane-Beyaz-1.png","width":1772,"height":900,"caption":"Spontane Digital"},"image":{"@id":"https:\/\/spontanedigital.com.tr\/#\/schema\/logo\/image\/"}},{"@type":"Person","@id":"https:\/\/spontanedigital.com.tr\/#\/schema\/person\/1c2e4274f4a632f9cdd206f97861d319","name":"Zehra \u0130laslan","image":{"@type":"ImageObject","inLanguage":"tr","@id":"https:\/\/spontanedigital.com.tr\/wp-content\/uploads\/2026\/02\/WhatsApp-Image-2026-02-27-at-13.44.33-150x150.jpeg","url":"https:\/\/spontanedigital.com.tr\/wp-content\/uploads\/2026\/02\/WhatsApp-Image-2026-02-27-at-13.44.33-150x150.jpeg","contentUrl":"https:\/\/spontanedigital.com.tr\/wp-content\/uploads\/2026\/02\/WhatsApp-Image-2026-02-27-at-13.44.33-150x150.jpeg","caption":"Zehra \u0130laslan"},"description":"K\u00fcresel geli\u015fmeleri ve e\u011fitim d\u00fcnyas\u0131ndaki de\u011fi\u015fimleri oda\u011f\u0131na alan Zehra, ufuk a\u00e7an geli\u015fmeleri ve d\u00fcnyadan \u00f6nemli haberleri okuyucular\u0131m\u0131za ula\u015ft\u0131r\u0131yor.","url":"https:\/\/spontanedigital.com.tr\/?author=4"}]}},"featured_image_urls":{"full":["https:\/\/spontanedigital.com.tr\/wp-content\/uploads\/2026\/04\/gpppgpg.jpg",1280,640,false],"thumbnail":["https:\/\/spontanedigital.com.tr\/wp-content\/uploads\/2026\/04\/gpppgpg-150x150.jpg",150,150,true],"medium":["https:\/\/spontanedigital.com.tr\/wp-content\/uploads\/2026\/04\/gpppgpg-300x150.jpg",300,150,true],"medium_large":["https:\/\/spontanedigital.com.tr\/wp-content\/uploads\/2026\/04\/gpppgpg-768x384.jpg",768,384,true],"large":["https:\/\/spontanedigital.com.tr\/wp-content\/uploads\/2026\/04\/gpppgpg-1024x512.jpg",800,400,true],"1536x1536":["https:\/\/spontanedigital.com.tr\/wp-content\/uploads\/2026\/04\/gpppgpg.jpg",1280,640,false],"2048x2048":["https:\/\/spontanedigital.com.tr\/wp-content\/uploads\/2026\/04\/gpppgpg.jpg",1280,640,false],"ultp_layout_landscape_large":["https:\/\/spontanedigital.com.tr\/wp-content\/uploads\/2026\/04\/gpppgpg-1200x640.jpg",1200,640,true],"ultp_layout_landscape":["https:\/\/spontanedigital.com.tr\/wp-content\/uploads\/2026\/04\/gpppgpg-870x570.jpg",870,570,true],"ultp_layout_portrait":["https:\/\/spontanedigital.com.tr\/wp-content\/uploads\/2026\/04\/gpppgpg-600x640.jpg",600,640,true],"ultp_layout_square":["https:\/\/spontanedigital.com.tr\/wp-content\/uploads\/2026\/04\/gpppgpg-600x600.jpg",600,600,true],"colormag-highlighted-post":["https:\/\/spontanedigital.com.tr\/wp-content\/uploads\/2026\/04\/gpppgpg-392x272.jpg",392,272,true],"colormag-featured-post-medium":["https:\/\/spontanedigital.com.tr\/wp-content\/uploads\/2026\/04\/gpppgpg-390x205.jpg",390,205,true],"colormag-featured-post-small":["https:\/\/spontanedigital.com.tr\/wp-content\/uploads\/2026\/04\/gpppgpg-130x90.jpg",130,90,true],"colormag-featured-image":["https:\/\/spontanedigital.com.tr\/wp-content\/uploads\/2026\/04\/gpppgpg-800x445.jpg",800,445,true],"colormag-default-news":["https:\/\/spontanedigital.com.tr\/wp-content\/uploads\/2026\/04\/gpppgpg-150x150.jpg",150,150,true],"colormag-featured-image-large":["https:\/\/spontanedigital.com.tr\/wp-content\/uploads\/2026\/04\/gpppgpg-1280x600.jpg",1280,600,true]},"author_info":{"info":["Zehra \u0130laslan"]},"category_info":"<a href=\"https:\/\/spontanedigital.com.tr\/?cat=5\" rel=\"category\">E\u011fitim<\/a> <a href=\"https:\/\/spontanedigital.com.tr\/?cat=1\" rel=\"category\">Genel<\/a>","tag_info":"Genel","comment_count":"0","jetpack_featured_media_url":"https:\/\/spontanedigital.com.tr\/wp-content\/uploads\/2026\/04\/gpppgpg.jpg","jetpack_sharing_enabled":true,"_links":{"self":[{"href":"https:\/\/spontanedigital.com.tr\/index.php?rest_route=\/wp\/v2\/posts\/10019","targetHints":{"allow":["GET"]}}],"collection":[{"href":"https:\/\/spontanedigital.com.tr\/index.php?rest_route=\/wp\/v2\/posts"}],"about":[{"href":"https:\/\/spontanedigital.com.tr\/index.php?rest_route=\/wp\/v2\/types\/post"}],"author":[{"embeddable":true,"href":"https:\/\/spontanedigital.com.tr\/index.php?rest_route=\/wp\/v2\/users\/4"}],"replies":[{"embeddable":true,"href":"https:\/\/spontanedigital.com.tr\/index.php?rest_route=%2Fwp%2Fv2%2Fcomments&post=10019"}],"version-history":[{"count":1,"href":"https:\/\/spontanedigital.com.tr\/index.php?rest_route=\/wp\/v2\/posts\/10019\/revisions"}],"predecessor-version":[{"id":10021,"href":"https:\/\/spontanedigital.com.tr\/index.php?rest_route=\/wp\/v2\/posts\/10019\/revisions\/10021"}],"wp:featuredmedia":[{"embeddable":true,"href":"https:\/\/spontanedigital.com.tr\/index.php?rest_route=\/wp\/v2\/media\/10020"}],"wp:attachment":[{"href":"https:\/\/spontanedigital.com.tr\/index.php?rest_route=%2Fwp%2Fv2%2Fmedia&parent=10019"}],"wp:term":[{"taxonomy":"category","embeddable":true,"href":"https:\/\/spontanedigital.com.tr\/index.php?rest_route=%2Fwp%2Fv2%2Fcategories&post=10019"},{"taxonomy":"post_tag","embeddable":true,"href":"https:\/\/spontanedigital.com.tr\/index.php?rest_route=%2Fwp%2Fv2%2Ftags&post=10019"}],"curies":[{"name":"wp","href":"https:\/\/api.w.org\/{rel}","templated":true}]}}