{"id":10027,"date":"2026-04-26T19:52:08","date_gmt":"2026-04-26T16:52:08","guid":{"rendered":"https:\/\/spontanedigital.com.tr\/?p=10027"},"modified":"2026-04-26T19:52:14","modified_gmt":"2026-04-26T16:52:14","slug":"mebin-yeni-bakan-yardimcisi-cihad-demirli-hakkinda-bilgiler","status":"publish","type":"post","link":"https:\/\/spontanedigital.com.tr\/?p=10027","title":{"rendered":"MEB\u2019in Yeni Bakan Yard\u0131mc\u0131s\u0131 Cihad Demirli Hakk\u0131nda Bilgiler"},"content":{"rendered":"\n<p>Cihad Demirli\u2019nin hayat\u0131, akademik e\u011fitimi ve kariyer ge\u00e7mi\u015fi, Milli E\u011fitim Bakanl\u0131\u011f\u0131 Bakan Yard\u0131mc\u0131l\u0131\u011f\u0131 g\u00f6revine atanmas\u0131n\u0131n ard\u0131ndan merak konusu oldu. E\u011fitim alan\u0131ndaki \u00e7al\u0131\u015fmalar\u0131 ve akademik birikimiyle \u00f6ne \u00e7\u0131kan Demirli\u2019nin kariyerine dair detaylar haberimizde yer al\u0131yor.<br><br>25 Nisan 2026 tarihli Resm\u00ee Gazete\u2019de yay\u0131mlanan atama karar\u0131yla&nbsp;<strong>Prof. Dr. Cihad Demirli<\/strong>, Mill\u00ee E\u011fitim Bakan Yard\u0131mc\u0131s\u0131 olarak g\u00f6revlendirildi. E\u011fitim teknolojileri ve program geli\u015ftirme alan\u0131ndaki \u00e7al\u0131\u015fmalar\u0131yla tan\u0131nan Demirli\u2019nin akademik ve b\u00fcrokratik ge\u00e7mi\u015fi dikkat \u00e7ekiyor.<\/p>\n\n\n\n<h3 class=\"wp-block-heading\">E\u011fitim hayat\u0131<\/h3>\n\n\n\n<p>1978 y\u0131l\u0131nda Sivas\u2019ta do\u011fan Cihad Demirli, ilk ve orta\u00f6\u011frenimini Hatay\u2019da tamamlad\u0131.<\/p>\n\n\n\n<ul class=\"wp-block-list\">\n<li>2000: F\u0131rat \u00dcniversitesi Bilgisayar \u00d6\u011fretmenli\u011fi mezunu<\/li>\n\n\n\n<li>2003: E\u011fitim Teknolojileri alan\u0131nda y\u00fcksek lisans<\/li>\n\n\n\n<li>2007: E\u011fitim Bilimleri alan\u0131nda doktora<\/li>\n<\/ul>\n\n\n\n<p>Ayr\u0131ca:<\/p>\n\n\n\n<ul class=\"wp-block-list\">\n<li>Anadolu \u00dcniversitesi Sosyoloji (ikinci lisans)<\/li>\n\n\n\n<li>\u0130stanbul Ticaret \u00dcniversitesi Uygulamal\u0131 Psikoloji (y\u00fcksek lisans)<\/li>\n<\/ul>\n\n\n\n<h3 class=\"wp-block-heading\">Akademik kariyeri<\/h3>\n\n\n\n<ul class=\"wp-block-list\">\n<li>2007-2010: F\u0131rat \u00dcniversitesi\u2019nde \u00f6\u011fretim \u00fcyeli\u011fi<\/li>\n\n\n\n<li>2010: \u0130stanbul Ticaret \u00dcniversitesi\u2019nde g\u00f6reve ba\u015flad\u0131<\/li>\n\n\n\n<li>2014: Do\u00e7ent unvan\u0131 ald\u0131<\/li>\n\n\n\n<li>2020: Profes\u00f6r olarak atand\u0131<\/li>\n<\/ul>\n\n\n\n<p>Akademik hayat\u0131 boyunca e\u011fitim teknolojileri, e-\u00f6\u011frenme, uzaktan e\u011fitim ve yapay zek\u00e2 destekli e\u011fitim sistemleri \u00fczerine \u00e7ok say\u0131da \u00e7al\u0131\u015fma yapt\u0131.<\/p>\n\n\n\n<h3 class=\"wp-block-heading\">\u0130dari ve kurumsal g\u00f6revleri<\/h3>\n\n\n\n<p>Demirli, akademinin yan\u0131 s\u0131ra bir\u00e7ok \u00f6nemli g\u00f6revde bulundu:<\/p>\n\n\n\n<ul class=\"wp-block-list\">\n<li>\u0130stanbul Ticaret \u00dcniversitesi\u2019nde b\u00f6l\u00fcm ba\u015fkanl\u0131\u011f\u0131<\/li>\n\n\n\n<li>S\u00fcrekli E\u011fitim, Uzaktan E\u011fitim ve TOEFL merkezlerinde y\u00f6neticilik<\/li>\n\n\n\n<li>T\u00dcB\u0130TAK B\u0130DEB y\u00fcr\u00fctme kurulu \u00fcyeli\u011fi<\/li>\n\n\n\n<li>T\u00fcrkiye Maarif Vakf\u0131 M\u00fctevelli Heyeti \u00fcyeli\u011fi<\/li>\n<\/ul>\n\n\n\n<h3 class=\"wp-block-heading\">MEB\u2019deki g\u00f6revleri<\/h3>\n\n\n\n<ul class=\"wp-block-list\">\n<li>2021: Talim ve Terbiye Kurulu Ba\u015fkan\u0131 olarak atand\u0131<\/li>\n\n\n\n<li>2025: Ayn\u0131 g\u00f6reve yeniden getirildi<\/li>\n\n\n\n<li>2026: Mill\u00ee E\u011fitim Bakan Yard\u0131mc\u0131s\u0131 oldu<\/li>\n<\/ul>\n\n\n\n<h3 class=\"wp-block-heading\">Akademik \u00e7al\u0131\u015fmalar\u0131<\/h3>\n\n\n\n<p>Prof. Dr. Demirli; e\u011fitim programlar\u0131, e-portfolyo sistemleri, uzaktan e\u011fitim tasar\u0131m\u0131 ve yapay zek\u00e2 destekli \u00f6\u011frenme alanlar\u0131nda kitaplar, makaleler ve projeler y\u00fcr\u00fctt\u00fc. Ulusal ve uluslararas\u0131 bir\u00e7ok projede y\u00f6netici ve dan\u0131\u015fman olarak g\u00f6rev ald\u0131.<\/p>\n\n\n\n<h3 class=\"wp-block-heading\">Ki\u015fisel bilgiler<\/h3>\n\n\n\n<p>Evli ve iki \u00e7ocuk babas\u0131d\u0131r.<\/p>\n\n\n\n<blockquote class=\"wp-block-quote is-layout-flow wp-block-quote-is-layout-flow\">\n<p>Karde\u015f Haber: <a href=\"https:\/\/checkinhaber.com\/2026\/04\/25\/mebin-yeni-bakan-yardimcisi-cihad-demirli-hakkinda-bilgiler\/\" type=\"link\" id=\"https:\/\/checkinhaber.com\/2026\/04\/25\/mebin-yeni-bakan-yardimcisi-cihad-demirli-hakkinda-bilgiler\/\">checkinhaber<\/a><\/p>\n<\/blockquote>\n\n\n\n<p>D\u00fczenlenme Tarihi: 26.04.2026,19:51<\/p>\n","protected":false},"excerpt":{"rendered":"<p>Cihad Demirli\u2019nin hayat\u0131, akademik e\u011fitimi ve kariyer ge\u00e7mi\u015fi, Milli E\u011fitim Bakanl\u0131\u011f\u0131 Bakan Yard\u0131mc\u0131l\u0131\u011f\u0131 g\u00f6revine atanmas\u0131n\u0131n ard\u0131ndan merak konusu oldu. E\u011fitim<\/p>\n","protected":false},"author":4,"featured_media":10030,"comment_status":"open","ping_status":"open","sticky":false,"template":"","format":"standard","meta":{"colormag_page_container_layout":"default_layout","colormag_page_sidebar_layout":"default_layout","_jetpack_memberships_contains_paid_content":false,"footnotes":""},"categories":[5,1],"tags":[],"class_list":["post-10027","post","type-post","status-publish","format-standard","has-post-thumbnail","hentry","category-egitim","category-genel"],"magazineBlocksPostFeaturedMedia":{"thumbnail":"https:\/\/spontanedigital.com.tr\/wp-content\/uploads\/2026\/04\/gug-150x150.webp","medium":"https:\/\/spontanedigital.com.tr\/wp-content\/uploads\/2026\/04\/gug-300x150.webp","medium_large":"https:\/\/spontanedigital.com.tr\/wp-content\/uploads\/2026\/04\/gug-768x384.webp","large":"https:\/\/spontanedigital.com.tr\/wp-content\/uploads\/2026\/04\/gug.webp","1536x1536":"https:\/\/spontanedigital.com.tr\/wp-content\/uploads\/2026\/04\/gug.webp","2048x2048":"https:\/\/spontanedigital.com.tr\/wp-content\/uploads\/2026\/04\/gug.webp","ultp_layout_landscape_large":"https:\/\/spontanedigital.com.tr\/wp-content\/uploads\/2026\/04\/gug.webp","ultp_layout_landscape":"https:\/\/spontanedigital.com.tr\/wp-content\/uploads\/2026\/04\/gug.webp","ultp_layout_portrait":"https:\/\/spontanedigital.com.tr\/wp-content\/uploads\/2026\/04\/gug-600x408.webp","ultp_layout_square":"https:\/\/spontanedigital.com.tr\/wp-content\/uploads\/2026\/04\/gug-600x408.webp","colormag-highlighted-post":"https:\/\/spontanedigital.com.tr\/wp-content\/uploads\/2026\/04\/gug-392x272.webp","colormag-featured-post-medium":"https:\/\/spontanedigital.com.tr\/wp-content\/uploads\/2026\/04\/gug-390x205.webp","colormag-featured-post-small":"https:\/\/spontanedigital.com.tr\/wp-content\/uploads\/2026\/04\/gug-130x90.webp","colormag-featured-image":"https:\/\/spontanedigital.com.tr\/wp-content\/uploads\/2026\/04\/gug-800x408.webp","colormag-default-news":"https:\/\/spontanedigital.com.tr\/wp-content\/uploads\/2026\/04\/gug-150x150.webp","colormag-featured-image-large":"https:\/\/spontanedigital.com.tr\/wp-content\/uploads\/2026\/04\/gug.webp"},"magazineBlocksPostAuthor":{"name":"Zehra \u0130laslan","avatar":"https:\/\/spontanedigital.com.tr\/wp-content\/uploads\/2026\/02\/WhatsApp-Image-2026-02-27-at-13.44.33-150x150.jpeg"},"magazineBlocksPostCommentsNumber":"0","magazineBlocksPostExcerpt":"Cihad Demirli\u2019nin hayat\u0131, akademik e\u011fitimi ve kariyer ge\u00e7mi\u015fi, Milli E\u011fitim Bakanl\u0131\u011f\u0131 Bakan Yard\u0131mc\u0131l\u0131\u011f\u0131 g\u00f6revine atanmas\u0131n\u0131n ard\u0131ndan merak konusu oldu. E\u011fitim","magazineBlocksPostCategories":["E\u011fitim","Genel"],"magazineBlocksPostViewCount":10,"magazineBlocksPostReadTime":2,"magazine_blocks_featured_image_url":{"full":["https:\/\/spontanedigital.com.tr\/wp-content\/uploads\/2026\/04\/gug.webp",816,408,false],"medium":["https:\/\/spontanedigital.com.tr\/wp-content\/uploads\/2026\/04\/gug-300x150.webp",300,150,true],"thumbnail":["https:\/\/spontanedigital.com.tr\/wp-content\/uploads\/2026\/04\/gug-150x150.webp",150,150,true]},"magazine_blocks_author":{"display_name":"Zehra \u0130laslan","author_link":"https:\/\/spontanedigital.com.tr\/?author=4"},"magazine_blocks_comment":0,"magazine_blocks_author_image":"https:\/\/spontanedigital.com.tr\/wp-content\/uploads\/2026\/02\/WhatsApp-Image-2026-02-27-at-13.44.33-150x150.jpeg","magazine_blocks_category":"<a href=\"#\" class=\"category-link category-link-5\">E\u011fitim<\/a> <a href=\"#\" class=\"category-link category-link-1\">Genel<\/a>","yoast_head":"<!-- This site is optimized with the Yoast SEO plugin v27.4 - https:\/\/yoast.com\/product\/yoast-seo-wordpress\/ -->\n<title>MEB\u2019in Yeni Bakan Yard\u0131mc\u0131s\u0131 Cihad Demirli Hakk\u0131nda Bilgiler &#8211; Spontane Digital<\/title>\n<meta name=\"robots\" content=\"index, follow, max-snippet:-1, max-image-preview:large, max-video-preview:-1\" \/>\n<link rel=\"canonical\" href=\"https:\/\/spontanedigital.com.tr\/?p=10027\" \/>\n<meta property=\"og:locale\" content=\"tr_TR\" \/>\n<meta property=\"og:type\" content=\"article\" \/>\n<meta property=\"og:title\" content=\"MEB\u2019in Yeni Bakan Yard\u0131mc\u0131s\u0131 Cihad Demirli Hakk\u0131nda Bilgiler &#8211; Spontane Digital\" \/>\n<meta property=\"og:description\" content=\"Cihad Demirli\u2019nin hayat\u0131, akademik e\u011fitimi ve kariyer ge\u00e7mi\u015fi, Milli E\u011fitim Bakanl\u0131\u011f\u0131 Bakan Yard\u0131mc\u0131l\u0131\u011f\u0131 g\u00f6revine atanmas\u0131n\u0131n ard\u0131ndan merak konusu oldu. E\u011fitim\" \/>\n<meta property=\"og:url\" content=\"https:\/\/spontanedigital.com.tr\/?p=10027\" \/>\n<meta property=\"og:site_name\" content=\"Spontane Digital\" \/>\n<meta property=\"article:published_time\" content=\"2026-04-26T16:52:08+00:00\" \/>\n<meta property=\"article:modified_time\" content=\"2026-04-26T16:52:14+00:00\" \/>\n<meta property=\"og:image\" content=\"https:\/\/spontanedigital.com.tr\/wp-content\/uploads\/2026\/04\/gug.webp\" \/>\n\t<meta property=\"og:image:width\" content=\"816\" \/>\n\t<meta property=\"og:image:height\" content=\"408\" \/>\n\t<meta property=\"og:image:type\" content=\"image\/webp\" \/>\n<meta name=\"author\" content=\"Zehra \u0130laslan\" \/>\n<meta name=\"twitter:card\" content=\"summary_large_image\" \/>\n<meta name=\"twitter:label1\" content=\"Yazan:\" \/>\n\t<meta name=\"twitter:data1\" content=\"Zehra \u0130laslan\" \/>\n\t<meta name=\"twitter:label2\" content=\"Tahmini okuma s\u00fcresi\" \/>\n\t<meta name=\"twitter:data2\" content=\"2 dakika\" \/>\n<script type=\"application\/ld+json\" class=\"yoast-schema-graph\">{\"@context\":\"https:\\\/\\\/schema.org\",\"@graph\":[{\"@type\":\"Article\",\"@id\":\"https:\\\/\\\/spontanedigital.com.tr\\\/?p=10027#article\",\"isPartOf\":{\"@id\":\"https:\\\/\\\/spontanedigital.com.tr\\\/?p=10027\"},\"author\":{\"name\":\"Zehra \u0130laslan\",\"@id\":\"https:\\\/\\\/spontanedigital.com.tr\\\/#\\\/schema\\\/person\\\/1c2e4274f4a632f9cdd206f97861d319\"},\"headline\":\"MEB\u2019in Yeni Bakan Yard\u0131mc\u0131s\u0131 Cihad Demirli Hakk\u0131nda Bilgiler\",\"datePublished\":\"2026-04-26T16:52:08+00:00\",\"dateModified\":\"2026-04-26T16:52:14+00:00\",\"mainEntityOfPage\":{\"@id\":\"https:\\\/\\\/spontanedigital.com.tr\\\/?p=10027\"},\"wordCount\":361,\"commentCount\":0,\"publisher\":{\"@id\":\"https:\\\/\\\/spontanedigital.com.tr\\\/#organization\"},\"image\":{\"@id\":\"https:\\\/\\\/spontanedigital.com.tr\\\/?p=10027#primaryimage\"},\"thumbnailUrl\":\"https:\\\/\\\/spontanedigital.com.tr\\\/wp-content\\\/uploads\\\/2026\\\/04\\\/gug.webp\",\"articleSection\":[\"E\u011fitim\"],\"inLanguage\":\"tr\",\"potentialAction\":[{\"@type\":\"CommentAction\",\"name\":\"Comment\",\"target\":[\"https:\\\/\\\/spontanedigital.com.tr\\\/?p=10027#respond\"]}]},{\"@type\":\"WebPage\",\"@id\":\"https:\\\/\\\/spontanedigital.com.tr\\\/?p=10027\",\"url\":\"https:\\\/\\\/spontanedigital.com.tr\\\/?p=10027\",\"name\":\"MEB\u2019in Yeni Bakan Yard\u0131mc\u0131s\u0131 Cihad Demirli Hakk\u0131nda Bilgiler &#8211; Spontane Digital\",\"isPartOf\":{\"@id\":\"https:\\\/\\\/spontanedigital.com.tr\\\/#website\"},\"primaryImageOfPage\":{\"@id\":\"https:\\\/\\\/spontanedigital.com.tr\\\/?p=10027#primaryimage\"},\"image\":{\"@id\":\"https:\\\/\\\/spontanedigital.com.tr\\\/?p=10027#primaryimage\"},\"thumbnailUrl\":\"https:\\\/\\\/spontanedigital.com.tr\\\/wp-content\\\/uploads\\\/2026\\\/04\\\/gug.webp\",\"datePublished\":\"2026-04-26T16:52:08+00:00\",\"dateModified\":\"2026-04-26T16:52:14+00:00\",\"breadcrumb\":{\"@id\":\"https:\\\/\\\/spontanedigital.com.tr\\\/?p=10027#breadcrumb\"},\"inLanguage\":\"tr\",\"potentialAction\":[{\"@type\":\"ReadAction\",\"target\":[\"https:\\\/\\\/spontanedigital.com.tr\\\/?p=10027\"]}]},{\"@type\":\"ImageObject\",\"inLanguage\":\"tr\",\"@id\":\"https:\\\/\\\/spontanedigital.com.tr\\\/?p=10027#primaryimage\",\"url\":\"https:\\\/\\\/spontanedigital.com.tr\\\/wp-content\\\/uploads\\\/2026\\\/04\\\/gug.webp\",\"contentUrl\":\"https:\\\/\\\/spontanedigital.com.tr\\\/wp-content\\\/uploads\\\/2026\\\/04\\\/gug.webp\",\"width\":816,\"height\":408},{\"@type\":\"BreadcrumbList\",\"@id\":\"https:\\\/\\\/spontanedigital.com.tr\\\/?p=10027#breadcrumb\",\"itemListElement\":[{\"@type\":\"ListItem\",\"position\":1,\"name\":\"Anasayfa\",\"item\":\"https:\\\/\\\/spontanedigital.com.tr\\\/\"},{\"@type\":\"ListItem\",\"position\":2,\"name\":\"MEB\u2019in Yeni Bakan Yard\u0131mc\u0131s\u0131 Cihad Demirli Hakk\u0131nda Bilgiler\"}]},{\"@type\":\"WebSite\",\"@id\":\"https:\\\/\\\/spontanedigital.com.tr\\\/#website\",\"url\":\"https:\\\/\\\/spontanedigital.com.tr\\\/\",\"name\":\"Spontane Digital\",\"description\":\"Dijitalde Spontanite\",\"publisher\":{\"@id\":\"https:\\\/\\\/spontanedigital.com.tr\\\/#organization\"},\"potentialAction\":[{\"@type\":\"SearchAction\",\"target\":{\"@type\":\"EntryPoint\",\"urlTemplate\":\"https:\\\/\\\/spontanedigital.com.tr\\\/?s={search_term_string}\"},\"query-input\":{\"@type\":\"PropertyValueSpecification\",\"valueRequired\":true,\"valueName\":\"search_term_string\"}}],\"inLanguage\":\"tr\"},{\"@type\":\"Organization\",\"@id\":\"https:\\\/\\\/spontanedigital.com.tr\\\/#organization\",\"name\":\"Spontane Digital\",\"url\":\"https:\\\/\\\/spontanedigital.com.tr\\\/\",\"logo\":{\"@type\":\"ImageObject\",\"inLanguage\":\"tr\",\"@id\":\"https:\\\/\\\/spontanedigital.com.tr\\\/#\\\/schema\\\/logo\\\/image\\\/\",\"url\":\"https:\\\/\\\/spontanedigital.com.tr\\\/wp-content\\\/uploads\\\/2026\\\/02\\\/Spontane-Beyaz-1.png\",\"contentUrl\":\"https:\\\/\\\/spontanedigital.com.tr\\\/wp-content\\\/uploads\\\/2026\\\/02\\\/Spontane-Beyaz-1.png\",\"width\":1772,\"height\":900,\"caption\":\"Spontane Digital\"},\"image\":{\"@id\":\"https:\\\/\\\/spontanedigital.com.tr\\\/#\\\/schema\\\/logo\\\/image\\\/\"}},{\"@type\":\"Person\",\"@id\":\"https:\\\/\\\/spontanedigital.com.tr\\\/#\\\/schema\\\/person\\\/1c2e4274f4a632f9cdd206f97861d319\",\"name\":\"Zehra \u0130laslan\",\"image\":{\"@type\":\"ImageObject\",\"inLanguage\":\"tr\",\"@id\":\"https:\\\/\\\/spontanedigital.com.tr\\\/wp-content\\\/uploads\\\/2026\\\/02\\\/WhatsApp-Image-2026-02-27-at-13.44.33-150x150.jpeg\",\"url\":\"https:\\\/\\\/spontanedigital.com.tr\\\/wp-content\\\/uploads\\\/2026\\\/02\\\/WhatsApp-Image-2026-02-27-at-13.44.33-150x150.jpeg\",\"contentUrl\":\"https:\\\/\\\/spontanedigital.com.tr\\\/wp-content\\\/uploads\\\/2026\\\/02\\\/WhatsApp-Image-2026-02-27-at-13.44.33-150x150.jpeg\",\"caption\":\"Zehra \u0130laslan\"},\"description\":\"K\u00fcresel geli\u015fmeleri ve e\u011fitim d\u00fcnyas\u0131ndaki de\u011fi\u015fimleri oda\u011f\u0131na alan Zehra, ufuk a\u00e7an geli\u015fmeleri ve d\u00fcnyadan \u00f6nemli haberleri okuyucular\u0131m\u0131za ula\u015ft\u0131r\u0131yor.\",\"url\":\"https:\\\/\\\/spontanedigital.com.tr\\\/?author=4\"}]}<\/script>\n<!-- \/ Yoast SEO plugin. -->","yoast_head_json":{"title":"MEB\u2019in Yeni Bakan Yard\u0131mc\u0131s\u0131 Cihad Demirli Hakk\u0131nda Bilgiler &#8211; Spontane Digital","robots":{"index":"index","follow":"follow","max-snippet":"max-snippet:-1","max-image-preview":"max-image-preview:large","max-video-preview":"max-video-preview:-1"},"canonical":"https:\/\/spontanedigital.com.tr\/?p=10027","og_locale":"tr_TR","og_type":"article","og_title":"MEB\u2019in Yeni Bakan Yard\u0131mc\u0131s\u0131 Cihad Demirli Hakk\u0131nda Bilgiler &#8211; Spontane Digital","og_description":"Cihad Demirli\u2019nin hayat\u0131, akademik e\u011fitimi ve kariyer ge\u00e7mi\u015fi, Milli E\u011fitim Bakanl\u0131\u011f\u0131 Bakan Yard\u0131mc\u0131l\u0131\u011f\u0131 g\u00f6revine atanmas\u0131n\u0131n ard\u0131ndan merak konusu oldu. E\u011fitim","og_url":"https:\/\/spontanedigital.com.tr\/?p=10027","og_site_name":"Spontane Digital","article_published_time":"2026-04-26T16:52:08+00:00","article_modified_time":"2026-04-26T16:52:14+00:00","og_image":[{"width":816,"height":408,"url":"https:\/\/spontanedigital.com.tr\/wp-content\/uploads\/2026\/04\/gug.webp","type":"image\/webp"}],"author":"Zehra \u0130laslan","twitter_card":"summary_large_image","twitter_misc":{"Yazan:":"Zehra \u0130laslan","Tahmini okuma s\u00fcresi":"2 dakika"},"schema":{"@context":"https:\/\/schema.org","@graph":[{"@type":"Article","@id":"https:\/\/spontanedigital.com.tr\/?p=10027#article","isPartOf":{"@id":"https:\/\/spontanedigital.com.tr\/?p=10027"},"author":{"name":"Zehra \u0130laslan","@id":"https:\/\/spontanedigital.com.tr\/#\/schema\/person\/1c2e4274f4a632f9cdd206f97861d319"},"headline":"MEB\u2019in Yeni Bakan Yard\u0131mc\u0131s\u0131 Cihad Demirli Hakk\u0131nda Bilgiler","datePublished":"2026-04-26T16:52:08+00:00","dateModified":"2026-04-26T16:52:14+00:00","mainEntityOfPage":{"@id":"https:\/\/spontanedigital.com.tr\/?p=10027"},"wordCount":361,"commentCount":0,"publisher":{"@id":"https:\/\/spontanedigital.com.tr\/#organization"},"image":{"@id":"https:\/\/spontanedigital.com.tr\/?p=10027#primaryimage"},"thumbnailUrl":"https:\/\/spontanedigital.com.tr\/wp-content\/uploads\/2026\/04\/gug.webp","articleSection":["E\u011fitim"],"inLanguage":"tr","potentialAction":[{"@type":"CommentAction","name":"Comment","target":["https:\/\/spontanedigital.com.tr\/?p=10027#respond"]}]},{"@type":"WebPage","@id":"https:\/\/spontanedigital.com.tr\/?p=10027","url":"https:\/\/spontanedigital.com.tr\/?p=10027","name":"MEB\u2019in Yeni Bakan Yard\u0131mc\u0131s\u0131 Cihad Demirli Hakk\u0131nda Bilgiler &#8211; Spontane Digital","isPartOf":{"@id":"https:\/\/spontanedigital.com.tr\/#website"},"primaryImageOfPage":{"@id":"https:\/\/spontanedigital.com.tr\/?p=10027#primaryimage"},"image":{"@id":"https:\/\/spontanedigital.com.tr\/?p=10027#primaryimage"},"thumbnailUrl":"https:\/\/spontanedigital.com.tr\/wp-content\/uploads\/2026\/04\/gug.webp","datePublished":"2026-04-26T16:52:08+00:00","dateModified":"2026-04-26T16:52:14+00:00","breadcrumb":{"@id":"https:\/\/spontanedigital.com.tr\/?p=10027#breadcrumb"},"inLanguage":"tr","potentialAction":[{"@type":"ReadAction","target":["https:\/\/spontanedigital.com.tr\/?p=10027"]}]},{"@type":"ImageObject","inLanguage":"tr","@id":"https:\/\/spontanedigital.com.tr\/?p=10027#primaryimage","url":"https:\/\/spontanedigital.com.tr\/wp-content\/uploads\/2026\/04\/gug.webp","contentUrl":"https:\/\/spontanedigital.com.tr\/wp-content\/uploads\/2026\/04\/gug.webp","width":816,"height":408},{"@type":"BreadcrumbList","@id":"https:\/\/spontanedigital.com.tr\/?p=10027#breadcrumb","itemListElement":[{"@type":"ListItem","position":1,"name":"Anasayfa","item":"https:\/\/spontanedigital.com.tr\/"},{"@type":"ListItem","position":2,"name":"MEB\u2019in Yeni Bakan Yard\u0131mc\u0131s\u0131 Cihad Demirli Hakk\u0131nda Bilgiler"}]},{"@type":"WebSite","@id":"https:\/\/spontanedigital.com.tr\/#website","url":"https:\/\/spontanedigital.com.tr\/","name":"Spontane Digital","description":"Dijitalde Spontanite","publisher":{"@id":"https:\/\/spontanedigital.com.tr\/#organization"},"potentialAction":[{"@type":"SearchAction","target":{"@type":"EntryPoint","urlTemplate":"https:\/\/spontanedigital.com.tr\/?s={search_term_string}"},"query-input":{"@type":"PropertyValueSpecification","valueRequired":true,"valueName":"search_term_string"}}],"inLanguage":"tr"},{"@type":"Organization","@id":"https:\/\/spontanedigital.com.tr\/#organization","name":"Spontane Digital","url":"https:\/\/spontanedigital.com.tr\/","logo":{"@type":"ImageObject","inLanguage":"tr","@id":"https:\/\/spontanedigital.com.tr\/#\/schema\/logo\/image\/","url":"https:\/\/spontanedigital.com.tr\/wp-content\/uploads\/2026\/02\/Spontane-Beyaz-1.png","contentUrl":"https:\/\/spontanedigital.com.tr\/wp-content\/uploads\/2026\/02\/Spontane-Beyaz-1.png","width":1772,"height":900,"caption":"Spontane Digital"},"image":{"@id":"https:\/\/spontanedigital.com.tr\/#\/schema\/logo\/image\/"}},{"@type":"Person","@id":"https:\/\/spontanedigital.com.tr\/#\/schema\/person\/1c2e4274f4a632f9cdd206f97861d319","name":"Zehra \u0130laslan","image":{"@type":"ImageObject","inLanguage":"tr","@id":"https:\/\/spontanedigital.com.tr\/wp-content\/uploads\/2026\/02\/WhatsApp-Image-2026-02-27-at-13.44.33-150x150.jpeg","url":"https:\/\/spontanedigital.com.tr\/wp-content\/uploads\/2026\/02\/WhatsApp-Image-2026-02-27-at-13.44.33-150x150.jpeg","contentUrl":"https:\/\/spontanedigital.com.tr\/wp-content\/uploads\/2026\/02\/WhatsApp-Image-2026-02-27-at-13.44.33-150x150.jpeg","caption":"Zehra \u0130laslan"},"description":"K\u00fcresel geli\u015fmeleri ve e\u011fitim d\u00fcnyas\u0131ndaki de\u011fi\u015fimleri oda\u011f\u0131na alan Zehra, ufuk a\u00e7an geli\u015fmeleri ve d\u00fcnyadan \u00f6nemli haberleri okuyucular\u0131m\u0131za ula\u015ft\u0131r\u0131yor.","url":"https:\/\/spontanedigital.com.tr\/?author=4"}]}},"featured_image_urls":{"full":["https:\/\/spontanedigital.com.tr\/wp-content\/uploads\/2026\/04\/gug.webp",816,408,false],"thumbnail":["https:\/\/spontanedigital.com.tr\/wp-content\/uploads\/2026\/04\/gug-150x150.webp",150,150,true],"medium":["https:\/\/spontanedigital.com.tr\/wp-content\/uploads\/2026\/04\/gug-300x150.webp",300,150,true],"medium_large":["https:\/\/spontanedigital.com.tr\/wp-content\/uploads\/2026\/04\/gug-768x384.webp",768,384,true],"large":["https:\/\/spontanedigital.com.tr\/wp-content\/uploads\/2026\/04\/gug.webp",800,400,false],"1536x1536":["https:\/\/spontanedigital.com.tr\/wp-content\/uploads\/2026\/04\/gug.webp",816,408,false],"2048x2048":["https:\/\/spontanedigital.com.tr\/wp-content\/uploads\/2026\/04\/gug.webp",816,408,false],"ultp_layout_landscape_large":["https:\/\/spontanedigital.com.tr\/wp-content\/uploads\/2026\/04\/gug.webp",816,408,false],"ultp_layout_landscape":["https:\/\/spontanedigital.com.tr\/wp-content\/uploads\/2026\/04\/gug.webp",816,408,false],"ultp_layout_portrait":["https:\/\/spontanedigital.com.tr\/wp-content\/uploads\/2026\/04\/gug-600x408.webp",600,408,true],"ultp_layout_square":["https:\/\/spontanedigital.com.tr\/wp-content\/uploads\/2026\/04\/gug-600x408.webp",600,408,true],"colormag-highlighted-post":["https:\/\/spontanedigital.com.tr\/wp-content\/uploads\/2026\/04\/gug-392x272.webp",392,272,true],"colormag-featured-post-medium":["https:\/\/spontanedigital.com.tr\/wp-content\/uploads\/2026\/04\/gug-390x205.webp",390,205,true],"colormag-featured-post-small":["https:\/\/spontanedigital.com.tr\/wp-content\/uploads\/2026\/04\/gug-130x90.webp",130,90,true],"colormag-featured-image":["https:\/\/spontanedigital.com.tr\/wp-content\/uploads\/2026\/04\/gug-800x408.webp",800,408,true],"colormag-default-news":["https:\/\/spontanedigital.com.tr\/wp-content\/uploads\/2026\/04\/gug-150x150.webp",150,150,true],"colormag-featured-image-large":["https:\/\/spontanedigital.com.tr\/wp-content\/uploads\/2026\/04\/gug.webp",816,408,false]},"author_info":{"info":["Zehra \u0130laslan"]},"category_info":"<a href=\"https:\/\/spontanedigital.com.tr\/?cat=5\" rel=\"category\">E\u011fitim<\/a> <a href=\"https:\/\/spontanedigital.com.tr\/?cat=1\" rel=\"category\">Genel<\/a>","tag_info":"Genel","comment_count":"0","jetpack_featured_media_url":"https:\/\/spontanedigital.com.tr\/wp-content\/uploads\/2026\/04\/gug.webp","jetpack_sharing_enabled":true,"_links":{"self":[{"href":"https:\/\/spontanedigital.com.tr\/index.php?rest_route=\/wp\/v2\/posts\/10027","targetHints":{"allow":["GET"]}}],"collection":[{"href":"https:\/\/spontanedigital.com.tr\/index.php?rest_route=\/wp\/v2\/posts"}],"about":[{"href":"https:\/\/spontanedigital.com.tr\/index.php?rest_route=\/wp\/v2\/types\/post"}],"author":[{"embeddable":true,"href":"https:\/\/spontanedigital.com.tr\/index.php?rest_route=\/wp\/v2\/users\/4"}],"replies":[{"embeddable":true,"href":"https:\/\/spontanedigital.com.tr\/index.php?rest_route=%2Fwp%2Fv2%2Fcomments&post=10027"}],"version-history":[{"count":1,"href":"https:\/\/spontanedigital.com.tr\/index.php?rest_route=\/wp\/v2\/posts\/10027\/revisions"}],"predecessor-version":[{"id":10031,"href":"https:\/\/spontanedigital.com.tr\/index.php?rest_route=\/wp\/v2\/posts\/10027\/revisions\/10031"}],"wp:featuredmedia":[{"embeddable":true,"href":"https:\/\/spontanedigital.com.tr\/index.php?rest_route=\/wp\/v2\/media\/10030"}],"wp:attachment":[{"href":"https:\/\/spontanedigital.com.tr\/index.php?rest_route=%2Fwp%2Fv2%2Fmedia&parent=10027"}],"wp:term":[{"taxonomy":"category","embeddable":true,"href":"https:\/\/spontanedigital.com.tr\/index.php?rest_route=%2Fwp%2Fv2%2Fcategories&post=10027"},{"taxonomy":"post_tag","embeddable":true,"href":"https:\/\/spontanedigital.com.tr\/index.php?rest_route=%2Fwp%2Fv2%2Ftags&post=10027"}],"curies":[{"name":"wp","href":"https:\/\/api.w.org\/{rel}","templated":true}]}}