{"id":10159,"date":"2026-04-27T23:22:02","date_gmt":"2026-04-27T20:22:02","guid":{"rendered":"https:\/\/spontanedigital.com.tr\/?p=10159"},"modified":"2026-04-27T23:40:07","modified_gmt":"2026-04-27T20:40:07","slug":"catalca-semalarinda-sinema-isigi-ilk-film-festivali-geliyor","status":"publish","type":"post","link":"https:\/\/spontanedigital.com.tr\/?p=10159","title":{"rendered":"\u00c7atalca Semalar\u0131nda Sinema I\u015f\u0131\u011f\u0131: \u0130lk Film Festivali Geliyor"},"content":{"rendered":"\n<p><strong><em>\u0130stanbul\u2019un k\u00f6kl\u00fc tarihi ve do\u011fal g\u00fczellikleriyle \u00f6ne \u00e7\u0131kan il\u00e7esi \u00c7atalca, 2026 y\u0131l\u0131nda bir ilke imza atmaya haz\u0131rlan\u0131yor. \u00c7atalca Belediyesi taraf\u0131ndan hayata ge\u00e7irilen\u00a0\u00c7atalca Film Festivali, il\u00e7enin sinema belle\u011fini tazelerken, gen\u00e7 sinemac\u0131lara da devasa bir destek kap\u0131s\u0131 a\u00e7\u0131yor.<\/em><\/strong><\/p>\n\n\n\n<h3 class=\"wp-block-heading\">Festival Takvimi ve Stratejik Detaylar<\/h3>\n\n\n\n<p>Festival, hem profesyonel hem de amat\u00f6r sinemac\u0131lar\u0131 kapsayan geni\u015f bir vizyonla kurguland\u0131:<\/p>\n\n\n\n<ul class=\"wp-block-list\">\n<li><strong>Tarih:<\/strong>\u00a027 \u2013 28 \u2013 29 A\u011fustos 2026.<\/li>\n\n\n\n<li><strong>Odak Noktas\u0131:<\/strong>\u00a0Festivalin merkezinde \u201ck\u0131sa film\u201d t\u00fcr\u00fc yer al\u0131yor. Gen\u00e7 y\u00f6netmenlerin cesur ve \u00f6zg\u00fcn anlat\u0131mlar\u0131na alan a\u00e7\u0131lmas\u0131 hedefleniyor.<\/li>\n\n\n\n<li><strong>Y\u00f6netim:<\/strong>\u00a0Festivalin direkt\u00f6rl\u00fc\u011f\u00fcn\u00fc usta y\u00f6netmen\u00a0<strong>Cengiz \u00d6zkarabekir<\/strong>, genel koordinat\u00f6rl\u00fc\u011f\u00fcn\u00fc ise \u00f6d\u00fcll\u00fc k\u0131sa film y\u00f6netmeni\u00a0<strong>Onur G\u00fcler<\/strong>\u00a0\u00fcstleniyor.<\/li>\n<\/ul>\n\n\n\n<hr class=\"wp-block-separator has-alpha-channel-opacity\"\/>\n\n\n\n<figure class=\"wp-block-image\"><img decoding=\"async\" src=\"https:\/\/checkinhaber.com\/wp-content\/uploads\/2026\/04\/image-787-1024x1024.png\" alt=\"\" class=\"wp-image-14028\"\/><\/figure>\n\n\n\n<h3 class=\"wp-block-heading\">Gen\u00e7 Sinemac\u0131lara 250 Bin TL\u2019lik Destek<\/h3>\n\n\n\n<p>Festival, sundu\u011fu maddi olanaklarla T\u00fcrkiye\u2019deki \u00f6nemli festivaller aras\u0131na girmeyi ama\u00e7l\u0131yor:<\/p>\n\n\n\n<ul class=\"wp-block-list\">\n<li><strong>\u00d6d\u00fcl Havuzu:<\/strong>\u00a0Toplamda\u00a0<strong>250 bin TL<\/strong>\u2018lik \u00f6d\u00fcl deste\u011fiyle gen\u00e7 y\u00f6netmenlerin yeni projeleri i\u00e7in cansuyu olunmas\u0131 hedefleniyor.<\/li>\n\n\n\n<li><strong>Onur \u00d6d\u00fcl\u00fc:<\/strong>\u00a0Her y\u0131l T\u00fcrk sinemas\u0131na de\u011fer katm\u0131\u015f bir sanat\u00e7\u0131ya \u201cOnur \u00d6d\u00fcl\u00fc\u201d takdim edilecek.<\/li>\n\n\n\n<li><strong>E\u011fitim ve At\u00f6lye:<\/strong>\u00a0G\u00f6sterimlerin yan\u0131 s\u0131ra s\u00f6yle\u015filer, at\u00f6lye \u00e7al\u0131\u015fmalar\u0131 ve a\u00e7\u0131k hava etkinlikleriyle sineman\u0131n mutfa\u011f\u0131 halkla bulu\u015fturulacak.<\/li>\n<\/ul>\n\n\n\n<hr class=\"wp-block-separator has-alpha-channel-opacity\"\/>\n\n\n\n<h3 class=\"wp-block-heading\">Ba\u015fvuru S\u00fcreci ve \u015eartlar<\/h3>\n\n\n\n<p>Sinemac\u0131lar i\u00e7in maraton \u015fimdiden ba\u015flad\u0131:<\/p>\n\n\n\n<ul class=\"wp-block-list\">\n<li><strong>Ba\u015fvuru D\u00f6nemi:<\/strong>\u00a020 Nisan 2026\u2019da ba\u015flayan s\u00fcre\u00e7,\u00a0<strong>26 Haziran 2026<\/strong>\u00a0tarihine kadar devam edecek.<\/li>\n\n\n\n<li><strong>Kat\u0131l\u0131m:<\/strong>\u00a0T\u00fcrkiye Cumhuriyeti vatanda\u015f\u0131 olan, yurt i\u00e7i veya yurt d\u0131\u015f\u0131ndaki t\u00fcm sinemac\u0131lar ba\u015fvuruda bulunabiliyor.<\/li>\n\n\n\n<li><strong>Platform:<\/strong>\u00a0Detayl\u0131 bilgi ve ba\u015fvurular\u00a0<code>filmfestivali.catalca.bel.tr<\/code>\u00a0adresi \u00fczerinden yap\u0131labilecek.<\/li>\n<\/ul>\n\n\n\n<hr class=\"wp-block-separator has-alpha-channel-opacity\"\/>\n\n\n\n<h3 class=\"wp-block-heading\">\u00c7atalca\u2019n\u0131n Sinematografik Haf\u0131zas\u0131<\/h3>\n\n\n\n<p>\u00c7atalca sadece bir festival mekan\u0131 de\u011fil, T\u00fcrk sinemas\u0131n\u0131n kadim setlerinden biridir:<\/p>\n\n\n\n<ul class=\"wp-block-list\">\n<li><strong>Efsane Filmler:<\/strong>\u00a0At\u0131f Y\u0131lmaz\u2019\u0131n \u201cDa\u011flar\u0131 Bekleyen K\u0131z\u201d\u0131ndan, Ye\u015fil\u00e7am\u2019\u0131n klasikleri \u201cSalako\u201d ve \u201cDavaro\u201dya kadar pek \u00e7ok yap\u0131m \u00c7atalca\u2019n\u0131n do\u011fas\u0131nda ve \u0130nce\u011fiz ma\u011faralar\u0131nda \u00e7ekilmi\u015ftir.<\/li>\n\n\n\n<li><strong>Mekansal Aidiyet:<\/strong>\u00a0Festival, bir zamanlar b\u00fcy\u00fck y\u00f6netmenlerin (At\u0131f Y\u0131lmaz, Kartal Tibet, Yavuz Turgul) kamera kurdu\u011fu bu alanlar\u0131 bug\u00fcn\u00fcn gen\u00e7 sinemac\u0131lar\u0131yla yeniden bulu\u015fturmay\u0131 ama\u00e7l\u0131yor.<\/li>\n<\/ul>\n\n\n\n<p>\u00c7atalca Film Festivali, \u0130stanbul\u2019un bat\u0131s\u0131nda sineman\u0131n \u0131\u015f\u0131\u011f\u0131n\u0131 yeniden parlat\u0131rken, il\u00e7eyi sadece bir \u00e7ekim platosu de\u011fil, canl\u0131 bir k\u00fclt\u00fcr-sanat merkezi haline getirmeyi hedefliyor.<\/p>\n\n\n\n<p><strong><em>Karde\u015f Haber: <\/em><\/strong><a href=\"https:\/\/checkinhaber.com\/2026\/04\/27\/catalca-semalarinda-sinema-isigi-ilk-film-festivali-geliyor\/\">checkinhaber.com<\/a><\/p>\n\n\n\n<p><strong><em>Yay\u0131nlanma Tarihi:<\/em><\/strong> 27.04.2026, 23:03<\/p>\n","protected":false},"excerpt":{"rendered":"<p>\u0130stanbul\u2019un k\u00f6kl\u00fc tarihi ve do\u011fal g\u00fczellikleriyle \u00f6ne \u00e7\u0131kan il\u00e7esi \u00c7atalca, 2026 y\u0131l\u0131nda bir ilke imza atmaya haz\u0131rlan\u0131yor. \u00c7atalca Belediyesi taraf\u0131ndan<\/p>\n","protected":false},"author":6,"featured_media":10160,"comment_status":"open","ping_status":"open","sticky":false,"template":"","format":"standard","meta":{"colormag_page_container_layout":"default_layout","colormag_page_sidebar_layout":"default_layout","_jetpack_memberships_contains_paid_content":false,"footnotes":""},"categories":[1,12],"tags":[],"class_list":["post-10159","post","type-post","status-publish","format-standard","has-post-thumbnail","hentry","category-genel","category-kultur-sanat"],"magazineBlocksPostFeaturedMedia":{"thumbnail":"https:\/\/spontanedigital.com.tr\/wp-content\/uploads\/2026\/04\/image-786-1024x576-1-150x150.webp","medium":"https:\/\/spontanedigital.com.tr\/wp-content\/uploads\/2026\/04\/image-786-1024x576-1-300x169.webp","medium_large":"https:\/\/spontanedigital.com.tr\/wp-content\/uploads\/2026\/04\/image-786-1024x576-1-768x432.webp","large":"https:\/\/spontanedigital.com.tr\/wp-content\/uploads\/2026\/04\/image-786-1024x576-1.webp","1536x1536":"https:\/\/spontanedigital.com.tr\/wp-content\/uploads\/2026\/04\/image-786-1024x576-1.webp","2048x2048":"https:\/\/spontanedigital.com.tr\/wp-content\/uploads\/2026\/04\/image-786-1024x576-1.webp","ultp_layout_landscape_large":"https:\/\/spontanedigital.com.tr\/wp-content\/uploads\/2026\/04\/image-786-1024x576-1.webp","ultp_layout_landscape":"https:\/\/spontanedigital.com.tr\/wp-content\/uploads\/2026\/04\/image-786-1024x576-1-870x570.webp","ultp_layout_portrait":"https:\/\/spontanedigital.com.tr\/wp-content\/uploads\/2026\/04\/image-786-1024x576-1-600x576.webp","ultp_layout_square":"https:\/\/spontanedigital.com.tr\/wp-content\/uploads\/2026\/04\/image-786-1024x576-1-600x576.webp","colormag-highlighted-post":"https:\/\/spontanedigital.com.tr\/wp-content\/uploads\/2026\/04\/image-786-1024x576-1-392x272.webp","colormag-featured-post-medium":"https:\/\/spontanedigital.com.tr\/wp-content\/uploads\/2026\/04\/image-786-1024x576-1-390x205.webp","colormag-featured-post-small":"https:\/\/spontanedigital.com.tr\/wp-content\/uploads\/2026\/04\/image-786-1024x576-1-130x90.webp","colormag-featured-image":"https:\/\/spontanedigital.com.tr\/wp-content\/uploads\/2026\/04\/image-786-1024x576-1-800x445.webp","colormag-default-news":"https:\/\/spontanedigital.com.tr\/wp-content\/uploads\/2026\/04\/image-786-1024x576-1-150x150.webp","colormag-featured-image-large":"https:\/\/spontanedigital.com.tr\/wp-content\/uploads\/2026\/04\/image-786-1024x576-1.webp"},"magazineBlocksPostAuthor":{"name":"Hayrun Nisa G\u00fcl K\u0131z\u0131ko\u011flu","avatar":"https:\/\/spontanedigital.com.tr\/wp-content\/uploads\/2026\/02\/WhatsApp-Image-2026-02-27-at-13.44.35-150x150.jpeg"},"magazineBlocksPostCommentsNumber":"0","magazineBlocksPostExcerpt":"\u0130stanbul\u2019un k\u00f6kl\u00fc tarihi ve do\u011fal g\u00fczellikleriyle \u00f6ne \u00e7\u0131kan il\u00e7esi \u00c7atalca, 2026 y\u0131l\u0131nda bir ilke imza atmaya haz\u0131rlan\u0131yor. \u00c7atalca Belediyesi taraf\u0131ndan","magazineBlocksPostCategories":["Genel","K\u00fclt\u00fcr-Sanat"],"magazineBlocksPostViewCount":10,"magazineBlocksPostReadTime":3,"magazine_blocks_featured_image_url":{"full":["https:\/\/spontanedigital.com.tr\/wp-content\/uploads\/2026\/04\/image-786-1024x576-1.webp",1024,576,false],"medium":["https:\/\/spontanedigital.com.tr\/wp-content\/uploads\/2026\/04\/image-786-1024x576-1-300x169.webp",300,169,true],"thumbnail":["https:\/\/spontanedigital.com.tr\/wp-content\/uploads\/2026\/04\/image-786-1024x576-1-150x150.webp",150,150,true]},"magazine_blocks_author":{"display_name":"Hayrun Nisa G\u00fcl K\u0131z\u0131ko\u011flu","author_link":"https:\/\/spontanedigital.com.tr\/?author=6"},"magazine_blocks_comment":0,"magazine_blocks_author_image":"https:\/\/spontanedigital.com.tr\/wp-content\/uploads\/2026\/02\/WhatsApp-Image-2026-02-27-at-13.44.35-150x150.jpeg","magazine_blocks_category":"<a href=\"#\" class=\"category-link category-link-1\">Genel<\/a> <a href=\"#\" class=\"category-link category-link-12\">K\u00fclt\u00fcr-Sanat<\/a>","yoast_head":"<!-- This site is optimized with the Yoast SEO plugin v27.4 - https:\/\/yoast.com\/product\/yoast-seo-wordpress\/ -->\n<title>\u00c7atalca Semalar\u0131nda Sinema I\u015f\u0131\u011f\u0131: \u0130lk Film Festivali Geliyor &#8211; Spontane Digital<\/title>\n<meta name=\"robots\" content=\"index, follow, max-snippet:-1, max-image-preview:large, max-video-preview:-1\" \/>\n<link rel=\"canonical\" href=\"https:\/\/spontanedigital.com.tr\/?p=10159\" \/>\n<meta property=\"og:locale\" content=\"tr_TR\" \/>\n<meta property=\"og:type\" content=\"article\" \/>\n<meta property=\"og:title\" content=\"\u00c7atalca Semalar\u0131nda Sinema I\u015f\u0131\u011f\u0131: \u0130lk Film Festivali Geliyor &#8211; Spontane Digital\" \/>\n<meta property=\"og:description\" content=\"\u0130stanbul\u2019un k\u00f6kl\u00fc tarihi ve do\u011fal g\u00fczellikleriyle \u00f6ne \u00e7\u0131kan il\u00e7esi \u00c7atalca, 2026 y\u0131l\u0131nda bir ilke imza atmaya haz\u0131rlan\u0131yor. \u00c7atalca Belediyesi taraf\u0131ndan\" \/>\n<meta property=\"og:url\" content=\"https:\/\/spontanedigital.com.tr\/?p=10159\" \/>\n<meta property=\"og:site_name\" content=\"Spontane Digital\" \/>\n<meta property=\"article:published_time\" content=\"2026-04-27T20:22:02+00:00\" \/>\n<meta property=\"article:modified_time\" content=\"2026-04-27T20:40:07+00:00\" \/>\n<meta property=\"og:image\" content=\"https:\/\/spontanedigital.com.tr\/wp-content\/uploads\/2026\/04\/image-786-1024x576-1.webp\" \/>\n\t<meta property=\"og:image:width\" content=\"1024\" \/>\n\t<meta property=\"og:image:height\" content=\"576\" \/>\n\t<meta property=\"og:image:type\" content=\"image\/webp\" \/>\n<meta name=\"author\" content=\"Hayrun Nisa G\u00fcl K\u0131z\u0131ko\u011flu\" \/>\n<meta name=\"twitter:card\" content=\"summary_large_image\" \/>\n<meta name=\"twitter:label1\" content=\"Yazan:\" \/>\n\t<meta name=\"twitter:data1\" content=\"Hayrun Nisa G\u00fcl K\u0131z\u0131ko\u011flu\" \/>\n\t<meta name=\"twitter:label2\" content=\"Tahmini okuma s\u00fcresi\" \/>\n\t<meta name=\"twitter:data2\" content=\"3 dakika\" \/>\n<script type=\"application\/ld+json\" class=\"yoast-schema-graph\">{\"@context\":\"https:\\\/\\\/schema.org\",\"@graph\":[{\"@type\":\"Article\",\"@id\":\"https:\\\/\\\/spontanedigital.com.tr\\\/?p=10159#article\",\"isPartOf\":{\"@id\":\"https:\\\/\\\/spontanedigital.com.tr\\\/?p=10159\"},\"author\":{\"name\":\"Hayrun Nisa G\u00fcl K\u0131z\u0131ko\u011flu\",\"@id\":\"https:\\\/\\\/spontanedigital.com.tr\\\/#\\\/schema\\\/person\\\/287801edcfe252a3b09fbcb081b9e9d8\"},\"headline\":\"\u00c7atalca Semalar\u0131nda Sinema I\u015f\u0131\u011f\u0131: \u0130lk Film Festivali Geliyor\",\"datePublished\":\"2026-04-27T20:22:02+00:00\",\"dateModified\":\"2026-04-27T20:40:07+00:00\",\"mainEntityOfPage\":{\"@id\":\"https:\\\/\\\/spontanedigital.com.tr\\\/?p=10159\"},\"wordCount\":426,\"commentCount\":0,\"publisher\":{\"@id\":\"https:\\\/\\\/spontanedigital.com.tr\\\/#organization\"},\"image\":{\"@id\":\"https:\\\/\\\/spontanedigital.com.tr\\\/?p=10159#primaryimage\"},\"thumbnailUrl\":\"https:\\\/\\\/spontanedigital.com.tr\\\/wp-content\\\/uploads\\\/2026\\\/04\\\/image-786-1024x576-1.webp\",\"articleSection\":{\"1\":\"K\u00fclt\u00fcr-Sanat\"},\"inLanguage\":\"tr\",\"potentialAction\":[{\"@type\":\"CommentAction\",\"name\":\"Comment\",\"target\":[\"https:\\\/\\\/spontanedigital.com.tr\\\/?p=10159#respond\"]}]},{\"@type\":\"WebPage\",\"@id\":\"https:\\\/\\\/spontanedigital.com.tr\\\/?p=10159\",\"url\":\"https:\\\/\\\/spontanedigital.com.tr\\\/?p=10159\",\"name\":\"\u00c7atalca Semalar\u0131nda Sinema I\u015f\u0131\u011f\u0131: \u0130lk Film Festivali Geliyor &#8211; Spontane Digital\",\"isPartOf\":{\"@id\":\"https:\\\/\\\/spontanedigital.com.tr\\\/#website\"},\"primaryImageOfPage\":{\"@id\":\"https:\\\/\\\/spontanedigital.com.tr\\\/?p=10159#primaryimage\"},\"image\":{\"@id\":\"https:\\\/\\\/spontanedigital.com.tr\\\/?p=10159#primaryimage\"},\"thumbnailUrl\":\"https:\\\/\\\/spontanedigital.com.tr\\\/wp-content\\\/uploads\\\/2026\\\/04\\\/image-786-1024x576-1.webp\",\"datePublished\":\"2026-04-27T20:22:02+00:00\",\"dateModified\":\"2026-04-27T20:40:07+00:00\",\"breadcrumb\":{\"@id\":\"https:\\\/\\\/spontanedigital.com.tr\\\/?p=10159#breadcrumb\"},\"inLanguage\":\"tr\",\"potentialAction\":[{\"@type\":\"ReadAction\",\"target\":[\"https:\\\/\\\/spontanedigital.com.tr\\\/?p=10159\"]}]},{\"@type\":\"ImageObject\",\"inLanguage\":\"tr\",\"@id\":\"https:\\\/\\\/spontanedigital.com.tr\\\/?p=10159#primaryimage\",\"url\":\"https:\\\/\\\/spontanedigital.com.tr\\\/wp-content\\\/uploads\\\/2026\\\/04\\\/image-786-1024x576-1.webp\",\"contentUrl\":\"https:\\\/\\\/spontanedigital.com.tr\\\/wp-content\\\/uploads\\\/2026\\\/04\\\/image-786-1024x576-1.webp\",\"width\":1024,\"height\":576},{\"@type\":\"BreadcrumbList\",\"@id\":\"https:\\\/\\\/spontanedigital.com.tr\\\/?p=10159#breadcrumb\",\"itemListElement\":[{\"@type\":\"ListItem\",\"position\":1,\"name\":\"Anasayfa\",\"item\":\"https:\\\/\\\/spontanedigital.com.tr\\\/\"},{\"@type\":\"ListItem\",\"position\":2,\"name\":\"\u00c7atalca Semalar\u0131nda Sinema I\u015f\u0131\u011f\u0131: \u0130lk Film Festivali Geliyor\"}]},{\"@type\":\"WebSite\",\"@id\":\"https:\\\/\\\/spontanedigital.com.tr\\\/#website\",\"url\":\"https:\\\/\\\/spontanedigital.com.tr\\\/\",\"name\":\"Spontane Digital\",\"description\":\"Dijitalde Spontanite\",\"publisher\":{\"@id\":\"https:\\\/\\\/spontanedigital.com.tr\\\/#organization\"},\"potentialAction\":[{\"@type\":\"SearchAction\",\"target\":{\"@type\":\"EntryPoint\",\"urlTemplate\":\"https:\\\/\\\/spontanedigital.com.tr\\\/?s={search_term_string}\"},\"query-input\":{\"@type\":\"PropertyValueSpecification\",\"valueRequired\":true,\"valueName\":\"search_term_string\"}}],\"inLanguage\":\"tr\"},{\"@type\":\"Organization\",\"@id\":\"https:\\\/\\\/spontanedigital.com.tr\\\/#organization\",\"name\":\"Spontane Digital\",\"url\":\"https:\\\/\\\/spontanedigital.com.tr\\\/\",\"logo\":{\"@type\":\"ImageObject\",\"inLanguage\":\"tr\",\"@id\":\"https:\\\/\\\/spontanedigital.com.tr\\\/#\\\/schema\\\/logo\\\/image\\\/\",\"url\":\"https:\\\/\\\/spontanedigital.com.tr\\\/wp-content\\\/uploads\\\/2026\\\/02\\\/Spontane-Beyaz-1.png\",\"contentUrl\":\"https:\\\/\\\/spontanedigital.com.tr\\\/wp-content\\\/uploads\\\/2026\\\/02\\\/Spontane-Beyaz-1.png\",\"width\":1772,\"height\":900,\"caption\":\"Spontane Digital\"},\"image\":{\"@id\":\"https:\\\/\\\/spontanedigital.com.tr\\\/#\\\/schema\\\/logo\\\/image\\\/\"}},{\"@type\":\"Person\",\"@id\":\"https:\\\/\\\/spontanedigital.com.tr\\\/#\\\/schema\\\/person\\\/287801edcfe252a3b09fbcb081b9e9d8\",\"name\":\"Hayrun Nisa G\u00fcl K\u0131z\u0131ko\u011flu\",\"image\":{\"@type\":\"ImageObject\",\"inLanguage\":\"tr\",\"@id\":\"https:\\\/\\\/spontanedigital.com.tr\\\/wp-content\\\/uploads\\\/2026\\\/02\\\/WhatsApp-Image-2026-02-27-at-13.44.35-150x150.jpeg\",\"url\":\"https:\\\/\\\/spontanedigital.com.tr\\\/wp-content\\\/uploads\\\/2026\\\/02\\\/WhatsApp-Image-2026-02-27-at-13.44.35-150x150.jpeg\",\"contentUrl\":\"https:\\\/\\\/spontanedigital.com.tr\\\/wp-content\\\/uploads\\\/2026\\\/02\\\/WhatsApp-Image-2026-02-27-at-13.44.35-150x150.jpeg\",\"caption\":\"Hayrun Nisa G\u00fcl K\u0131z\u0131ko\u011flu\"},\"description\":\"Sanat\u0131n esteti\u011fi ile otomotiv d\u00fcnyas\u0131n\u0131n dinamizmini ayn\u0131 potada bulu\u015fturan Hayrun Nisa, k\u00fclt\u00fcr-sanat etkinliklerinden otomobil lansmanlar\u0131na, sergi salonlar\u0131ndan test s\u00fcr\u00fc\u015flerine uzanan geni\u015f bir yelpazede sitemizin en ilham verici i\u00e7eriklerini y\u00f6netiyor\",\"url\":\"https:\\\/\\\/spontanedigital.com.tr\\\/?author=6\"}]}<\/script>\n<!-- \/ Yoast SEO plugin. -->","yoast_head_json":{"title":"\u00c7atalca Semalar\u0131nda Sinema I\u015f\u0131\u011f\u0131: \u0130lk Film Festivali Geliyor &#8211; Spontane Digital","robots":{"index":"index","follow":"follow","max-snippet":"max-snippet:-1","max-image-preview":"max-image-preview:large","max-video-preview":"max-video-preview:-1"},"canonical":"https:\/\/spontanedigital.com.tr\/?p=10159","og_locale":"tr_TR","og_type":"article","og_title":"\u00c7atalca Semalar\u0131nda Sinema I\u015f\u0131\u011f\u0131: \u0130lk Film Festivali Geliyor &#8211; Spontane Digital","og_description":"\u0130stanbul\u2019un k\u00f6kl\u00fc tarihi ve do\u011fal g\u00fczellikleriyle \u00f6ne \u00e7\u0131kan il\u00e7esi \u00c7atalca, 2026 y\u0131l\u0131nda bir ilke imza atmaya haz\u0131rlan\u0131yor. \u00c7atalca Belediyesi taraf\u0131ndan","og_url":"https:\/\/spontanedigital.com.tr\/?p=10159","og_site_name":"Spontane Digital","article_published_time":"2026-04-27T20:22:02+00:00","article_modified_time":"2026-04-27T20:40:07+00:00","og_image":[{"width":1024,"height":576,"url":"https:\/\/spontanedigital.com.tr\/wp-content\/uploads\/2026\/04\/image-786-1024x576-1.webp","type":"image\/webp"}],"author":"Hayrun Nisa G\u00fcl K\u0131z\u0131ko\u011flu","twitter_card":"summary_large_image","twitter_misc":{"Yazan:":"Hayrun Nisa G\u00fcl K\u0131z\u0131ko\u011flu","Tahmini okuma s\u00fcresi":"3 dakika"},"schema":{"@context":"https:\/\/schema.org","@graph":[{"@type":"Article","@id":"https:\/\/spontanedigital.com.tr\/?p=10159#article","isPartOf":{"@id":"https:\/\/spontanedigital.com.tr\/?p=10159"},"author":{"name":"Hayrun Nisa G\u00fcl K\u0131z\u0131ko\u011flu","@id":"https:\/\/spontanedigital.com.tr\/#\/schema\/person\/287801edcfe252a3b09fbcb081b9e9d8"},"headline":"\u00c7atalca Semalar\u0131nda Sinema I\u015f\u0131\u011f\u0131: \u0130lk Film Festivali Geliyor","datePublished":"2026-04-27T20:22:02+00:00","dateModified":"2026-04-27T20:40:07+00:00","mainEntityOfPage":{"@id":"https:\/\/spontanedigital.com.tr\/?p=10159"},"wordCount":426,"commentCount":0,"publisher":{"@id":"https:\/\/spontanedigital.com.tr\/#organization"},"image":{"@id":"https:\/\/spontanedigital.com.tr\/?p=10159#primaryimage"},"thumbnailUrl":"https:\/\/spontanedigital.com.tr\/wp-content\/uploads\/2026\/04\/image-786-1024x576-1.webp","articleSection":{"1":"K\u00fclt\u00fcr-Sanat"},"inLanguage":"tr","potentialAction":[{"@type":"CommentAction","name":"Comment","target":["https:\/\/spontanedigital.com.tr\/?p=10159#respond"]}]},{"@type":"WebPage","@id":"https:\/\/spontanedigital.com.tr\/?p=10159","url":"https:\/\/spontanedigital.com.tr\/?p=10159","name":"\u00c7atalca Semalar\u0131nda Sinema I\u015f\u0131\u011f\u0131: \u0130lk Film Festivali Geliyor &#8211; Spontane Digital","isPartOf":{"@id":"https:\/\/spontanedigital.com.tr\/#website"},"primaryImageOfPage":{"@id":"https:\/\/spontanedigital.com.tr\/?p=10159#primaryimage"},"image":{"@id":"https:\/\/spontanedigital.com.tr\/?p=10159#primaryimage"},"thumbnailUrl":"https:\/\/spontanedigital.com.tr\/wp-content\/uploads\/2026\/04\/image-786-1024x576-1.webp","datePublished":"2026-04-27T20:22:02+00:00","dateModified":"2026-04-27T20:40:07+00:00","breadcrumb":{"@id":"https:\/\/spontanedigital.com.tr\/?p=10159#breadcrumb"},"inLanguage":"tr","potentialAction":[{"@type":"ReadAction","target":["https:\/\/spontanedigital.com.tr\/?p=10159"]}]},{"@type":"ImageObject","inLanguage":"tr","@id":"https:\/\/spontanedigital.com.tr\/?p=10159#primaryimage","url":"https:\/\/spontanedigital.com.tr\/wp-content\/uploads\/2026\/04\/image-786-1024x576-1.webp","contentUrl":"https:\/\/spontanedigital.com.tr\/wp-content\/uploads\/2026\/04\/image-786-1024x576-1.webp","width":1024,"height":576},{"@type":"BreadcrumbList","@id":"https:\/\/spontanedigital.com.tr\/?p=10159#breadcrumb","itemListElement":[{"@type":"ListItem","position":1,"name":"Anasayfa","item":"https:\/\/spontanedigital.com.tr\/"},{"@type":"ListItem","position":2,"name":"\u00c7atalca Semalar\u0131nda Sinema I\u015f\u0131\u011f\u0131: \u0130lk Film Festivali Geliyor"}]},{"@type":"WebSite","@id":"https:\/\/spontanedigital.com.tr\/#website","url":"https:\/\/spontanedigital.com.tr\/","name":"Spontane Digital","description":"Dijitalde Spontanite","publisher":{"@id":"https:\/\/spontanedigital.com.tr\/#organization"},"potentialAction":[{"@type":"SearchAction","target":{"@type":"EntryPoint","urlTemplate":"https:\/\/spontanedigital.com.tr\/?s={search_term_string}"},"query-input":{"@type":"PropertyValueSpecification","valueRequired":true,"valueName":"search_term_string"}}],"inLanguage":"tr"},{"@type":"Organization","@id":"https:\/\/spontanedigital.com.tr\/#organization","name":"Spontane Digital","url":"https:\/\/spontanedigital.com.tr\/","logo":{"@type":"ImageObject","inLanguage":"tr","@id":"https:\/\/spontanedigital.com.tr\/#\/schema\/logo\/image\/","url":"https:\/\/spontanedigital.com.tr\/wp-content\/uploads\/2026\/02\/Spontane-Beyaz-1.png","contentUrl":"https:\/\/spontanedigital.com.tr\/wp-content\/uploads\/2026\/02\/Spontane-Beyaz-1.png","width":1772,"height":900,"caption":"Spontane Digital"},"image":{"@id":"https:\/\/spontanedigital.com.tr\/#\/schema\/logo\/image\/"}},{"@type":"Person","@id":"https:\/\/spontanedigital.com.tr\/#\/schema\/person\/287801edcfe252a3b09fbcb081b9e9d8","name":"Hayrun Nisa G\u00fcl K\u0131z\u0131ko\u011flu","image":{"@type":"ImageObject","inLanguage":"tr","@id":"https:\/\/spontanedigital.com.tr\/wp-content\/uploads\/2026\/02\/WhatsApp-Image-2026-02-27-at-13.44.35-150x150.jpeg","url":"https:\/\/spontanedigital.com.tr\/wp-content\/uploads\/2026\/02\/WhatsApp-Image-2026-02-27-at-13.44.35-150x150.jpeg","contentUrl":"https:\/\/spontanedigital.com.tr\/wp-content\/uploads\/2026\/02\/WhatsApp-Image-2026-02-27-at-13.44.35-150x150.jpeg","caption":"Hayrun Nisa G\u00fcl K\u0131z\u0131ko\u011flu"},"description":"Sanat\u0131n esteti\u011fi ile otomotiv d\u00fcnyas\u0131n\u0131n dinamizmini ayn\u0131 potada bulu\u015fturan Hayrun Nisa, k\u00fclt\u00fcr-sanat etkinliklerinden otomobil lansmanlar\u0131na, sergi salonlar\u0131ndan test s\u00fcr\u00fc\u015flerine uzanan geni\u015f bir yelpazede sitemizin en ilham verici i\u00e7eriklerini y\u00f6netiyor","url":"https:\/\/spontanedigital.com.tr\/?author=6"}]}},"featured_image_urls":{"full":["https:\/\/spontanedigital.com.tr\/wp-content\/uploads\/2026\/04\/image-786-1024x576-1.webp",1024,576,false],"thumbnail":["https:\/\/spontanedigital.com.tr\/wp-content\/uploads\/2026\/04\/image-786-1024x576-1-150x150.webp",150,150,true],"medium":["https:\/\/spontanedigital.com.tr\/wp-content\/uploads\/2026\/04\/image-786-1024x576-1-300x169.webp",300,169,true],"medium_large":["https:\/\/spontanedigital.com.tr\/wp-content\/uploads\/2026\/04\/image-786-1024x576-1-768x432.webp",768,432,true],"large":["https:\/\/spontanedigital.com.tr\/wp-content\/uploads\/2026\/04\/image-786-1024x576-1.webp",800,450,false],"1536x1536":["https:\/\/spontanedigital.com.tr\/wp-content\/uploads\/2026\/04\/image-786-1024x576-1.webp",1024,576,false],"2048x2048":["https:\/\/spontanedigital.com.tr\/wp-content\/uploads\/2026\/04\/image-786-1024x576-1.webp",1024,576,false],"ultp_layout_landscape_large":["https:\/\/spontanedigital.com.tr\/wp-content\/uploads\/2026\/04\/image-786-1024x576-1.webp",1024,576,false],"ultp_layout_landscape":["https:\/\/spontanedigital.com.tr\/wp-content\/uploads\/2026\/04\/image-786-1024x576-1-870x570.webp",870,570,true],"ultp_layout_portrait":["https:\/\/spontanedigital.com.tr\/wp-content\/uploads\/2026\/04\/image-786-1024x576-1-600x576.webp",600,576,true],"ultp_layout_square":["https:\/\/spontanedigital.com.tr\/wp-content\/uploads\/2026\/04\/image-786-1024x576-1-600x576.webp",600,576,true],"colormag-highlighted-post":["https:\/\/spontanedigital.com.tr\/wp-content\/uploads\/2026\/04\/image-786-1024x576-1-392x272.webp",392,272,true],"colormag-featured-post-medium":["https:\/\/spontanedigital.com.tr\/wp-content\/uploads\/2026\/04\/image-786-1024x576-1-390x205.webp",390,205,true],"colormag-featured-post-small":["https:\/\/spontanedigital.com.tr\/wp-content\/uploads\/2026\/04\/image-786-1024x576-1-130x90.webp",130,90,true],"colormag-featured-image":["https:\/\/spontanedigital.com.tr\/wp-content\/uploads\/2026\/04\/image-786-1024x576-1-800x445.webp",800,445,true],"colormag-default-news":["https:\/\/spontanedigital.com.tr\/wp-content\/uploads\/2026\/04\/image-786-1024x576-1-150x150.webp",150,150,true],"colormag-featured-image-large":["https:\/\/spontanedigital.com.tr\/wp-content\/uploads\/2026\/04\/image-786-1024x576-1.webp",1024,576,false]},"author_info":{"info":["Hayrun Nisa G\u00fcl K\u0131z\u0131ko\u011flu"]},"category_info":"<a href=\"https:\/\/spontanedigital.com.tr\/?cat=1\" rel=\"category\">Genel<\/a> <a href=\"https:\/\/spontanedigital.com.tr\/?cat=12\" rel=\"category\">K\u00fclt\u00fcr-Sanat<\/a>","tag_info":"K\u00fclt\u00fcr-Sanat","comment_count":"0","jetpack_featured_media_url":"https:\/\/spontanedigital.com.tr\/wp-content\/uploads\/2026\/04\/image-786-1024x576-1.webp","jetpack_sharing_enabled":true,"_links":{"self":[{"href":"https:\/\/spontanedigital.com.tr\/index.php?rest_route=\/wp\/v2\/posts\/10159","targetHints":{"allow":["GET"]}}],"collection":[{"href":"https:\/\/spontanedigital.com.tr\/index.php?rest_route=\/wp\/v2\/posts"}],"about":[{"href":"https:\/\/spontanedigital.com.tr\/index.php?rest_route=\/wp\/v2\/types\/post"}],"author":[{"embeddable":true,"href":"https:\/\/spontanedigital.com.tr\/index.php?rest_route=\/wp\/v2\/users\/6"}],"replies":[{"embeddable":true,"href":"https:\/\/spontanedigital.com.tr\/index.php?rest_route=%2Fwp%2Fv2%2Fcomments&post=10159"}],"version-history":[{"count":2,"href":"https:\/\/spontanedigital.com.tr\/index.php?rest_route=\/wp\/v2\/posts\/10159\/revisions"}],"predecessor-version":[{"id":10180,"href":"https:\/\/spontanedigital.com.tr\/index.php?rest_route=\/wp\/v2\/posts\/10159\/revisions\/10180"}],"wp:featuredmedia":[{"embeddable":true,"href":"https:\/\/spontanedigital.com.tr\/index.php?rest_route=\/wp\/v2\/media\/10160"}],"wp:attachment":[{"href":"https:\/\/spontanedigital.com.tr\/index.php?rest_route=%2Fwp%2Fv2%2Fmedia&parent=10159"}],"wp:term":[{"taxonomy":"category","embeddable":true,"href":"https:\/\/spontanedigital.com.tr\/index.php?rest_route=%2Fwp%2Fv2%2Fcategories&post=10159"},{"taxonomy":"post_tag","embeddable":true,"href":"https:\/\/spontanedigital.com.tr\/index.php?rest_route=%2Fwp%2Fv2%2Ftags&post=10159"}],"curies":[{"name":"wp","href":"https:\/\/api.w.org\/{rel}","templated":true}]}}