{"id":10242,"date":"2026-04-28T21:20:20","date_gmt":"2026-04-28T18:20:20","guid":{"rendered":"https:\/\/spontanedigital.com.tr\/?p=10242"},"modified":"2026-04-28T21:20:26","modified_gmt":"2026-04-28T18:20:26","slug":"galatasaray-derbisi-sonrasi-fenerbahcede-deprem-tedesco-gitti-edersona-agir-ceza","status":"publish","type":"post","link":"https:\/\/spontanedigital.com.tr\/?p=10242","title":{"rendered":"Galatasaray Derbisi Sonras\u0131 Fenerbah\u00e7e&#8217;de Deprem: Tedesco Gitti, Ederson&#8217;a A\u011f\u0131r Ceza!"},"content":{"rendered":"\n<p>S\u00fcper Lig&#8217;in 31. haftas\u0131nda Galatasaray&#8217;a deplasmanda 3-0 ma\u011flup olarak \u015fampiyonluk yar\u0131\u015f\u0131nda a\u011f\u0131r bir yara alan Fenerbah\u00e7e&#8217;de fatura kesildi; teknik direkt\u00f6r Domenico Tedesco ve sportif direkt\u00f6r Devin \u00d6zek ile yollar ayr\u0131ld\u0131.<\/p>\n\n\n\n<p><strong>Fenerbah\u00e7e,<\/strong>&nbsp;S\u00fcper Lig&#8217;in 31. haftas\u0131nda deplasmanda&nbsp;<strong>Galatasaray<\/strong>&#8216;a 3-0 ma\u011flup olarak zirve yar\u0131\u015f\u0131nda a\u011f\u0131r yara ald\u0131.&nbsp;<\/p>\n\n\n\n<h3 class=\"wp-block-heading\">TEDESCO \u0130LE YOLLAR AYRILDI<\/h3>\n\n\n\n<p>Sadettin Saran ve y\u00f6netim kurulunun pazartesi g\u00fcn\u00fc art arda ger\u00e7ekle\u015ftirdi\u011fi toplant\u0131lar sonras\u0131 Teknik Direkt\u00f6r Domenico Tedesco ve Sportif Direkt\u00f6r Devin \u00d6zek ile yollar\u0131n ayr\u0131ld\u0131\u011f\u0131 a\u00e7\u0131kland\u0131.&nbsp;<\/p>\n\n\n\n<h3 class=\"wp-block-heading\">EDERSON&#8217;UN CEZASI BELL\u0130 OLDU<\/h3>\n\n\n\n<p>Sar\u0131-lacivertli ekibin, \u00c7aykur Rizespor ma\u00e7\u0131ndaki hatas\u0131n\u0131n ard\u0131ndan Galatasaray derbisinde de k\u0131rm\u0131z\u0131 kart g\u00f6rerek ele\u015ftiri oklar\u0131n\u0131n hedefi haline Brezilyal\u0131 kaleci&nbsp;<strong>Ederson<\/strong>&nbsp;hakk\u0131nda da karar verdi\u011fi iddia edildi.<\/p>\n\n\n\n<p><strong>Bein Sports&#8217;ta yer alan habere g\u00f6re<\/strong>, \u00c7aykur Rizespor ma\u00e7\u0131ndaki hatas\u0131n\u0131n ard\u0131ndan Galatasaray derbisinde de k\u0131rm\u0131z\u0131 kart g\u00f6rerek ele\u015ftiri oklar\u0131n\u0131n hedefi haline Brezilyal\u0131 kaleci Ederson&#8217;a para cezas\u0131 verildi.<\/p>\n\n\n\n<p>Haberde, Tecr\u00fcbeli file bek\u00e7isinin PFDK&#8217;dan alaca\u011f\u0131 cezayla sezonu kapatmas\u0131n\u0131n beklenildi\u011fi belirtildi.<\/p>\n\n\n\n<p>Kaynak: <a href=\"https:\/\/www.cumhuriyet.com.tr\/spor\/galatasaray-macinda-kirmizi-kart-gormustu-fenerbahce-den-ederson-karari-2499103\" type=\"link\" id=\"https:\/\/www.cumhuriyet.com.tr\/spor\/galatasaray-macinda-kirmizi-kart-gormustu-fenerbahce-den-ederson-karari-2499103\">Cumhuriyet<\/a><\/p>\n\n\n\n<p>Yay\u0131nlanma Tarihi: 28.04.2026 Saati: 21:20<\/p>\n\n\n<div class=\"taxonomy-post_tag wp-block-post-terms\"><a href=\"https:\/\/spontanedigital.com.tr\/?tag=derbi-faturasi\" rel=\"tag\">derbi faturas\u0131<\/a><span class=\"wp-block-post-terms__separator\">, <\/span><a href=\"https:\/\/spontanedigital.com.tr\/?tag=devin-ozek\" rel=\"tag\">Devin \u00d6zek<\/a><span class=\"wp-block-post-terms__separator\">, <\/span><a href=\"https:\/\/spontanedigital.com.tr\/?tag=domenico-tedesco\" rel=\"tag\">Domenico Tedesco<\/a><span class=\"wp-block-post-terms__separator\">, <\/span><a href=\"https:\/\/spontanedigital.com.tr\/?tag=ederson\" rel=\"tag\">Ederson<\/a><span class=\"wp-block-post-terms__separator\">, <\/span><a href=\"https:\/\/spontanedigital.com.tr\/?tag=fenerbahce\" rel=\"tag\">fenerbah\u00e7e<\/a><span class=\"wp-block-post-terms__separator\">, <\/span><a href=\"https:\/\/spontanedigital.com.tr\/?tag=futbol-gundemi\" rel=\"tag\">Futbol G\u00fcndemi<\/a><span class=\"wp-block-post-terms__separator\">, <\/span><a href=\"https:\/\/spontanedigital.com.tr\/?tag=galatasaray\" rel=\"tag\">Galatasaray<\/a><span class=\"wp-block-post-terms__separator\">, <\/span><a href=\"https:\/\/spontanedigital.com.tr\/?tag=galatasaray-fenerbahce-3-0\" rel=\"tag\">Galatasaray Fenerbah\u00e7e 3-0<\/a><span class=\"wp-block-post-terms__separator\">, <\/span><a href=\"https:\/\/spontanedigital.com.tr\/?tag=mac-analizi\" rel=\"tag\">ma\u00e7 analizi<\/a><span class=\"wp-block-post-terms__separator\">, <\/span><a href=\"https:\/\/spontanedigital.com.tr\/?tag=pfdk-cezalari\" rel=\"tag\">PFDK cezalar\u0131<\/a><span class=\"wp-block-post-terms__separator\">, <\/span><a href=\"https:\/\/spontanedigital.com.tr\/?tag=sadettin-saran\" rel=\"tag\">sadettin saran<\/a><span class=\"wp-block-post-terms__separator\">, <\/span><a href=\"https:\/\/spontanedigital.com.tr\/?tag=spor-haberleri\" rel=\"tag\">Spor Haberleri<\/a><span class=\"wp-block-post-terms__separator\">, <\/span><a href=\"https:\/\/spontanedigital.com.tr\/?tag=super-lig\" rel=\"tag\">S\u00fcper Lig<\/a><span class=\"wp-block-post-terms__separator\">, <\/span><a href=\"https:\/\/spontanedigital.com.tr\/?tag=yarim-vole\" rel=\"tag\">Yar\u0131m Vole<\/a><\/div>","protected":false},"excerpt":{"rendered":"<p>S\u00fcper Lig&#8217;in 31. haftas\u0131nda Galatasaray&#8217;a deplasmanda 3-0 ma\u011flup olarak \u015fampiyonluk yar\u0131\u015f\u0131nda a\u011f\u0131r bir yara alan Fenerbah\u00e7e&#8217;de fatura kesildi; teknik direkt\u00f6r<\/p>\n","protected":false},"author":3,"featured_media":10243,"comment_status":"open","ping_status":"open","sticky":false,"template":"","format":"standard","meta":{"colormag_page_container_layout":"default_layout","colormag_page_sidebar_layout":"default_layout","_jetpack_memberships_contains_paid_content":false,"footnotes":""},"categories":[1,6],"tags":[8023,8025,134,137,104,3221,113,8022,8026,8024,1379,3012,2997,3002],"class_list":["post-10242","post","type-post","status-publish","format-standard","has-post-thumbnail","hentry","category-genel","category-spor","tag-derbi-faturasi","tag-devin-ozek","tag-domenico-tedesco","tag-ederson","tag-fenerbahce","tag-futbol-gundemi","tag-galatasaray","tag-galatasaray-fenerbahce-3-0","tag-mac-analizi","tag-pfdk-cezalari","tag-sadettin-saran","tag-spor-haberleri","tag-super-lig","tag-yarim-vole"],"magazineBlocksPostFeaturedMedia":{"thumbnail":"https:\/\/spontanedigital.com.tr\/wp-content\/uploads\/2026\/04\/24647ae9-69e9-4ca9-81fe-804529064315-150x150.webp","medium":"https:\/\/spontanedigital.com.tr\/wp-content\/uploads\/2026\/04\/24647ae9-69e9-4ca9-81fe-804529064315-300x169.webp","medium_large":"https:\/\/spontanedigital.com.tr\/wp-content\/uploads\/2026\/04\/24647ae9-69e9-4ca9-81fe-804529064315-768x432.webp","large":"https:\/\/spontanedigital.com.tr\/wp-content\/uploads\/2026\/04\/24647ae9-69e9-4ca9-81fe-804529064315-1024x576.webp","1536x1536":"https:\/\/spontanedigital.com.tr\/wp-content\/uploads\/2026\/04\/24647ae9-69e9-4ca9-81fe-804529064315.webp","2048x2048":"https:\/\/spontanedigital.com.tr\/wp-content\/uploads\/2026\/04\/24647ae9-69e9-4ca9-81fe-804529064315.webp","ultp_layout_landscape_large":"https:\/\/spontanedigital.com.tr\/wp-content\/uploads\/2026\/04\/24647ae9-69e9-4ca9-81fe-804529064315-1200x720.webp","ultp_layout_landscape":"https:\/\/spontanedigital.com.tr\/wp-content\/uploads\/2026\/04\/24647ae9-69e9-4ca9-81fe-804529064315-870x570.webp","ultp_layout_portrait":"https:\/\/spontanedigital.com.tr\/wp-content\/uploads\/2026\/04\/24647ae9-69e9-4ca9-81fe-804529064315-600x720.webp","ultp_layout_square":"https:\/\/spontanedigital.com.tr\/wp-content\/uploads\/2026\/04\/24647ae9-69e9-4ca9-81fe-804529064315-600x600.webp","colormag-highlighted-post":"https:\/\/spontanedigital.com.tr\/wp-content\/uploads\/2026\/04\/24647ae9-69e9-4ca9-81fe-804529064315-392x272.webp","colormag-featured-post-medium":"https:\/\/spontanedigital.com.tr\/wp-content\/uploads\/2026\/04\/24647ae9-69e9-4ca9-81fe-804529064315-390x205.webp","colormag-featured-post-small":"https:\/\/spontanedigital.com.tr\/wp-content\/uploads\/2026\/04\/24647ae9-69e9-4ca9-81fe-804529064315-130x90.webp","colormag-featured-image":"https:\/\/spontanedigital.com.tr\/wp-content\/uploads\/2026\/04\/24647ae9-69e9-4ca9-81fe-804529064315-800x445.webp","colormag-default-news":"https:\/\/spontanedigital.com.tr\/wp-content\/uploads\/2026\/04\/24647ae9-69e9-4ca9-81fe-804529064315-150x150.webp","colormag-featured-image-large":"https:\/\/spontanedigital.com.tr\/wp-content\/uploads\/2026\/04\/24647ae9-69e9-4ca9-81fe-804529064315-1280x600.webp"},"magazineBlocksPostAuthor":{"name":"Fevzi Can \u015e\u0131\u011fva","avatar":"https:\/\/spontanedigital.com.tr\/wp-content\/uploads\/2026\/02\/WhatsApp-Image-2026-02-27-at-13.44.37-150x150.jpeg"},"magazineBlocksPostCommentsNumber":"0","magazineBlocksPostExcerpt":"S\u00fcper Lig&#8217;in 31. haftas\u0131nda Galatasaray&#8217;a deplasmanda 3-0 ma\u011flup olarak \u015fampiyonluk yar\u0131\u015f\u0131nda a\u011f\u0131r bir yara alan Fenerbah\u00e7e&#8217;de fatura kesildi; teknik direkt\u00f6r","magazineBlocksPostCategories":["Genel","Spor"],"magazineBlocksPostViewCount":4,"magazineBlocksPostReadTime":2,"magazine_blocks_featured_image_url":{"full":["https:\/\/spontanedigital.com.tr\/wp-content\/uploads\/2026\/04\/24647ae9-69e9-4ca9-81fe-804529064315.webp",1280,720,false],"medium":["https:\/\/spontanedigital.com.tr\/wp-content\/uploads\/2026\/04\/24647ae9-69e9-4ca9-81fe-804529064315-300x169.webp",300,169,true],"thumbnail":["https:\/\/spontanedigital.com.tr\/wp-content\/uploads\/2026\/04\/24647ae9-69e9-4ca9-81fe-804529064315-150x150.webp",150,150,true]},"magazine_blocks_author":{"display_name":"Fevzi Can \u015e\u0131\u011fva","author_link":"https:\/\/spontanedigital.com.tr\/?author=3"},"magazine_blocks_comment":0,"magazine_blocks_author_image":"https:\/\/spontanedigital.com.tr\/wp-content\/uploads\/2026\/02\/WhatsApp-Image-2026-02-27-at-13.44.37-150x150.jpeg","magazine_blocks_category":"<a href=\"#\" class=\"category-link category-link-1\">Genel<\/a> <a href=\"#\" class=\"category-link category-link-6\">Spor<\/a>","yoast_head":"<!-- This site is optimized with the Yoast SEO plugin v27.4 - https:\/\/yoast.com\/product\/yoast-seo-wordpress\/ -->\n<title>Galatasaray Derbisi Sonras\u0131 Fenerbah\u00e7e&#039;de Deprem: Tedesco Gitti, Ederson&#039;a A\u011f\u0131r Ceza! &#8211; Spontane Digital<\/title>\n<meta name=\"robots\" content=\"index, follow, max-snippet:-1, max-image-preview:large, max-video-preview:-1\" \/>\n<link rel=\"canonical\" href=\"https:\/\/spontanedigital.com.tr\/?p=10242\" \/>\n<meta property=\"og:locale\" content=\"tr_TR\" \/>\n<meta property=\"og:type\" content=\"article\" \/>\n<meta property=\"og:title\" content=\"Galatasaray Derbisi Sonras\u0131 Fenerbah\u00e7e&#039;de Deprem: Tedesco Gitti, Ederson&#039;a A\u011f\u0131r Ceza! &#8211; Spontane Digital\" \/>\n<meta property=\"og:description\" content=\"S\u00fcper Lig&#8217;in 31. haftas\u0131nda Galatasaray&#8217;a deplasmanda 3-0 ma\u011flup olarak \u015fampiyonluk yar\u0131\u015f\u0131nda a\u011f\u0131r bir yara alan Fenerbah\u00e7e&#8217;de fatura kesildi; teknik direkt\u00f6r\" \/>\n<meta property=\"og:url\" content=\"https:\/\/spontanedigital.com.tr\/?p=10242\" \/>\n<meta property=\"og:site_name\" content=\"Spontane Digital\" \/>\n<meta property=\"article:published_time\" content=\"2026-04-28T18:20:20+00:00\" \/>\n<meta property=\"article:modified_time\" content=\"2026-04-28T18:20:26+00:00\" \/>\n<meta property=\"og:image\" content=\"https:\/\/spontanedigital.com.tr\/wp-content\/uploads\/2026\/04\/24647ae9-69e9-4ca9-81fe-804529064315.webp\" \/>\n\t<meta property=\"og:image:width\" content=\"1280\" \/>\n\t<meta property=\"og:image:height\" content=\"720\" \/>\n\t<meta property=\"og:image:type\" content=\"image\/webp\" \/>\n<meta name=\"author\" content=\"Fevzi Can \u015e\u0131\u011fva\" \/>\n<meta name=\"twitter:card\" content=\"summary_large_image\" \/>\n<meta name=\"twitter:label1\" content=\"Yazan:\" \/>\n\t<meta name=\"twitter:data1\" content=\"Fevzi Can \u015e\u0131\u011fva\" \/>\n\t<meta name=\"twitter:label2\" content=\"Tahmini okuma s\u00fcresi\" \/>\n\t<meta name=\"twitter:data2\" content=\"2 dakika\" \/>\n<script type=\"application\/ld+json\" class=\"yoast-schema-graph\">{\"@context\":\"https:\\\/\\\/schema.org\",\"@graph\":[{\"@type\":\"Article\",\"@id\":\"https:\\\/\\\/spontanedigital.com.tr\\\/?p=10242#article\",\"isPartOf\":{\"@id\":\"https:\\\/\\\/spontanedigital.com.tr\\\/?p=10242\"},\"author\":{\"name\":\"Fevzi Can \u015e\u0131\u011fva\",\"@id\":\"https:\\\/\\\/spontanedigital.com.tr\\\/#\\\/schema\\\/person\\\/3b943e96b188e53110740f11f728ee4f\"},\"headline\":\"Galatasaray Derbisi Sonras\u0131 Fenerbah\u00e7e&#8217;de Deprem: Tedesco Gitti, Ederson&#8217;a A\u011f\u0131r Ceza!\",\"datePublished\":\"2026-04-28T18:20:20+00:00\",\"dateModified\":\"2026-04-28T18:20:26+00:00\",\"mainEntityOfPage\":{\"@id\":\"https:\\\/\\\/spontanedigital.com.tr\\\/?p=10242\"},\"wordCount\":230,\"commentCount\":0,\"publisher\":{\"@id\":\"https:\\\/\\\/spontanedigital.com.tr\\\/#organization\"},\"image\":{\"@id\":\"https:\\\/\\\/spontanedigital.com.tr\\\/?p=10242#primaryimage\"},\"thumbnailUrl\":\"https:\\\/\\\/spontanedigital.com.tr\\\/wp-content\\\/uploads\\\/2026\\\/04\\\/24647ae9-69e9-4ca9-81fe-804529064315.webp\",\"keywords\":[\"derbi faturas\u0131\",\"Devin \u00d6zek\",\"Domenico Tedesco\",\"Ederson\",\"fenerbah\u00e7e\",\"Futbol G\u00fcndemi\",\"Galatasaray\",\"Galatasaray Fenerbah\u00e7e 3-0\",\"ma\u00e7 analizi\",\"PFDK cezalar\u0131\",\"sadettin saran\",\"Spor Haberleri\",\"S\u00fcper Lig\",\"Yar\u0131m Vole\"],\"articleSection\":{\"1\":\"Spor\"},\"inLanguage\":\"tr\",\"potentialAction\":[{\"@type\":\"CommentAction\",\"name\":\"Comment\",\"target\":[\"https:\\\/\\\/spontanedigital.com.tr\\\/?p=10242#respond\"]}]},{\"@type\":\"WebPage\",\"@id\":\"https:\\\/\\\/spontanedigital.com.tr\\\/?p=10242\",\"url\":\"https:\\\/\\\/spontanedigital.com.tr\\\/?p=10242\",\"name\":\"Galatasaray Derbisi Sonras\u0131 Fenerbah\u00e7e'de Deprem: Tedesco Gitti, Ederson'a A\u011f\u0131r Ceza! &#8211; Spontane Digital\",\"isPartOf\":{\"@id\":\"https:\\\/\\\/spontanedigital.com.tr\\\/#website\"},\"primaryImageOfPage\":{\"@id\":\"https:\\\/\\\/spontanedigital.com.tr\\\/?p=10242#primaryimage\"},\"image\":{\"@id\":\"https:\\\/\\\/spontanedigital.com.tr\\\/?p=10242#primaryimage\"},\"thumbnailUrl\":\"https:\\\/\\\/spontanedigital.com.tr\\\/wp-content\\\/uploads\\\/2026\\\/04\\\/24647ae9-69e9-4ca9-81fe-804529064315.webp\",\"datePublished\":\"2026-04-28T18:20:20+00:00\",\"dateModified\":\"2026-04-28T18:20:26+00:00\",\"breadcrumb\":{\"@id\":\"https:\\\/\\\/spontanedigital.com.tr\\\/?p=10242#breadcrumb\"},\"inLanguage\":\"tr\",\"potentialAction\":[{\"@type\":\"ReadAction\",\"target\":[\"https:\\\/\\\/spontanedigital.com.tr\\\/?p=10242\"]}]},{\"@type\":\"ImageObject\",\"inLanguage\":\"tr\",\"@id\":\"https:\\\/\\\/spontanedigital.com.tr\\\/?p=10242#primaryimage\",\"url\":\"https:\\\/\\\/spontanedigital.com.tr\\\/wp-content\\\/uploads\\\/2026\\\/04\\\/24647ae9-69e9-4ca9-81fe-804529064315.webp\",\"contentUrl\":\"https:\\\/\\\/spontanedigital.com.tr\\\/wp-content\\\/uploads\\\/2026\\\/04\\\/24647ae9-69e9-4ca9-81fe-804529064315.webp\",\"width\":1280,\"height\":720},{\"@type\":\"BreadcrumbList\",\"@id\":\"https:\\\/\\\/spontanedigital.com.tr\\\/?p=10242#breadcrumb\",\"itemListElement\":[{\"@type\":\"ListItem\",\"position\":1,\"name\":\"Anasayfa\",\"item\":\"https:\\\/\\\/spontanedigital.com.tr\\\/\"},{\"@type\":\"ListItem\",\"position\":2,\"name\":\"Galatasaray Derbisi Sonras\u0131 Fenerbah\u00e7e&#8217;de Deprem: Tedesco Gitti, Ederson&#8217;a A\u011f\u0131r Ceza!\"}]},{\"@type\":\"WebSite\",\"@id\":\"https:\\\/\\\/spontanedigital.com.tr\\\/#website\",\"url\":\"https:\\\/\\\/spontanedigital.com.tr\\\/\",\"name\":\"Spontane Digital\",\"description\":\"Dijitalde Spontanite\",\"publisher\":{\"@id\":\"https:\\\/\\\/spontanedigital.com.tr\\\/#organization\"},\"potentialAction\":[{\"@type\":\"SearchAction\",\"target\":{\"@type\":\"EntryPoint\",\"urlTemplate\":\"https:\\\/\\\/spontanedigital.com.tr\\\/?s={search_term_string}\"},\"query-input\":{\"@type\":\"PropertyValueSpecification\",\"valueRequired\":true,\"valueName\":\"search_term_string\"}}],\"inLanguage\":\"tr\"},{\"@type\":\"Organization\",\"@id\":\"https:\\\/\\\/spontanedigital.com.tr\\\/#organization\",\"name\":\"Spontane Digital\",\"url\":\"https:\\\/\\\/spontanedigital.com.tr\\\/\",\"logo\":{\"@type\":\"ImageObject\",\"inLanguage\":\"tr\",\"@id\":\"https:\\\/\\\/spontanedigital.com.tr\\\/#\\\/schema\\\/logo\\\/image\\\/\",\"url\":\"https:\\\/\\\/spontanedigital.com.tr\\\/wp-content\\\/uploads\\\/2026\\\/02\\\/Spontane-Beyaz-1.png\",\"contentUrl\":\"https:\\\/\\\/spontanedigital.com.tr\\\/wp-content\\\/uploads\\\/2026\\\/02\\\/Spontane-Beyaz-1.png\",\"width\":1772,\"height\":900,\"caption\":\"Spontane Digital\"},\"image\":{\"@id\":\"https:\\\/\\\/spontanedigital.com.tr\\\/#\\\/schema\\\/logo\\\/image\\\/\"}},{\"@type\":\"Person\",\"@id\":\"https:\\\/\\\/spontanedigital.com.tr\\\/#\\\/schema\\\/person\\\/3b943e96b188e53110740f11f728ee4f\",\"name\":\"Fevzi Can \u015e\u0131\u011fva\",\"image\":{\"@type\":\"ImageObject\",\"inLanguage\":\"tr\",\"@id\":\"https:\\\/\\\/spontanedigital.com.tr\\\/wp-content\\\/uploads\\\/2026\\\/02\\\/WhatsApp-Image-2026-02-27-at-13.44.37-150x150.jpeg\",\"url\":\"https:\\\/\\\/spontanedigital.com.tr\\\/wp-content\\\/uploads\\\/2026\\\/02\\\/WhatsApp-Image-2026-02-27-at-13.44.37-150x150.jpeg\",\"contentUrl\":\"https:\\\/\\\/spontanedigital.com.tr\\\/wp-content\\\/uploads\\\/2026\\\/02\\\/WhatsApp-Image-2026-02-27-at-13.44.37-150x150.jpeg\",\"caption\":\"Fevzi Can \u015e\u0131\u011fva\"},\"description\":\"Dijital oyun d\u00fcnyas\u0131ndaki en son trendleri ve spor camias\u0131ndaki dinamik geli\u015fmeleri takip eden Fevzi Can, rekabetin ve e\u011flencenin nabz\u0131n\u0131 tutan i\u00e7eriklerle okurlar\u0131m\u0131za ula\u015f\u0131yor.\",\"url\":\"https:\\\/\\\/spontanedigital.com.tr\\\/?author=3\"}]}<\/script>\n<!-- \/ Yoast SEO plugin. -->","yoast_head_json":{"title":"Galatasaray Derbisi Sonras\u0131 Fenerbah\u00e7e'de Deprem: Tedesco Gitti, Ederson'a A\u011f\u0131r Ceza! &#8211; Spontane Digital","robots":{"index":"index","follow":"follow","max-snippet":"max-snippet:-1","max-image-preview":"max-image-preview:large","max-video-preview":"max-video-preview:-1"},"canonical":"https:\/\/spontanedigital.com.tr\/?p=10242","og_locale":"tr_TR","og_type":"article","og_title":"Galatasaray Derbisi Sonras\u0131 Fenerbah\u00e7e'de Deprem: Tedesco Gitti, Ederson'a A\u011f\u0131r Ceza! &#8211; Spontane Digital","og_description":"S\u00fcper Lig&#8217;in 31. haftas\u0131nda Galatasaray&#8217;a deplasmanda 3-0 ma\u011flup olarak \u015fampiyonluk yar\u0131\u015f\u0131nda a\u011f\u0131r bir yara alan Fenerbah\u00e7e&#8217;de fatura kesildi; teknik direkt\u00f6r","og_url":"https:\/\/spontanedigital.com.tr\/?p=10242","og_site_name":"Spontane Digital","article_published_time":"2026-04-28T18:20:20+00:00","article_modified_time":"2026-04-28T18:20:26+00:00","og_image":[{"width":1280,"height":720,"url":"https:\/\/spontanedigital.com.tr\/wp-content\/uploads\/2026\/04\/24647ae9-69e9-4ca9-81fe-804529064315.webp","type":"image\/webp"}],"author":"Fevzi Can \u015e\u0131\u011fva","twitter_card":"summary_large_image","twitter_misc":{"Yazan:":"Fevzi Can \u015e\u0131\u011fva","Tahmini okuma s\u00fcresi":"2 dakika"},"schema":{"@context":"https:\/\/schema.org","@graph":[{"@type":"Article","@id":"https:\/\/spontanedigital.com.tr\/?p=10242#article","isPartOf":{"@id":"https:\/\/spontanedigital.com.tr\/?p=10242"},"author":{"name":"Fevzi Can \u015e\u0131\u011fva","@id":"https:\/\/spontanedigital.com.tr\/#\/schema\/person\/3b943e96b188e53110740f11f728ee4f"},"headline":"Galatasaray Derbisi Sonras\u0131 Fenerbah\u00e7e&#8217;de Deprem: Tedesco Gitti, Ederson&#8217;a A\u011f\u0131r Ceza!","datePublished":"2026-04-28T18:20:20+00:00","dateModified":"2026-04-28T18:20:26+00:00","mainEntityOfPage":{"@id":"https:\/\/spontanedigital.com.tr\/?p=10242"},"wordCount":230,"commentCount":0,"publisher":{"@id":"https:\/\/spontanedigital.com.tr\/#organization"},"image":{"@id":"https:\/\/spontanedigital.com.tr\/?p=10242#primaryimage"},"thumbnailUrl":"https:\/\/spontanedigital.com.tr\/wp-content\/uploads\/2026\/04\/24647ae9-69e9-4ca9-81fe-804529064315.webp","keywords":["derbi faturas\u0131","Devin \u00d6zek","Domenico Tedesco","Ederson","fenerbah\u00e7e","Futbol G\u00fcndemi","Galatasaray","Galatasaray Fenerbah\u00e7e 3-0","ma\u00e7 analizi","PFDK cezalar\u0131","sadettin saran","Spor Haberleri","S\u00fcper Lig","Yar\u0131m Vole"],"articleSection":{"1":"Spor"},"inLanguage":"tr","potentialAction":[{"@type":"CommentAction","name":"Comment","target":["https:\/\/spontanedigital.com.tr\/?p=10242#respond"]}]},{"@type":"WebPage","@id":"https:\/\/spontanedigital.com.tr\/?p=10242","url":"https:\/\/spontanedigital.com.tr\/?p=10242","name":"Galatasaray Derbisi Sonras\u0131 Fenerbah\u00e7e'de Deprem: Tedesco Gitti, Ederson'a A\u011f\u0131r Ceza! &#8211; Spontane Digital","isPartOf":{"@id":"https:\/\/spontanedigital.com.tr\/#website"},"primaryImageOfPage":{"@id":"https:\/\/spontanedigital.com.tr\/?p=10242#primaryimage"},"image":{"@id":"https:\/\/spontanedigital.com.tr\/?p=10242#primaryimage"},"thumbnailUrl":"https:\/\/spontanedigital.com.tr\/wp-content\/uploads\/2026\/04\/24647ae9-69e9-4ca9-81fe-804529064315.webp","datePublished":"2026-04-28T18:20:20+00:00","dateModified":"2026-04-28T18:20:26+00:00","breadcrumb":{"@id":"https:\/\/spontanedigital.com.tr\/?p=10242#breadcrumb"},"inLanguage":"tr","potentialAction":[{"@type":"ReadAction","target":["https:\/\/spontanedigital.com.tr\/?p=10242"]}]},{"@type":"ImageObject","inLanguage":"tr","@id":"https:\/\/spontanedigital.com.tr\/?p=10242#primaryimage","url":"https:\/\/spontanedigital.com.tr\/wp-content\/uploads\/2026\/04\/24647ae9-69e9-4ca9-81fe-804529064315.webp","contentUrl":"https:\/\/spontanedigital.com.tr\/wp-content\/uploads\/2026\/04\/24647ae9-69e9-4ca9-81fe-804529064315.webp","width":1280,"height":720},{"@type":"BreadcrumbList","@id":"https:\/\/spontanedigital.com.tr\/?p=10242#breadcrumb","itemListElement":[{"@type":"ListItem","position":1,"name":"Anasayfa","item":"https:\/\/spontanedigital.com.tr\/"},{"@type":"ListItem","position":2,"name":"Galatasaray Derbisi Sonras\u0131 Fenerbah\u00e7e&#8217;de Deprem: Tedesco Gitti, Ederson&#8217;a A\u011f\u0131r Ceza!"}]},{"@type":"WebSite","@id":"https:\/\/spontanedigital.com.tr\/#website","url":"https:\/\/spontanedigital.com.tr\/","name":"Spontane Digital","description":"Dijitalde Spontanite","publisher":{"@id":"https:\/\/spontanedigital.com.tr\/#organization"},"potentialAction":[{"@type":"SearchAction","target":{"@type":"EntryPoint","urlTemplate":"https:\/\/spontanedigital.com.tr\/?s={search_term_string}"},"query-input":{"@type":"PropertyValueSpecification","valueRequired":true,"valueName":"search_term_string"}}],"inLanguage":"tr"},{"@type":"Organization","@id":"https:\/\/spontanedigital.com.tr\/#organization","name":"Spontane Digital","url":"https:\/\/spontanedigital.com.tr\/","logo":{"@type":"ImageObject","inLanguage":"tr","@id":"https:\/\/spontanedigital.com.tr\/#\/schema\/logo\/image\/","url":"https:\/\/spontanedigital.com.tr\/wp-content\/uploads\/2026\/02\/Spontane-Beyaz-1.png","contentUrl":"https:\/\/spontanedigital.com.tr\/wp-content\/uploads\/2026\/02\/Spontane-Beyaz-1.png","width":1772,"height":900,"caption":"Spontane Digital"},"image":{"@id":"https:\/\/spontanedigital.com.tr\/#\/schema\/logo\/image\/"}},{"@type":"Person","@id":"https:\/\/spontanedigital.com.tr\/#\/schema\/person\/3b943e96b188e53110740f11f728ee4f","name":"Fevzi Can \u015e\u0131\u011fva","image":{"@type":"ImageObject","inLanguage":"tr","@id":"https:\/\/spontanedigital.com.tr\/wp-content\/uploads\/2026\/02\/WhatsApp-Image-2026-02-27-at-13.44.37-150x150.jpeg","url":"https:\/\/spontanedigital.com.tr\/wp-content\/uploads\/2026\/02\/WhatsApp-Image-2026-02-27-at-13.44.37-150x150.jpeg","contentUrl":"https:\/\/spontanedigital.com.tr\/wp-content\/uploads\/2026\/02\/WhatsApp-Image-2026-02-27-at-13.44.37-150x150.jpeg","caption":"Fevzi Can \u015e\u0131\u011fva"},"description":"Dijital oyun d\u00fcnyas\u0131ndaki en son trendleri ve spor camias\u0131ndaki dinamik geli\u015fmeleri takip eden Fevzi Can, rekabetin ve e\u011flencenin nabz\u0131n\u0131 tutan i\u00e7eriklerle okurlar\u0131m\u0131za ula\u015f\u0131yor.","url":"https:\/\/spontanedigital.com.tr\/?author=3"}]}},"featured_image_urls":{"full":["https:\/\/spontanedigital.com.tr\/wp-content\/uploads\/2026\/04\/24647ae9-69e9-4ca9-81fe-804529064315.webp",1280,720,false],"thumbnail":["https:\/\/spontanedigital.com.tr\/wp-content\/uploads\/2026\/04\/24647ae9-69e9-4ca9-81fe-804529064315-150x150.webp",150,150,true],"medium":["https:\/\/spontanedigital.com.tr\/wp-content\/uploads\/2026\/04\/24647ae9-69e9-4ca9-81fe-804529064315-300x169.webp",300,169,true],"medium_large":["https:\/\/spontanedigital.com.tr\/wp-content\/uploads\/2026\/04\/24647ae9-69e9-4ca9-81fe-804529064315-768x432.webp",768,432,true],"large":["https:\/\/spontanedigital.com.tr\/wp-content\/uploads\/2026\/04\/24647ae9-69e9-4ca9-81fe-804529064315-1024x576.webp",800,450,true],"1536x1536":["https:\/\/spontanedigital.com.tr\/wp-content\/uploads\/2026\/04\/24647ae9-69e9-4ca9-81fe-804529064315.webp",1280,720,false],"2048x2048":["https:\/\/spontanedigital.com.tr\/wp-content\/uploads\/2026\/04\/24647ae9-69e9-4ca9-81fe-804529064315.webp",1280,720,false],"ultp_layout_landscape_large":["https:\/\/spontanedigital.com.tr\/wp-content\/uploads\/2026\/04\/24647ae9-69e9-4ca9-81fe-804529064315-1200x720.webp",1200,720,true],"ultp_layout_landscape":["https:\/\/spontanedigital.com.tr\/wp-content\/uploads\/2026\/04\/24647ae9-69e9-4ca9-81fe-804529064315-870x570.webp",870,570,true],"ultp_layout_portrait":["https:\/\/spontanedigital.com.tr\/wp-content\/uploads\/2026\/04\/24647ae9-69e9-4ca9-81fe-804529064315-600x720.webp",600,720,true],"ultp_layout_square":["https:\/\/spontanedigital.com.tr\/wp-content\/uploads\/2026\/04\/24647ae9-69e9-4ca9-81fe-804529064315-600x600.webp",600,600,true],"colormag-highlighted-post":["https:\/\/spontanedigital.com.tr\/wp-content\/uploads\/2026\/04\/24647ae9-69e9-4ca9-81fe-804529064315-392x272.webp",392,272,true],"colormag-featured-post-medium":["https:\/\/spontanedigital.com.tr\/wp-content\/uploads\/2026\/04\/24647ae9-69e9-4ca9-81fe-804529064315-390x205.webp",390,205,true],"colormag-featured-post-small":["https:\/\/spontanedigital.com.tr\/wp-content\/uploads\/2026\/04\/24647ae9-69e9-4ca9-81fe-804529064315-130x90.webp",130,90,true],"colormag-featured-image":["https:\/\/spontanedigital.com.tr\/wp-content\/uploads\/2026\/04\/24647ae9-69e9-4ca9-81fe-804529064315-800x445.webp",800,445,true],"colormag-default-news":["https:\/\/spontanedigital.com.tr\/wp-content\/uploads\/2026\/04\/24647ae9-69e9-4ca9-81fe-804529064315-150x150.webp",150,150,true],"colormag-featured-image-large":["https:\/\/spontanedigital.com.tr\/wp-content\/uploads\/2026\/04\/24647ae9-69e9-4ca9-81fe-804529064315-1280x600.webp",1280,600,true]},"author_info":{"info":["Fevzi Can \u015e\u0131\u011fva"]},"category_info":"<a href=\"https:\/\/spontanedigital.com.tr\/?cat=1\" rel=\"category\">Genel<\/a> <a href=\"https:\/\/spontanedigital.com.tr\/?cat=6\" rel=\"category\">Spor<\/a>","tag_info":"Spor","comment_count":"0","jetpack_featured_media_url":"https:\/\/spontanedigital.com.tr\/wp-content\/uploads\/2026\/04\/24647ae9-69e9-4ca9-81fe-804529064315.webp","jetpack_sharing_enabled":true,"_links":{"self":[{"href":"https:\/\/spontanedigital.com.tr\/index.php?rest_route=\/wp\/v2\/posts\/10242","targetHints":{"allow":["GET"]}}],"collection":[{"href":"https:\/\/spontanedigital.com.tr\/index.php?rest_route=\/wp\/v2\/posts"}],"about":[{"href":"https:\/\/spontanedigital.com.tr\/index.php?rest_route=\/wp\/v2\/types\/post"}],"author":[{"embeddable":true,"href":"https:\/\/spontanedigital.com.tr\/index.php?rest_route=\/wp\/v2\/users\/3"}],"replies":[{"embeddable":true,"href":"https:\/\/spontanedigital.com.tr\/index.php?rest_route=%2Fwp%2Fv2%2Fcomments&post=10242"}],"version-history":[{"count":1,"href":"https:\/\/spontanedigital.com.tr\/index.php?rest_route=\/wp\/v2\/posts\/10242\/revisions"}],"predecessor-version":[{"id":10244,"href":"https:\/\/spontanedigital.com.tr\/index.php?rest_route=\/wp\/v2\/posts\/10242\/revisions\/10244"}],"wp:featuredmedia":[{"embeddable":true,"href":"https:\/\/spontanedigital.com.tr\/index.php?rest_route=\/wp\/v2\/media\/10243"}],"wp:attachment":[{"href":"https:\/\/spontanedigital.com.tr\/index.php?rest_route=%2Fwp%2Fv2%2Fmedia&parent=10242"}],"wp:term":[{"taxonomy":"category","embeddable":true,"href":"https:\/\/spontanedigital.com.tr\/index.php?rest_route=%2Fwp%2Fv2%2Fcategories&post=10242"},{"taxonomy":"post_tag","embeddable":true,"href":"https:\/\/spontanedigital.com.tr\/index.php?rest_route=%2Fwp%2Fv2%2Ftags&post=10242"}],"curies":[{"name":"wp","href":"https:\/\/api.w.org\/{rel}","templated":true}]}}