{"id":10319,"date":"2026-04-29T16:14:38","date_gmt":"2026-04-29T13:14:38","guid":{"rendered":"https:\/\/spontanedigital.com.tr\/?p=10319"},"modified":"2026-04-29T16:14:46","modified_gmt":"2026-04-29T13:14:46","slug":"fenerbahcede-yeni-baskana-saatli-bomba-39-kisilik-dev-kadro-krizi","status":"publish","type":"post","link":"https:\/\/spontanedigital.com.tr\/?p=10319","title":{"rendered":"Fenerbah\u00e7e&#8217;de Yeni Ba\u015fkana Saatli Bomba! 39 Ki\u015filik Dev Kadro Krizi"},"content":{"rendered":"\n<p>Galatasaray hezimeti sonras\u0131 Ba\u015fkan Sadettin Saran&#8217;\u0131n aday olmayaca\u011f\u0131n\u0131 a\u00e7\u0131klayarak ola\u011fan\u00fcst\u00fc se\u00e7im karar\u0131 ald\u0131\u011f\u0131 Fenerbah\u00e7e&#8217;de, 6-7 Haziran&#8217;da g\u00f6reve gelecek yeni ba\u015fkan\u0131 39 futbolculuk devasa bir kadro y\u00fck\u00fc bekliyor.<\/p>\n\n\n\n<p>Fenerbah\u00e7e&#8217;de mevcut ba\u015fkan Sadettin Saran&#8217;\u0131n se\u00e7im karar\u0131n\u0131n ard\u0131ndan, sar\u0131 lacivertlilerde bir yandan g\u00f6zler yeni y\u00f6netime \u00e7evrilirken, di\u011fer yandan da gelecek sezonun planlamalar\u0131na \u00e7evrildi. Fenerbah\u00e7e&#8217;de yeni ba\u015fkan\u0131 39 futbolcu bekliyor.<\/p>\n\n\n\n<p><a href=\"https:\/\/www.hurriyet.com.tr\/sporarena\/fenerbahce-haberleri\/\" target=\"_blank\" rel=\"noreferrer noopener\">Fenerbah\u00e7e<\/a>, son olarak&nbsp;<a href=\"https:\/\/www.hurriyet.com.tr\/haberleri\/super-lig\" target=\"_blank\" rel=\"noreferrer noopener\">S\u00fcper Lig<\/a>&#8216;de&nbsp;<a href=\"https:\/\/www.hurriyet.com.tr\/sporarena\/galatasaray-haberleri\/\" target=\"_blank\" rel=\"noreferrer noopener\">Galatasaray<\/a>&#8216;a 3-0 ma\u011flup olmas\u0131n\u0131n ard\u0131ndan \u015fampiyonlu\u011fu ezeli rakibine kapt\u0131rd\u0131.<\/p>\n\n\n\n<p>Ma\u00e7\u0131n ard\u0131ndan Fenerbah\u00e7e&#8217;de Ba\u015fkan Sadettin Saran, kul\u00fcp taraf\u0131ndan yap\u0131lan resmi a\u00e7\u0131klamada se\u00e7ime gidilece\u011fini duyurdu. Bununla beraber sportif direkt\u00f6r Devin \u00d6zek ve Teknik Direkt\u00f6r Domenico Tedesco ile yollar\u0131n\u0131 ay\u0131rd\u0131.<\/p>\n\n\n\n<figure class=\"wp-block-image size-full\"><img loading=\"lazy\" decoding=\"async\" width=\"770\" height=\"433\" src=\"https:\/\/spontanedigital.com.tr\/wp-content\/uploads\/2026\/04\/69f1f461866d2a00cd559a08.webp\" alt=\"\" class=\"wp-image-10320\" srcset=\"https:\/\/spontanedigital.com.tr\/wp-content\/uploads\/2026\/04\/69f1f461866d2a00cd559a08.webp 770w, https:\/\/spontanedigital.com.tr\/wp-content\/uploads\/2026\/04\/69f1f461866d2a00cd559a08-300x169.webp 300w, https:\/\/spontanedigital.com.tr\/wp-content\/uploads\/2026\/04\/69f1f461866d2a00cd559a08-768x432.webp 768w\" sizes=\"auto, (max-width: 770px) 100vw, 770px\" \/><\/figure>\n\n\n\n<p><a href=\"https:\/\/www.hurriyet.com.tr\/haberleri\/sadettin-saran\" target=\"_blank\" rel=\"noreferrer noopener\">Sadettin Saran<\/a>, se\u00e7imin 6-7 Haziran tarihlerinde yap\u0131laca\u011f\u0131n\u0131 ve kendisinin aday olmad\u0131\u011f\u0131n\u0131 duyurdu.<\/p>\n\n\n\n<p><strong>3 ADAY VAR<\/strong><\/p>\n\n\n\n<p>Fenerbah\u00e7e&#8217;de ba\u015fkan adayl\u0131\u011f\u0131na Hakan Safi, Bar\u0131\u015f G\u00f6kt\u00fcrk ve&nbsp;<a href=\"https:\/\/www.hurriyet.com.tr\/haberleri\/mehmet-ali-aydinlar\" target=\"_blank\" rel=\"noreferrer noopener\">Mehmet Ali Ayd\u0131nlar<\/a>&nbsp;aday olduklar\u0131n\u0131 ifade etti.<\/p>\n\n\n\n<p><strong>YEN\u0130 BA\u015eKANI 39 FUTBOLCU BEKL\u0130YOR<\/strong><\/p>\n\n\n\n<p>Ya\u015fanan bu geli\u015fmelerin akabinde, Fenerbah\u00e7e yeni sezonu toplamda 39 futbolcu ile a\u00e7acak. Mevcut durumda 28 futbolcusu bulunan Fenerbah\u00e7e&#8217;nin, 12 futbolcusu \u00e7e\u015fitli tak\u0131mlarda kiral\u0131k forma giyiyor.<\/p>\n\n\n\n<figure class=\"wp-block-image size-full\"><img loading=\"lazy\" decoding=\"async\" width=\"770\" height=\"433\" src=\"https:\/\/spontanedigital.com.tr\/wp-content\/uploads\/2026\/04\/69f1f4a9866d2a00cd559a0a.webp\" alt=\"\" class=\"wp-image-10321\" srcset=\"https:\/\/spontanedigital.com.tr\/wp-content\/uploads\/2026\/04\/69f1f4a9866d2a00cd559a0a.webp 770w, https:\/\/spontanedigital.com.tr\/wp-content\/uploads\/2026\/04\/69f1f4a9866d2a00cd559a0a-300x169.webp 300w, https:\/\/spontanedigital.com.tr\/wp-content\/uploads\/2026\/04\/69f1f4a9866d2a00cd559a0a-768x432.webp 768w\" sizes=\"auto, (max-width: 770px) 100vw, 770px\" \/><\/figure>\n\n\n\n<p><strong>\u0130\u015eTE O \u0130S\u0130MLER<\/strong><\/p>\n\n\n\n<p>Emre Demir &#8211; Sakaryaspor<\/p>\n\n\n\n<p>Cengiz \u00dcnder &#8211;&nbsp;<a href=\"https:\/\/www.hurriyet.com.tr\/sporarena\/besiktas-haberleri\/\" target=\"_blank\" rel=\"noreferrer noopener\">Be\u015fikta\u015f<\/a><\/p>\n\n\n\n<p>\u0130rfan Can E\u011fribayat &#8211; Samsunspor<\/p>\n\n\n\n<p>Yi\u011fit fidan &#8211; Pendikspor<\/p>\n\n\n\n<p>Diego Carlos &#8211; Como<\/p>\n\n\n\n<p>Omar Fayed &#8211; FC Arouca<\/p>\n\n\n\n<figure class=\"wp-block-image size-full\"><img loading=\"lazy\" decoding=\"async\" width=\"770\" height=\"433\" src=\"https:\/\/spontanedigital.com.tr\/wp-content\/uploads\/2026\/04\/69f1f930866d2a00cd559a5e.webp\" alt=\"\" class=\"wp-image-10324\" srcset=\"https:\/\/spontanedigital.com.tr\/wp-content\/uploads\/2026\/04\/69f1f930866d2a00cd559a5e.webp 770w, https:\/\/spontanedigital.com.tr\/wp-content\/uploads\/2026\/04\/69f1f930866d2a00cd559a5e-300x169.webp 300w, https:\/\/spontanedigital.com.tr\/wp-content\/uploads\/2026\/04\/69f1f930866d2a00cd559a5e-768x432.webp 768w\" sizes=\"auto, (max-width: 770px) 100vw, 770px\" \/><\/figure>\n\n\n\n<p>\u0130rfan Can Kahveci &#8211; Kas\u0131mpa\u015fa<\/p>\n\n\n\n<p>Rodrigo Becao &#8211; Kas\u0131mpa\u015fa<\/p>\n\n\n\n<p>Bertu\u011f Elmaz &#8211; Fatih Karag\u00fcmr\u00fck<\/p>\n\n\n\n<p>Dominik Livakovic &#8211; Dinamo Zagreb<\/p>\n\n\n\n<p>Ognjen Mimovic &#8211; Pafos Fc<\/p>\n\n\n\n<p>Sofyan Amrabat &#8211; Real Betis<\/p>\n\n\n\n<figure class=\"wp-block-image size-full\"><img loading=\"lazy\" decoding=\"async\" width=\"770\" height=\"433\" src=\"https:\/\/spontanedigital.com.tr\/wp-content\/uploads\/2026\/04\/69f1f4d4866d2a00cd559a0c-1.webp\" alt=\"\" class=\"wp-image-10323\" srcset=\"https:\/\/spontanedigital.com.tr\/wp-content\/uploads\/2026\/04\/69f1f4d4866d2a00cd559a0c-1.webp 770w, https:\/\/spontanedigital.com.tr\/wp-content\/uploads\/2026\/04\/69f1f4d4866d2a00cd559a0c-1-300x169.webp 300w, https:\/\/spontanedigital.com.tr\/wp-content\/uploads\/2026\/04\/69f1f4d4866d2a00cd559a0c-1-768x432.webp 768w\" sizes=\"auto, (max-width: 770px) 100vw, 770px\" \/><\/figure>\n\n\n\n<p><strong>EDSON AYRILACAK<\/strong><\/p>\n\n\n\n<p>\u00d6te yandan sezon ba\u015f\u0131nda West Ham United&#8217;dan kiralanan ve sakatl\u0131\u011f\u0131 nedeniyle ameliyat olan Edson Alvarez&#8217;in bonservisinin al\u0131nmas\u0131 beklenmiyor. Edson, yeni sezonda s\u00f6zle\u015fmesinin bulundu\u011fu West Ham&#8217;a kat\u0131lacak.<\/p>\n\n\n\n<p>Kaynak: <a href=\"https:\/\/www.hurriyet.com.tr\/sporarena\/fenerbahcede-yeni-baskani-bekleyen-tehlike-39-futbolcu-olacak-43162040\" type=\"link\" id=\"https:\/\/www.hurriyet.com.tr\/sporarena\/fenerbahcede-yeni-baskani-bekleyen-tehlike-39-futbolcu-olacak-43162040\">H\u00fcrriyet Spor Arena<\/a><\/p>\n\n\n\n<p>Yay\u0131nlanma Tarihi: 29.04.2026 Saati: 16:15<\/p>\n\n\n<div class=\"taxonomy-post_tag wp-block-post-terms\"><a href=\"https:\/\/spontanedigital.com.tr\/?tag=baris-gokturk\" rel=\"tag\">Bar\u0131\u015f G\u00f6kt\u00fcrk<\/a><span class=\"wp-block-post-terms__separator\">, <\/span><a href=\"https:\/\/spontanedigital.com.tr\/?tag=cengiz-under\" rel=\"tag\">Cengiz \u00dcnder<\/a><span class=\"wp-block-post-terms__separator\">, <\/span><a href=\"https:\/\/spontanedigital.com.tr\/?tag=dominik-livakovic\" rel=\"tag\">Dominik Livakovic<\/a><span class=\"wp-block-post-terms__separator\">, <\/span><a href=\"https:\/\/spontanedigital.com.tr\/?tag=fenerbahce\" rel=\"tag\">fenerbah\u00e7e<\/a><span class=\"wp-block-post-terms__separator\">, <\/span><a href=\"https:\/\/spontanedigital.com.tr\/?tag=fenerbahce-haberleri\" rel=\"tag\">Fenerbah\u00e7e Haberleri<\/a><span class=\"wp-block-post-terms__separator\">, <\/span><a href=\"https:\/\/spontanedigital.com.tr\/?tag=fenerbahce-kiralik-oyuncular\" rel=\"tag\">Fenerbah\u00e7e kiral\u0131k oyuncular<\/a><span class=\"wp-block-post-terms__separator\">, <\/span><a href=\"https:\/\/spontanedigital.com.tr\/?tag=fenerbahce-secim\" rel=\"tag\">Fenerbah\u00e7e se\u00e7im<\/a><span class=\"wp-block-post-terms__separator\">, <\/span><a href=\"https:\/\/spontanedigital.com.tr\/?tag=fenerbahce-transfer\" rel=\"tag\">Fenerbah\u00e7e Transfer<\/a><span class=\"wp-block-post-terms__separator\">, <\/span><a href=\"https:\/\/spontanedigital.com.tr\/?tag=futbol-gundemi\" rel=\"tag\">Futbol G\u00fcndemi<\/a><span class=\"wp-block-post-terms__separator\">, <\/span><a href=\"https:\/\/spontanedigital.com.tr\/?tag=hakan-safi\" rel=\"tag\">Hakan Safi<\/a><span class=\"wp-block-post-terms__separator\">, <\/span><a href=\"https:\/\/spontanedigital.com.tr\/?tag=irfan-can-kahveci\" rel=\"tag\">\u0130rfan Can Kahveci<\/a><span class=\"wp-block-post-terms__separator\">, <\/span><a href=\"https:\/\/spontanedigital.com.tr\/?tag=mehmet-ali-aydinlar\" rel=\"tag\">Mehmet Ali Ayd\u0131nlar<\/a><span class=\"wp-block-post-terms__separator\">, <\/span><a href=\"https:\/\/spontanedigital.com.tr\/?tag=sadettin-saran\" rel=\"tag\">sadettin saran<\/a><span class=\"wp-block-post-terms__separator\">, <\/span><a href=\"https:\/\/spontanedigital.com.tr\/?tag=spor-haberleri\" rel=\"tag\">Spor Haberleri<\/a><span class=\"wp-block-post-terms__separator\">, <\/span><a href=\"https:\/\/spontanedigital.com.tr\/?tag=super-lig\" rel=\"tag\">S\u00fcper Lig<\/a><span class=\"wp-block-post-terms__separator\">, <\/span><a href=\"https:\/\/spontanedigital.com.tr\/?tag=yarim-vole\" rel=\"tag\">Yar\u0131m Vole<\/a><\/div>","protected":false},"excerpt":{"rendered":"<p>Galatasaray hezimeti sonras\u0131 Ba\u015fkan Sadettin Saran&#8217;\u0131n aday olmayaca\u011f\u0131n\u0131 a\u00e7\u0131klayarak ola\u011fan\u00fcst\u00fc se\u00e7im karar\u0131 ald\u0131\u011f\u0131 Fenerbah\u00e7e&#8217;de, 6-7 Haziran&#8217;da g\u00f6reve gelecek yeni ba\u015fkan\u0131<\/p>\n","protected":false},"author":3,"featured_media":10325,"comment_status":"open","ping_status":"open","sticky":false,"template":"","format":"standard","meta":{"colormag_page_container_layout":"default_layout","colormag_page_sidebar_layout":"default_layout","_jetpack_memberships_contains_paid_content":false,"footnotes":""},"categories":[1,6],"tags":[8380,8375,8379,104,3960,8382,8376,3983,3221,8378,8381,8377,1379,3012,2997,3002],"class_list":["post-10319","post","type-post","status-publish","format-standard","has-post-thumbnail","hentry","category-genel","category-spor","tag-baris-gokturk","tag-cengiz-under","tag-dominik-livakovic","tag-fenerbahce","tag-fenerbahce-haberleri","tag-fenerbahce-kiralik-oyuncular","tag-fenerbahce-secim","tag-fenerbahce-transfer","tag-futbol-gundemi","tag-hakan-safi","tag-irfan-can-kahveci","tag-mehmet-ali-aydinlar","tag-sadettin-saran","tag-spor-haberleri","tag-super-lig","tag-yarim-vole"],"magazineBlocksPostFeaturedMedia":{"thumbnail":"https:\/\/spontanedigital.com.tr\/wp-content\/uploads\/2026\/04\/69f1f39c866d2a00cd559a00-150x150.webp","medium":"https:\/\/spontanedigital.com.tr\/wp-content\/uploads\/2026\/04\/69f1f39c866d2a00cd559a00-300x169.webp","medium_large":"https:\/\/spontanedigital.com.tr\/wp-content\/uploads\/2026\/04\/69f1f39c866d2a00cd559a00.webp","large":"https:\/\/spontanedigital.com.tr\/wp-content\/uploads\/2026\/04\/69f1f39c866d2a00cd559a00.webp","1536x1536":"https:\/\/spontanedigital.com.tr\/wp-content\/uploads\/2026\/04\/69f1f39c866d2a00cd559a00.webp","2048x2048":"https:\/\/spontanedigital.com.tr\/wp-content\/uploads\/2026\/04\/69f1f39c866d2a00cd559a00.webp","ultp_layout_landscape_large":"https:\/\/spontanedigital.com.tr\/wp-content\/uploads\/2026\/04\/69f1f39c866d2a00cd559a00.webp","ultp_layout_landscape":"https:\/\/spontanedigital.com.tr\/wp-content\/uploads\/2026\/04\/69f1f39c866d2a00cd559a00.webp","ultp_layout_portrait":"https:\/\/spontanedigital.com.tr\/wp-content\/uploads\/2026\/04\/69f1f39c866d2a00cd559a00-600x422.webp","ultp_layout_square":"https:\/\/spontanedigital.com.tr\/wp-content\/uploads\/2026\/04\/69f1f39c866d2a00cd559a00-600x422.webp","colormag-highlighted-post":"https:\/\/spontanedigital.com.tr\/wp-content\/uploads\/2026\/04\/69f1f39c866d2a00cd559a00-392x272.webp","colormag-featured-post-medium":"https:\/\/spontanedigital.com.tr\/wp-content\/uploads\/2026\/04\/69f1f39c866d2a00cd559a00-390x205.webp","colormag-featured-post-small":"https:\/\/spontanedigital.com.tr\/wp-content\/uploads\/2026\/04\/69f1f39c866d2a00cd559a00-130x90.webp","colormag-featured-image":"https:\/\/spontanedigital.com.tr\/wp-content\/uploads\/2026\/04\/69f1f39c866d2a00cd559a00.webp","colormag-default-news":"https:\/\/spontanedigital.com.tr\/wp-content\/uploads\/2026\/04\/69f1f39c866d2a00cd559a00-150x150.webp","colormag-featured-image-large":"https:\/\/spontanedigital.com.tr\/wp-content\/uploads\/2026\/04\/69f1f39c866d2a00cd559a00.webp"},"magazineBlocksPostAuthor":{"name":"Fevzi Can \u015e\u0131\u011fva","avatar":"https:\/\/spontanedigital.com.tr\/wp-content\/uploads\/2026\/02\/WhatsApp-Image-2026-02-27-at-13.44.37-150x150.jpeg"},"magazineBlocksPostCommentsNumber":"0","magazineBlocksPostExcerpt":"Galatasaray hezimeti sonras\u0131 Ba\u015fkan Sadettin Saran&#8217;\u0131n aday olmayaca\u011f\u0131n\u0131 a\u00e7\u0131klayarak ola\u011fan\u00fcst\u00fc se\u00e7im karar\u0131 ald\u0131\u011f\u0131 Fenerbah\u00e7e&#8217;de, 6-7 Haziran&#8217;da g\u00f6reve gelecek yeni ba\u015fkan\u0131","magazineBlocksPostCategories":["Genel","Spor"],"magazineBlocksPostViewCount":6,"magazineBlocksPostReadTime":2,"magazine_blocks_featured_image_url":{"full":["https:\/\/spontanedigital.com.tr\/wp-content\/uploads\/2026\/04\/69f1f39c866d2a00cd559a00.webp",750,422,false],"medium":["https:\/\/spontanedigital.com.tr\/wp-content\/uploads\/2026\/04\/69f1f39c866d2a00cd559a00-300x169.webp",300,169,true],"thumbnail":["https:\/\/spontanedigital.com.tr\/wp-content\/uploads\/2026\/04\/69f1f39c866d2a00cd559a00-150x150.webp",150,150,true]},"magazine_blocks_author":{"display_name":"Fevzi Can \u015e\u0131\u011fva","author_link":"https:\/\/spontanedigital.com.tr\/?author=3"},"magazine_blocks_comment":0,"magazine_blocks_author_image":"https:\/\/spontanedigital.com.tr\/wp-content\/uploads\/2026\/02\/WhatsApp-Image-2026-02-27-at-13.44.37-150x150.jpeg","magazine_blocks_category":"<a href=\"#\" class=\"category-link category-link-1\">Genel<\/a> <a href=\"#\" class=\"category-link category-link-6\">Spor<\/a>","yoast_head":"<!-- This site is optimized with the Yoast SEO plugin v27.5 - https:\/\/yoast.com\/product\/yoast-seo-wordpress\/ -->\n<title>Fenerbah\u00e7e&#039;de Yeni Ba\u015fkana Saatli Bomba! 39 Ki\u015filik Dev Kadro Krizi &#8211; Spontane Digital<\/title>\n<meta name=\"robots\" content=\"index, follow, max-snippet:-1, max-image-preview:large, max-video-preview:-1\" \/>\n<link rel=\"canonical\" href=\"https:\/\/spontanedigital.com.tr\/?p=10319\" \/>\n<meta property=\"og:locale\" content=\"tr_TR\" \/>\n<meta property=\"og:type\" content=\"article\" \/>\n<meta property=\"og:title\" content=\"Fenerbah\u00e7e&#039;de Yeni Ba\u015fkana Saatli Bomba! 39 Ki\u015filik Dev Kadro Krizi &#8211; Spontane Digital\" \/>\n<meta property=\"og:description\" content=\"Galatasaray hezimeti sonras\u0131 Ba\u015fkan Sadettin Saran&#8217;\u0131n aday olmayaca\u011f\u0131n\u0131 a\u00e7\u0131klayarak ola\u011fan\u00fcst\u00fc se\u00e7im karar\u0131 ald\u0131\u011f\u0131 Fenerbah\u00e7e&#8217;de, 6-7 Haziran&#8217;da g\u00f6reve gelecek yeni ba\u015fkan\u0131\" \/>\n<meta property=\"og:url\" content=\"https:\/\/spontanedigital.com.tr\/?p=10319\" \/>\n<meta property=\"og:site_name\" content=\"Spontane Digital\" \/>\n<meta property=\"article:published_time\" content=\"2026-04-29T13:14:38+00:00\" \/>\n<meta property=\"article:modified_time\" content=\"2026-04-29T13:14:46+00:00\" \/>\n<meta property=\"og:image\" content=\"https:\/\/spontanedigital.com.tr\/wp-content\/uploads\/2026\/04\/69f1f39c866d2a00cd559a00.webp\" \/>\n\t<meta property=\"og:image:width\" content=\"750\" \/>\n\t<meta property=\"og:image:height\" content=\"422\" \/>\n\t<meta property=\"og:image:type\" content=\"image\/webp\" \/>\n<meta name=\"author\" content=\"Fevzi Can \u015e\u0131\u011fva\" \/>\n<meta name=\"twitter:card\" content=\"summary_large_image\" \/>\n<meta name=\"twitter:label1\" content=\"Yazan:\" \/>\n\t<meta name=\"twitter:data1\" content=\"Fevzi Can \u015e\u0131\u011fva\" \/>\n\t<meta name=\"twitter:label2\" content=\"Tahmini okuma s\u00fcresi\" \/>\n\t<meta name=\"twitter:data2\" content=\"3 dakika\" \/>\n<script type=\"application\/ld+json\" class=\"yoast-schema-graph\">{\"@context\":\"https:\\\/\\\/schema.org\",\"@graph\":[{\"@type\":\"Article\",\"@id\":\"https:\\\/\\\/spontanedigital.com.tr\\\/?p=10319#article\",\"isPartOf\":{\"@id\":\"https:\\\/\\\/spontanedigital.com.tr\\\/?p=10319\"},\"author\":{\"name\":\"Fevzi Can \u015e\u0131\u011fva\",\"@id\":\"https:\\\/\\\/spontanedigital.com.tr\\\/#\\\/schema\\\/person\\\/3b943e96b188e53110740f11f728ee4f\"},\"headline\":\"Fenerbah\u00e7e&#8217;de Yeni Ba\u015fkana Saatli Bomba! 39 Ki\u015filik Dev Kadro Krizi\",\"datePublished\":\"2026-04-29T13:14:38+00:00\",\"dateModified\":\"2026-04-29T13:14:46+00:00\",\"mainEntityOfPage\":{\"@id\":\"https:\\\/\\\/spontanedigital.com.tr\\\/?p=10319\"},\"wordCount\":359,\"commentCount\":0,\"publisher\":{\"@id\":\"https:\\\/\\\/spontanedigital.com.tr\\\/#organization\"},\"image\":{\"@id\":\"https:\\\/\\\/spontanedigital.com.tr\\\/?p=10319#primaryimage\"},\"thumbnailUrl\":\"https:\\\/\\\/spontanedigital.com.tr\\\/wp-content\\\/uploads\\\/2026\\\/04\\\/69f1f39c866d2a00cd559a00.webp\",\"keywords\":[\"Bar\u0131\u015f G\u00f6kt\u00fcrk\",\"Cengiz \u00dcnder\",\"Dominik Livakovic\",\"fenerbah\u00e7e\",\"Fenerbah\u00e7e Haberleri\",\"Fenerbah\u00e7e kiral\u0131k oyuncular\",\"Fenerbah\u00e7e se\u00e7im\",\"Fenerbah\u00e7e Transfer\",\"Futbol G\u00fcndemi\",\"Hakan Safi\",\"\u0130rfan Can Kahveci\",\"Mehmet Ali Ayd\u0131nlar\",\"sadettin saran\",\"Spor Haberleri\",\"S\u00fcper Lig\",\"Yar\u0131m Vole\"],\"articleSection\":{\"1\":\"Spor\"},\"inLanguage\":\"tr\",\"potentialAction\":[{\"@type\":\"CommentAction\",\"name\":\"Comment\",\"target\":[\"https:\\\/\\\/spontanedigital.com.tr\\\/?p=10319#respond\"]}]},{\"@type\":\"WebPage\",\"@id\":\"https:\\\/\\\/spontanedigital.com.tr\\\/?p=10319\",\"url\":\"https:\\\/\\\/spontanedigital.com.tr\\\/?p=10319\",\"name\":\"Fenerbah\u00e7e'de Yeni Ba\u015fkana Saatli Bomba! 39 Ki\u015filik Dev Kadro Krizi &#8211; Spontane Digital\",\"isPartOf\":{\"@id\":\"https:\\\/\\\/spontanedigital.com.tr\\\/#website\"},\"primaryImageOfPage\":{\"@id\":\"https:\\\/\\\/spontanedigital.com.tr\\\/?p=10319#primaryimage\"},\"image\":{\"@id\":\"https:\\\/\\\/spontanedigital.com.tr\\\/?p=10319#primaryimage\"},\"thumbnailUrl\":\"https:\\\/\\\/spontanedigital.com.tr\\\/wp-content\\\/uploads\\\/2026\\\/04\\\/69f1f39c866d2a00cd559a00.webp\",\"datePublished\":\"2026-04-29T13:14:38+00:00\",\"dateModified\":\"2026-04-29T13:14:46+00:00\",\"breadcrumb\":{\"@id\":\"https:\\\/\\\/spontanedigital.com.tr\\\/?p=10319#breadcrumb\"},\"inLanguage\":\"tr\",\"potentialAction\":[{\"@type\":\"ReadAction\",\"target\":[\"https:\\\/\\\/spontanedigital.com.tr\\\/?p=10319\"]}]},{\"@type\":\"ImageObject\",\"inLanguage\":\"tr\",\"@id\":\"https:\\\/\\\/spontanedigital.com.tr\\\/?p=10319#primaryimage\",\"url\":\"https:\\\/\\\/spontanedigital.com.tr\\\/wp-content\\\/uploads\\\/2026\\\/04\\\/69f1f39c866d2a00cd559a00.webp\",\"contentUrl\":\"https:\\\/\\\/spontanedigital.com.tr\\\/wp-content\\\/uploads\\\/2026\\\/04\\\/69f1f39c866d2a00cd559a00.webp\",\"width\":750,\"height\":422},{\"@type\":\"BreadcrumbList\",\"@id\":\"https:\\\/\\\/spontanedigital.com.tr\\\/?p=10319#breadcrumb\",\"itemListElement\":[{\"@type\":\"ListItem\",\"position\":1,\"name\":\"Anasayfa\",\"item\":\"https:\\\/\\\/spontanedigital.com.tr\\\/\"},{\"@type\":\"ListItem\",\"position\":2,\"name\":\"Fenerbah\u00e7e&#8217;de Yeni Ba\u015fkana Saatli Bomba! 39 Ki\u015filik Dev Kadro Krizi\"}]},{\"@type\":\"WebSite\",\"@id\":\"https:\\\/\\\/spontanedigital.com.tr\\\/#website\",\"url\":\"https:\\\/\\\/spontanedigital.com.tr\\\/\",\"name\":\"Spontane Digital\",\"description\":\"Dijitalde Spontanite\",\"publisher\":{\"@id\":\"https:\\\/\\\/spontanedigital.com.tr\\\/#organization\"},\"potentialAction\":[{\"@type\":\"SearchAction\",\"target\":{\"@type\":\"EntryPoint\",\"urlTemplate\":\"https:\\\/\\\/spontanedigital.com.tr\\\/?s={search_term_string}\"},\"query-input\":{\"@type\":\"PropertyValueSpecification\",\"valueRequired\":true,\"valueName\":\"search_term_string\"}}],\"inLanguage\":\"tr\"},{\"@type\":\"Organization\",\"@id\":\"https:\\\/\\\/spontanedigital.com.tr\\\/#organization\",\"name\":\"Spontane Digital\",\"url\":\"https:\\\/\\\/spontanedigital.com.tr\\\/\",\"logo\":{\"@type\":\"ImageObject\",\"inLanguage\":\"tr\",\"@id\":\"https:\\\/\\\/spontanedigital.com.tr\\\/#\\\/schema\\\/logo\\\/image\\\/\",\"url\":\"https:\\\/\\\/spontanedigital.com.tr\\\/wp-content\\\/uploads\\\/2026\\\/02\\\/Spontane-Beyaz-1.png\",\"contentUrl\":\"https:\\\/\\\/spontanedigital.com.tr\\\/wp-content\\\/uploads\\\/2026\\\/02\\\/Spontane-Beyaz-1.png\",\"width\":1772,\"height\":900,\"caption\":\"Spontane Digital\"},\"image\":{\"@id\":\"https:\\\/\\\/spontanedigital.com.tr\\\/#\\\/schema\\\/logo\\\/image\\\/\"}},{\"@type\":\"Person\",\"@id\":\"https:\\\/\\\/spontanedigital.com.tr\\\/#\\\/schema\\\/person\\\/3b943e96b188e53110740f11f728ee4f\",\"name\":\"Fevzi Can \u015e\u0131\u011fva\",\"image\":{\"@type\":\"ImageObject\",\"inLanguage\":\"tr\",\"@id\":\"https:\\\/\\\/spontanedigital.com.tr\\\/wp-content\\\/uploads\\\/2026\\\/02\\\/WhatsApp-Image-2026-02-27-at-13.44.37-150x150.jpeg\",\"url\":\"https:\\\/\\\/spontanedigital.com.tr\\\/wp-content\\\/uploads\\\/2026\\\/02\\\/WhatsApp-Image-2026-02-27-at-13.44.37-150x150.jpeg\",\"contentUrl\":\"https:\\\/\\\/spontanedigital.com.tr\\\/wp-content\\\/uploads\\\/2026\\\/02\\\/WhatsApp-Image-2026-02-27-at-13.44.37-150x150.jpeg\",\"caption\":\"Fevzi Can \u015e\u0131\u011fva\"},\"description\":\"Dijital oyun d\u00fcnyas\u0131ndaki en son trendleri ve spor camias\u0131ndaki dinamik geli\u015fmeleri takip eden Fevzi Can, rekabetin ve e\u011flencenin nabz\u0131n\u0131 tutan i\u00e7eriklerle okurlar\u0131m\u0131za ula\u015f\u0131yor.\",\"url\":\"https:\\\/\\\/spontanedigital.com.tr\\\/?author=3\"}]}<\/script>\n<!-- \/ Yoast SEO plugin. -->","yoast_head_json":{"title":"Fenerbah\u00e7e'de Yeni Ba\u015fkana Saatli Bomba! 39 Ki\u015filik Dev Kadro Krizi &#8211; Spontane Digital","robots":{"index":"index","follow":"follow","max-snippet":"max-snippet:-1","max-image-preview":"max-image-preview:large","max-video-preview":"max-video-preview:-1"},"canonical":"https:\/\/spontanedigital.com.tr\/?p=10319","og_locale":"tr_TR","og_type":"article","og_title":"Fenerbah\u00e7e'de Yeni Ba\u015fkana Saatli Bomba! 39 Ki\u015filik Dev Kadro Krizi &#8211; Spontane Digital","og_description":"Galatasaray hezimeti sonras\u0131 Ba\u015fkan Sadettin Saran&#8217;\u0131n aday olmayaca\u011f\u0131n\u0131 a\u00e7\u0131klayarak ola\u011fan\u00fcst\u00fc se\u00e7im karar\u0131 ald\u0131\u011f\u0131 Fenerbah\u00e7e&#8217;de, 6-7 Haziran&#8217;da g\u00f6reve gelecek yeni ba\u015fkan\u0131","og_url":"https:\/\/spontanedigital.com.tr\/?p=10319","og_site_name":"Spontane Digital","article_published_time":"2026-04-29T13:14:38+00:00","article_modified_time":"2026-04-29T13:14:46+00:00","og_image":[{"width":750,"height":422,"url":"https:\/\/spontanedigital.com.tr\/wp-content\/uploads\/2026\/04\/69f1f39c866d2a00cd559a00.webp","type":"image\/webp"}],"author":"Fevzi Can \u015e\u0131\u011fva","twitter_card":"summary_large_image","twitter_misc":{"Yazan:":"Fevzi Can \u015e\u0131\u011fva","Tahmini okuma s\u00fcresi":"3 dakika"},"schema":{"@context":"https:\/\/schema.org","@graph":[{"@type":"Article","@id":"https:\/\/spontanedigital.com.tr\/?p=10319#article","isPartOf":{"@id":"https:\/\/spontanedigital.com.tr\/?p=10319"},"author":{"name":"Fevzi Can \u015e\u0131\u011fva","@id":"https:\/\/spontanedigital.com.tr\/#\/schema\/person\/3b943e96b188e53110740f11f728ee4f"},"headline":"Fenerbah\u00e7e&#8217;de Yeni Ba\u015fkana Saatli Bomba! 39 Ki\u015filik Dev Kadro Krizi","datePublished":"2026-04-29T13:14:38+00:00","dateModified":"2026-04-29T13:14:46+00:00","mainEntityOfPage":{"@id":"https:\/\/spontanedigital.com.tr\/?p=10319"},"wordCount":359,"commentCount":0,"publisher":{"@id":"https:\/\/spontanedigital.com.tr\/#organization"},"image":{"@id":"https:\/\/spontanedigital.com.tr\/?p=10319#primaryimage"},"thumbnailUrl":"https:\/\/spontanedigital.com.tr\/wp-content\/uploads\/2026\/04\/69f1f39c866d2a00cd559a00.webp","keywords":["Bar\u0131\u015f G\u00f6kt\u00fcrk","Cengiz \u00dcnder","Dominik Livakovic","fenerbah\u00e7e","Fenerbah\u00e7e Haberleri","Fenerbah\u00e7e kiral\u0131k oyuncular","Fenerbah\u00e7e se\u00e7im","Fenerbah\u00e7e Transfer","Futbol G\u00fcndemi","Hakan Safi","\u0130rfan Can Kahveci","Mehmet Ali Ayd\u0131nlar","sadettin saran","Spor Haberleri","S\u00fcper Lig","Yar\u0131m Vole"],"articleSection":{"1":"Spor"},"inLanguage":"tr","potentialAction":[{"@type":"CommentAction","name":"Comment","target":["https:\/\/spontanedigital.com.tr\/?p=10319#respond"]}]},{"@type":"WebPage","@id":"https:\/\/spontanedigital.com.tr\/?p=10319","url":"https:\/\/spontanedigital.com.tr\/?p=10319","name":"Fenerbah\u00e7e'de Yeni Ba\u015fkana Saatli Bomba! 39 Ki\u015filik Dev Kadro Krizi &#8211; Spontane Digital","isPartOf":{"@id":"https:\/\/spontanedigital.com.tr\/#website"},"primaryImageOfPage":{"@id":"https:\/\/spontanedigital.com.tr\/?p=10319#primaryimage"},"image":{"@id":"https:\/\/spontanedigital.com.tr\/?p=10319#primaryimage"},"thumbnailUrl":"https:\/\/spontanedigital.com.tr\/wp-content\/uploads\/2026\/04\/69f1f39c866d2a00cd559a00.webp","datePublished":"2026-04-29T13:14:38+00:00","dateModified":"2026-04-29T13:14:46+00:00","breadcrumb":{"@id":"https:\/\/spontanedigital.com.tr\/?p=10319#breadcrumb"},"inLanguage":"tr","potentialAction":[{"@type":"ReadAction","target":["https:\/\/spontanedigital.com.tr\/?p=10319"]}]},{"@type":"ImageObject","inLanguage":"tr","@id":"https:\/\/spontanedigital.com.tr\/?p=10319#primaryimage","url":"https:\/\/spontanedigital.com.tr\/wp-content\/uploads\/2026\/04\/69f1f39c866d2a00cd559a00.webp","contentUrl":"https:\/\/spontanedigital.com.tr\/wp-content\/uploads\/2026\/04\/69f1f39c866d2a00cd559a00.webp","width":750,"height":422},{"@type":"BreadcrumbList","@id":"https:\/\/spontanedigital.com.tr\/?p=10319#breadcrumb","itemListElement":[{"@type":"ListItem","position":1,"name":"Anasayfa","item":"https:\/\/spontanedigital.com.tr\/"},{"@type":"ListItem","position":2,"name":"Fenerbah\u00e7e&#8217;de Yeni Ba\u015fkana Saatli Bomba! 39 Ki\u015filik Dev Kadro Krizi"}]},{"@type":"WebSite","@id":"https:\/\/spontanedigital.com.tr\/#website","url":"https:\/\/spontanedigital.com.tr\/","name":"Spontane Digital","description":"Dijitalde Spontanite","publisher":{"@id":"https:\/\/spontanedigital.com.tr\/#organization"},"potentialAction":[{"@type":"SearchAction","target":{"@type":"EntryPoint","urlTemplate":"https:\/\/spontanedigital.com.tr\/?s={search_term_string}"},"query-input":{"@type":"PropertyValueSpecification","valueRequired":true,"valueName":"search_term_string"}}],"inLanguage":"tr"},{"@type":"Organization","@id":"https:\/\/spontanedigital.com.tr\/#organization","name":"Spontane Digital","url":"https:\/\/spontanedigital.com.tr\/","logo":{"@type":"ImageObject","inLanguage":"tr","@id":"https:\/\/spontanedigital.com.tr\/#\/schema\/logo\/image\/","url":"https:\/\/spontanedigital.com.tr\/wp-content\/uploads\/2026\/02\/Spontane-Beyaz-1.png","contentUrl":"https:\/\/spontanedigital.com.tr\/wp-content\/uploads\/2026\/02\/Spontane-Beyaz-1.png","width":1772,"height":900,"caption":"Spontane Digital"},"image":{"@id":"https:\/\/spontanedigital.com.tr\/#\/schema\/logo\/image\/"}},{"@type":"Person","@id":"https:\/\/spontanedigital.com.tr\/#\/schema\/person\/3b943e96b188e53110740f11f728ee4f","name":"Fevzi Can \u015e\u0131\u011fva","image":{"@type":"ImageObject","inLanguage":"tr","@id":"https:\/\/spontanedigital.com.tr\/wp-content\/uploads\/2026\/02\/WhatsApp-Image-2026-02-27-at-13.44.37-150x150.jpeg","url":"https:\/\/spontanedigital.com.tr\/wp-content\/uploads\/2026\/02\/WhatsApp-Image-2026-02-27-at-13.44.37-150x150.jpeg","contentUrl":"https:\/\/spontanedigital.com.tr\/wp-content\/uploads\/2026\/02\/WhatsApp-Image-2026-02-27-at-13.44.37-150x150.jpeg","caption":"Fevzi Can \u015e\u0131\u011fva"},"description":"Dijital oyun d\u00fcnyas\u0131ndaki en son trendleri ve spor camias\u0131ndaki dinamik geli\u015fmeleri takip eden Fevzi Can, rekabetin ve e\u011flencenin nabz\u0131n\u0131 tutan i\u00e7eriklerle okurlar\u0131m\u0131za ula\u015f\u0131yor.","url":"https:\/\/spontanedigital.com.tr\/?author=3"}]}},"featured_image_urls":{"full":["https:\/\/spontanedigital.com.tr\/wp-content\/uploads\/2026\/04\/69f1f39c866d2a00cd559a00.webp",750,422,false],"thumbnail":["https:\/\/spontanedigital.com.tr\/wp-content\/uploads\/2026\/04\/69f1f39c866d2a00cd559a00-150x150.webp",150,150,true],"medium":["https:\/\/spontanedigital.com.tr\/wp-content\/uploads\/2026\/04\/69f1f39c866d2a00cd559a00-300x169.webp",300,169,true],"medium_large":["https:\/\/spontanedigital.com.tr\/wp-content\/uploads\/2026\/04\/69f1f39c866d2a00cd559a00.webp",750,422,false],"large":["https:\/\/spontanedigital.com.tr\/wp-content\/uploads\/2026\/04\/69f1f39c866d2a00cd559a00.webp",750,422,false],"1536x1536":["https:\/\/spontanedigital.com.tr\/wp-content\/uploads\/2026\/04\/69f1f39c866d2a00cd559a00.webp",750,422,false],"2048x2048":["https:\/\/spontanedigital.com.tr\/wp-content\/uploads\/2026\/04\/69f1f39c866d2a00cd559a00.webp",750,422,false],"ultp_layout_landscape_large":["https:\/\/spontanedigital.com.tr\/wp-content\/uploads\/2026\/04\/69f1f39c866d2a00cd559a00.webp",750,422,false],"ultp_layout_landscape":["https:\/\/spontanedigital.com.tr\/wp-content\/uploads\/2026\/04\/69f1f39c866d2a00cd559a00.webp",750,422,false],"ultp_layout_portrait":["https:\/\/spontanedigital.com.tr\/wp-content\/uploads\/2026\/04\/69f1f39c866d2a00cd559a00-600x422.webp",600,422,true],"ultp_layout_square":["https:\/\/spontanedigital.com.tr\/wp-content\/uploads\/2026\/04\/69f1f39c866d2a00cd559a00-600x422.webp",600,422,true],"colormag-highlighted-post":["https:\/\/spontanedigital.com.tr\/wp-content\/uploads\/2026\/04\/69f1f39c866d2a00cd559a00-392x272.webp",392,272,true],"colormag-featured-post-medium":["https:\/\/spontanedigital.com.tr\/wp-content\/uploads\/2026\/04\/69f1f39c866d2a00cd559a00-390x205.webp",390,205,true],"colormag-featured-post-small":["https:\/\/spontanedigital.com.tr\/wp-content\/uploads\/2026\/04\/69f1f39c866d2a00cd559a00-130x90.webp",130,90,true],"colormag-featured-image":["https:\/\/spontanedigital.com.tr\/wp-content\/uploads\/2026\/04\/69f1f39c866d2a00cd559a00.webp",750,422,false],"colormag-default-news":["https:\/\/spontanedigital.com.tr\/wp-content\/uploads\/2026\/04\/69f1f39c866d2a00cd559a00-150x150.webp",150,150,true],"colormag-featured-image-large":["https:\/\/spontanedigital.com.tr\/wp-content\/uploads\/2026\/04\/69f1f39c866d2a00cd559a00.webp",750,422,false]},"author_info":{"info":["Fevzi Can \u015e\u0131\u011fva"]},"category_info":"<a href=\"https:\/\/spontanedigital.com.tr\/?cat=1\" rel=\"category\">Genel<\/a> <a href=\"https:\/\/spontanedigital.com.tr\/?cat=6\" rel=\"category\">Spor<\/a>","tag_info":"Spor","comment_count":"0","jetpack_featured_media_url":"https:\/\/spontanedigital.com.tr\/wp-content\/uploads\/2026\/04\/69f1f39c866d2a00cd559a00.webp","jetpack_sharing_enabled":true,"_links":{"self":[{"href":"https:\/\/spontanedigital.com.tr\/index.php?rest_route=\/wp\/v2\/posts\/10319","targetHints":{"allow":["GET"]}}],"collection":[{"href":"https:\/\/spontanedigital.com.tr\/index.php?rest_route=\/wp\/v2\/posts"}],"about":[{"href":"https:\/\/spontanedigital.com.tr\/index.php?rest_route=\/wp\/v2\/types\/post"}],"author":[{"embeddable":true,"href":"https:\/\/spontanedigital.com.tr\/index.php?rest_route=\/wp\/v2\/users\/3"}],"replies":[{"embeddable":true,"href":"https:\/\/spontanedigital.com.tr\/index.php?rest_route=%2Fwp%2Fv2%2Fcomments&post=10319"}],"version-history":[{"count":1,"href":"https:\/\/spontanedigital.com.tr\/index.php?rest_route=\/wp\/v2\/posts\/10319\/revisions"}],"predecessor-version":[{"id":10326,"href":"https:\/\/spontanedigital.com.tr\/index.php?rest_route=\/wp\/v2\/posts\/10319\/revisions\/10326"}],"wp:featuredmedia":[{"embeddable":true,"href":"https:\/\/spontanedigital.com.tr\/index.php?rest_route=\/wp\/v2\/media\/10325"}],"wp:attachment":[{"href":"https:\/\/spontanedigital.com.tr\/index.php?rest_route=%2Fwp%2Fv2%2Fmedia&parent=10319"}],"wp:term":[{"taxonomy":"category","embeddable":true,"href":"https:\/\/spontanedigital.com.tr\/index.php?rest_route=%2Fwp%2Fv2%2Fcategories&post=10319"},{"taxonomy":"post_tag","embeddable":true,"href":"https:\/\/spontanedigital.com.tr\/index.php?rest_route=%2Fwp%2Fv2%2Ftags&post=10319"}],"curies":[{"name":"wp","href":"https:\/\/api.w.org\/{rel}","templated":true}]}}