{"id":10432,"date":"2026-04-30T19:23:24","date_gmt":"2026-04-30T16:23:24","guid":{"rendered":"https:\/\/spontanedigital.com.tr\/?p=10432"},"modified":"2026-04-30T19:23:29","modified_gmt":"2026-04-30T16:23:29","slug":"30-nisan-2026-tarihli-atamalar-resmi-gazetede-iste-yeni-isimler","status":"publish","type":"post","link":"https:\/\/spontanedigital.com.tr\/?p=10432","title":{"rendered":"30 Nisan 2026 Tarihli Atamalar Resmi Gazete\u2019de: \u0130\u015fte Yeni \u0130simler"},"content":{"rendered":"\n<h2 class=\"wp-block-heading\">30 Nisan 2026 tarihli atama kararlar\u0131 Resmi Gazete\u2019de yay\u0131mland\u0131. T\u0130HEK Ba\u015fkanl\u0131\u011f\u0131na Ankara Valisi Vasip \u015eahin se\u00e7ildi.<\/h2>\n\n\n\n<p>&nbsp;Nisan 2026 tarihli atama kararlar\u0131 Resmi Gazete\u2019de yay\u0131mland\u0131. Cumhurba\u015fkan\u0131 Recep Tayyip Erdo\u011fan\u2019\u0131n imzas\u0131yla yay\u0131mlanan kararlarda, valilikler, Emniyet Genel M\u00fcd\u00fcrl\u00fc\u011f\u00fc, T\u00fcrkiye \u0130nsan Haklar\u0131 ve E\u015fitlik Kurulu Ba\u015fkanl\u0131\u011f\u0131 ile Milli G\u00fcvenlik Kurulu Genel Sekreterli\u011fi b\u00fcnyesinde yeni g\u00f6revlendirmeler yap\u0131ld\u0131.<\/p>\n\n\n\n<h3 class=\"wp-block-heading\">T\u0130HEK Ba\u015fkanl\u0131\u011f\u0131na Vasip \u015eahin Se\u00e7ildi<\/h3>\n\n\n\n<p>2026\/122 say\u0131l\u0131 karara g\u00f6re, T\u00fcrkiye \u0130nsan Haklar\u0131 ve E\u015fitlik Kurulu Ba\u015fkanl\u0131\u011f\u0131na Ankara Valisi Vasip \u015eahin se\u00e7ildi.<\/p>\n\n\n\n<p>Ataman\u0131n, 6701 say\u0131l\u0131 T\u00fcrkiye \u0130nsan Haklar\u0131 ve E\u015fitlik Kurumu Kanunu\u2019nun 10. maddesi ile 3 say\u0131l\u0131 Cumhurba\u015fkanl\u0131\u011f\u0131 Kararnamesi\u2019nin ilgili maddeleri gere\u011fince yap\u0131ld\u0131\u011f\u0131 belirtildi. Vasip \u015eahin\u2019in, yerine se\u00e7ildi\u011fi \u00fcyenin kalan g\u00f6rev s\u00fcresini tamamlamak \u00fczere bu g\u00f6reve getirildi\u011fi bildirildi.<\/p>\n\n\n\n<h3 class=\"wp-block-heading\">Valiler ve \u00dcst D\u00fczey B\u00fcrokratlar \u0130\u00e7in Yeni Atamalar<\/h3>\n\n\n\n<p>2026\/123 say\u0131l\u0131 karar kapsam\u0131nda baz\u0131 valiler ve \u00fcst d\u00fczey kamu y\u00f6neticileri yeni g\u00f6revlere atand\u0131.<\/p>\n\n\n\n<p>Buna g\u00f6re Emniyet Genel M\u00fcd\u00fcr\u00fc Mahmut Demirta\u015f, \u0130\u00e7i\u015fleri Bakanl\u0131\u011f\u0131 emrine al\u0131nd\u0131. Ayd\u0131n Valisi Yakup Canbolat Ankara Valili\u011fine, Ad\u0131yaman Valisi Osman Varol Ayd\u0131n Valili\u011fine, \u0130stanbul-G\u00fcng\u00f6ren Kaymakam\u0131 Abdullah K\u00fc\u00e7\u00fck Ad\u0131yaman Valili\u011fine atand\u0131.<\/p>\n\n\n\n<p>Nev\u015fehir Valisi Ali Fidan, Emniyet Genel M\u00fcd\u00fcr\u00fc olarak g\u00f6revlendirilirken, G\u00f6\u00e7 \u0130daresi Ba\u015fkan\u0131 H\u00fcseyin K\u00f6k Nev\u015fehir Valisi oldu. \u0130\u00e7i\u015fleri Bakanl\u0131\u011f\u0131 Personel Genel M\u00fcd\u00fcr Yard\u0131mc\u0131s\u0131 Mehmet G\u00f6khan Zengin Personel Genel M\u00fcd\u00fcrl\u00fc\u011f\u00fcne, N\u00fcfus ve Vatanda\u015fl\u0131k \u0130\u015fleri Genel M\u00fcd\u00fcr Yard\u0131mc\u0131s\u0131 Mehmet Levent Kep\u00e7eli ise N\u00fcfus ve Vatanda\u015fl\u0131k \u0130\u015fleri Genel M\u00fcd\u00fcrl\u00fc\u011f\u00fcne atand\u0131.<\/p>\n\n\n\n<h3 class=\"wp-block-heading\">Emniyet M\u00fcd\u00fcrl\u00fcklerinde G\u00f6rev De\u011fi\u015fiklikleri<\/h3>\n\n\n\n<p>2026\/124 say\u0131l\u0131 kararla Emniyet Genel M\u00fcd\u00fcrl\u00fc\u011f\u00fc personeline y\u00f6nelik yeni g\u00f6revlendirmeler de yap\u0131ld\u0131.<\/p>\n\n\n\n<p>Ankara \u0130l Emniyet M\u00fcd\u00fcr\u00fc Engin Din\u00e7, Mersin \u0130l Emniyet M\u00fcd\u00fcr\u00fc \u0130dris Y\u0131lmaz ve Siirt \u0130l Emniyet M\u00fcd\u00fcr\u00fc Necmettin \u00d6zt\u00fcrk, Emniyet Genel M\u00fcd\u00fcrl\u00fc\u011f\u00fc emrine al\u0131nd\u0131.<\/p>\n\n\n\n<p>Konya \u0130l Emniyet M\u00fcd\u00fcr\u00fc Maksut Y\u00fcksek Ankara \u0130l Emniyet M\u00fcd\u00fcrl\u00fc\u011f\u00fcne, Yozgat \u0130l Emniyet M\u00fcd\u00fcr\u00fc Necmettin Ko\u00e7 Konya \u0130l Emniyet M\u00fcd\u00fcrl\u00fc\u011f\u00fcne, Manisa \u0130l Emniyet M\u00fcd\u00fcr\u00fc Fahri Akta\u015f Mersin \u0130l Emniyet M\u00fcd\u00fcrl\u00fc\u011f\u00fcne atand\u0131.<\/p>\n\n\n\n<p>Elaz\u0131\u011f \u0130l Emniyet M\u00fcd\u00fcr\u00fc Adnan Karayel Manisa \u0130l Emniyet M\u00fcd\u00fcrl\u00fc\u011f\u00fcne, Polis Ba\u015fm\u00fcfetti\u015fi Ayd\u0131n Karan Elaz\u0131\u011f \u0130l Emniyet M\u00fcd\u00fcrl\u00fc\u011f\u00fcne, Polis Ba\u015fm\u00fcfetti\u015fi Tuncay Pekin Yozgat \u0130l Emniyet M\u00fcd\u00fcrl\u00fc\u011f\u00fcne, Polis Meslek E\u011fitim Merkezi M\u00fcd\u00fcr\u00fc Mehmet \u00d6zdemir ise Siirt \u0130l Emniyet M\u00fcd\u00fcrl\u00fc\u011f\u00fcne getirildi.<\/p>\n\n\n\n<h3 class=\"wp-block-heading\">MGK Genel Sekreter Yard\u0131mc\u0131l\u0131klar\u0131na \u0130ki Atama<\/h3>\n\n\n\n<p>2026\/125 say\u0131l\u0131 kararla Milli G\u00fcvenlik Kurulu Genel Sekreterli\u011finde a\u00e7\u0131k bulunan Genel Sekreter Yard\u0131mc\u0131l\u0131klar\u0131na F\u00fcsun Arslantosun ve Alper G\u00f6rkem Aksu atand\u0131.<\/p>\n\n\n\n<p>Atamalar\u0131n, 3 say\u0131l\u0131 Cumhurba\u015fkanl\u0131\u011f\u0131 Kararnamesi\u2019nin 2 ve 3. maddeleri gere\u011fince yap\u0131ld\u0131\u011f\u0131 belirtildi.<\/p>\n\n\n\n<figure class=\"wp-block-image\"><img decoding=\"async\" src=\"https:\/\/www.turkiyeegitim.com\/d\/other\/2026\/04\/30\/at01-000003.jpg\" alt=\"at01-000003.jpg\"\/><\/figure>\n\n\n\n<figure class=\"wp-block-image\"><img decoding=\"async\" src=\"https:\/\/www.turkiyeegitim.com\/d\/other\/2026\/04\/30\/at01-000002.jpg\" alt=\"at01-000002.jpg\"\/><\/figure>\n\n\n\n<figure class=\"wp-block-image\"><img decoding=\"async\" src=\"https:\/\/www.turkiyeegitim.com\/d\/other\/2026\/04\/30\/at01-000004.jpg\" alt=\"at01-000004.jpg\"\/><\/figure>\n\n\n\n<blockquote class=\"wp-block-quote is-layout-flow wp-block-quote-is-layout-flow\">\n<p>Kaynak: <a href=\"https:\/\/www.turkiyeegitim.com\/30-nisan-2026-tarihli-atama-kararlari-resmi-gazetede-yayimlandi-141147h.htm\" type=\"link\" id=\"https:\/\/www.turkiyeegitim.com\/30-nisan-2026-tarihli-atama-kararlari-resmi-gazetede-yayimlandi-141147h.htm\">turk\u0131yeeg\u0131t\u0131m<\/a><\/p>\n<\/blockquote>\n\n\n\n<p>D\u00fczenlenme Tarihi: 30.04.2026,19:22<\/p>\n","protected":false},"excerpt":{"rendered":"<p>30 Nisan 2026 tarihli atama kararlar\u0131 Resmi Gazete\u2019de yay\u0131mland\u0131. T\u0130HEK Ba\u015fkanl\u0131\u011f\u0131na Ankara Valisi Vasip \u015eahin se\u00e7ildi. &nbsp;Nisan 2026 tarihli atama<\/p>\n","protected":false},"author":4,"featured_media":10433,"comment_status":"open","ping_status":"open","sticky":false,"template":"","format":"standard","meta":{"colormag_page_container_layout":"default_layout","colormag_page_sidebar_layout":"default_layout","_jetpack_memberships_contains_paid_content":false,"footnotes":""},"categories":[5,1],"tags":[8418,8414,8415,1619,8416,8417],"class_list":["post-10432","post","type-post","status-publish","format-standard","has-post-thumbnail","hentry","category-egitim","category-genel","tag-30-nisan-2026","tag-atama-kararlari","tag-cumhurbaskani-karari","tag-resmi-gazete","tag-tihek","tag-vasip-sahin"],"magazineBlocksPostFeaturedMedia":{"thumbnail":"https:\/\/spontanedigital.com.tr\/wp-content\/uploads\/2026\/04\/res-150x150.jpg","medium":"https:\/\/spontanedigital.com.tr\/wp-content\/uploads\/2026\/04\/res-300x150.jpg","medium_large":"https:\/\/spontanedigital.com.tr\/wp-content\/uploads\/2026\/04\/res-768x384.jpg","large":"https:\/\/spontanedigital.com.tr\/wp-content\/uploads\/2026\/04\/res-1024x512.jpg","1536x1536":"https:\/\/spontanedigital.com.tr\/wp-content\/uploads\/2026\/04\/res.jpg","2048x2048":"https:\/\/spontanedigital.com.tr\/wp-content\/uploads\/2026\/04\/res.jpg","ultp_layout_landscape_large":"https:\/\/spontanedigital.com.tr\/wp-content\/uploads\/2026\/04\/res-1200x640.jpg","ultp_layout_landscape":"https:\/\/spontanedigital.com.tr\/wp-content\/uploads\/2026\/04\/res-870x570.jpg","ultp_layout_portrait":"https:\/\/spontanedigital.com.tr\/wp-content\/uploads\/2026\/04\/res-600x640.jpg","ultp_layout_square":"https:\/\/spontanedigital.com.tr\/wp-content\/uploads\/2026\/04\/res-600x600.jpg","colormag-highlighted-post":"https:\/\/spontanedigital.com.tr\/wp-content\/uploads\/2026\/04\/res-392x272.jpg","colormag-featured-post-medium":"https:\/\/spontanedigital.com.tr\/wp-content\/uploads\/2026\/04\/res-390x205.jpg","colormag-featured-post-small":"https:\/\/spontanedigital.com.tr\/wp-content\/uploads\/2026\/04\/res-130x90.jpg","colormag-featured-image":"https:\/\/spontanedigital.com.tr\/wp-content\/uploads\/2026\/04\/res-800x445.jpg","colormag-default-news":"https:\/\/spontanedigital.com.tr\/wp-content\/uploads\/2026\/04\/res-150x150.jpg","colormag-featured-image-large":"https:\/\/spontanedigital.com.tr\/wp-content\/uploads\/2026\/04\/res-1280x600.jpg"},"magazineBlocksPostAuthor":{"name":"Zehra \u0130laslan","avatar":"https:\/\/spontanedigital.com.tr\/wp-content\/uploads\/2026\/02\/WhatsApp-Image-2026-02-27-at-13.44.33-150x150.jpeg"},"magazineBlocksPostCommentsNumber":"0","magazineBlocksPostExcerpt":"30 Nisan 2026 tarihli atama kararlar\u0131 Resmi Gazete\u2019de yay\u0131mland\u0131. T\u0130HEK Ba\u015fkanl\u0131\u011f\u0131na Ankara Valisi Vasip \u015eahin se\u00e7ildi. &nbsp;Nisan 2026 tarihli atama","magazineBlocksPostCategories":["E\u011fitim","Genel"],"magazineBlocksPostViewCount":6,"magazineBlocksPostReadTime":3,"magazine_blocks_featured_image_url":{"full":["https:\/\/spontanedigital.com.tr\/wp-content\/uploads\/2026\/04\/res.jpg",1280,640,false],"medium":["https:\/\/spontanedigital.com.tr\/wp-content\/uploads\/2026\/04\/res-300x150.jpg",300,150,true],"thumbnail":["https:\/\/spontanedigital.com.tr\/wp-content\/uploads\/2026\/04\/res-150x150.jpg",150,150,true]},"magazine_blocks_author":{"display_name":"Zehra \u0130laslan","author_link":"https:\/\/spontanedigital.com.tr\/?author=4"},"magazine_blocks_comment":0,"magazine_blocks_author_image":"https:\/\/spontanedigital.com.tr\/wp-content\/uploads\/2026\/02\/WhatsApp-Image-2026-02-27-at-13.44.33-150x150.jpeg","magazine_blocks_category":"<a href=\"#\" class=\"category-link category-link-5\">E\u011fitim<\/a> <a href=\"#\" class=\"category-link category-link-1\">Genel<\/a>","yoast_head":"<!-- This site is optimized with the Yoast SEO plugin v27.5 - https:\/\/yoast.com\/product\/yoast-seo-wordpress\/ -->\n<title>30 Nisan 2026 Tarihli Atamalar Resmi Gazete\u2019de: \u0130\u015fte Yeni \u0130simler &#8211; Spontane Digital<\/title>\n<meta name=\"robots\" content=\"index, follow, max-snippet:-1, max-image-preview:large, max-video-preview:-1\" \/>\n<link rel=\"canonical\" href=\"https:\/\/spontanedigital.com.tr\/?p=10432\" \/>\n<meta property=\"og:locale\" content=\"tr_TR\" \/>\n<meta property=\"og:type\" content=\"article\" \/>\n<meta property=\"og:title\" content=\"30 Nisan 2026 Tarihli Atamalar Resmi Gazete\u2019de: \u0130\u015fte Yeni \u0130simler &#8211; Spontane Digital\" \/>\n<meta property=\"og:description\" content=\"30 Nisan 2026 tarihli atama kararlar\u0131 Resmi Gazete\u2019de yay\u0131mland\u0131. T\u0130HEK Ba\u015fkanl\u0131\u011f\u0131na Ankara Valisi Vasip \u015eahin se\u00e7ildi. &nbsp;Nisan 2026 tarihli atama\" \/>\n<meta property=\"og:url\" content=\"https:\/\/spontanedigital.com.tr\/?p=10432\" \/>\n<meta property=\"og:site_name\" content=\"Spontane Digital\" \/>\n<meta property=\"article:published_time\" content=\"2026-04-30T16:23:24+00:00\" \/>\n<meta property=\"article:modified_time\" content=\"2026-04-30T16:23:29+00:00\" \/>\n<meta property=\"og:image\" content=\"https:\/\/spontanedigital.com.tr\/wp-content\/uploads\/2026\/04\/res.jpg\" \/>\n\t<meta property=\"og:image:width\" content=\"1280\" \/>\n\t<meta property=\"og:image:height\" content=\"640\" \/>\n\t<meta property=\"og:image:type\" content=\"image\/jpeg\" \/>\n<meta name=\"author\" content=\"Zehra \u0130laslan\" \/>\n<meta name=\"twitter:card\" content=\"summary_large_image\" \/>\n<meta name=\"twitter:label1\" content=\"Yazan:\" \/>\n\t<meta name=\"twitter:data1\" content=\"Zehra \u0130laslan\" \/>\n\t<meta name=\"twitter:label2\" content=\"Tahmini okuma s\u00fcresi\" \/>\n\t<meta name=\"twitter:data2\" content=\"3 dakika\" \/>\n<script type=\"application\/ld+json\" class=\"yoast-schema-graph\">{\"@context\":\"https:\\\/\\\/schema.org\",\"@graph\":[{\"@type\":\"Article\",\"@id\":\"https:\\\/\\\/spontanedigital.com.tr\\\/?p=10432#article\",\"isPartOf\":{\"@id\":\"https:\\\/\\\/spontanedigital.com.tr\\\/?p=10432\"},\"author\":{\"name\":\"Zehra \u0130laslan\",\"@id\":\"https:\\\/\\\/spontanedigital.com.tr\\\/#\\\/schema\\\/person\\\/1c2e4274f4a632f9cdd206f97861d319\"},\"headline\":\"30 Nisan 2026 Tarihli Atamalar Resmi Gazete\u2019de: \u0130\u015fte Yeni \u0130simler\",\"datePublished\":\"2026-04-30T16:23:24+00:00\",\"dateModified\":\"2026-04-30T16:23:29+00:00\",\"mainEntityOfPage\":{\"@id\":\"https:\\\/\\\/spontanedigital.com.tr\\\/?p=10432\"},\"wordCount\":548,\"commentCount\":0,\"publisher\":{\"@id\":\"https:\\\/\\\/spontanedigital.com.tr\\\/#organization\"},\"image\":{\"@id\":\"https:\\\/\\\/spontanedigital.com.tr\\\/?p=10432#primaryimage\"},\"thumbnailUrl\":\"https:\\\/\\\/spontanedigital.com.tr\\\/wp-content\\\/uploads\\\/2026\\\/04\\\/res.jpg\",\"keywords\":[\"30 Nisan 2026\",\"Atama Kararlar\u0131\",\"Cumhurba\u015fkan\u0131 karar\u0131\",\"resmi gazete\",\"T\u0130HEK\",\"Vasip \u015eahin\"],\"articleSection\":[\"E\u011fitim\"],\"inLanguage\":\"tr\",\"potentialAction\":[{\"@type\":\"CommentAction\",\"name\":\"Comment\",\"target\":[\"https:\\\/\\\/spontanedigital.com.tr\\\/?p=10432#respond\"]}]},{\"@type\":\"WebPage\",\"@id\":\"https:\\\/\\\/spontanedigital.com.tr\\\/?p=10432\",\"url\":\"https:\\\/\\\/spontanedigital.com.tr\\\/?p=10432\",\"name\":\"30 Nisan 2026 Tarihli Atamalar Resmi Gazete\u2019de: \u0130\u015fte Yeni \u0130simler &#8211; Spontane Digital\",\"isPartOf\":{\"@id\":\"https:\\\/\\\/spontanedigital.com.tr\\\/#website\"},\"primaryImageOfPage\":{\"@id\":\"https:\\\/\\\/spontanedigital.com.tr\\\/?p=10432#primaryimage\"},\"image\":{\"@id\":\"https:\\\/\\\/spontanedigital.com.tr\\\/?p=10432#primaryimage\"},\"thumbnailUrl\":\"https:\\\/\\\/spontanedigital.com.tr\\\/wp-content\\\/uploads\\\/2026\\\/04\\\/res.jpg\",\"datePublished\":\"2026-04-30T16:23:24+00:00\",\"dateModified\":\"2026-04-30T16:23:29+00:00\",\"breadcrumb\":{\"@id\":\"https:\\\/\\\/spontanedigital.com.tr\\\/?p=10432#breadcrumb\"},\"inLanguage\":\"tr\",\"potentialAction\":[{\"@type\":\"ReadAction\",\"target\":[\"https:\\\/\\\/spontanedigital.com.tr\\\/?p=10432\"]}]},{\"@type\":\"ImageObject\",\"inLanguage\":\"tr\",\"@id\":\"https:\\\/\\\/spontanedigital.com.tr\\\/?p=10432#primaryimage\",\"url\":\"https:\\\/\\\/spontanedigital.com.tr\\\/wp-content\\\/uploads\\\/2026\\\/04\\\/res.jpg\",\"contentUrl\":\"https:\\\/\\\/spontanedigital.com.tr\\\/wp-content\\\/uploads\\\/2026\\\/04\\\/res.jpg\",\"width\":1280,\"height\":640},{\"@type\":\"BreadcrumbList\",\"@id\":\"https:\\\/\\\/spontanedigital.com.tr\\\/?p=10432#breadcrumb\",\"itemListElement\":[{\"@type\":\"ListItem\",\"position\":1,\"name\":\"Anasayfa\",\"item\":\"https:\\\/\\\/spontanedigital.com.tr\\\/\"},{\"@type\":\"ListItem\",\"position\":2,\"name\":\"30 Nisan 2026 Tarihli Atamalar Resmi Gazete\u2019de: \u0130\u015fte Yeni \u0130simler\"}]},{\"@type\":\"WebSite\",\"@id\":\"https:\\\/\\\/spontanedigital.com.tr\\\/#website\",\"url\":\"https:\\\/\\\/spontanedigital.com.tr\\\/\",\"name\":\"Spontane Digital\",\"description\":\"Dijitalde Spontanite\",\"publisher\":{\"@id\":\"https:\\\/\\\/spontanedigital.com.tr\\\/#organization\"},\"potentialAction\":[{\"@type\":\"SearchAction\",\"target\":{\"@type\":\"EntryPoint\",\"urlTemplate\":\"https:\\\/\\\/spontanedigital.com.tr\\\/?s={search_term_string}\"},\"query-input\":{\"@type\":\"PropertyValueSpecification\",\"valueRequired\":true,\"valueName\":\"search_term_string\"}}],\"inLanguage\":\"tr\"},{\"@type\":\"Organization\",\"@id\":\"https:\\\/\\\/spontanedigital.com.tr\\\/#organization\",\"name\":\"Spontane Digital\",\"url\":\"https:\\\/\\\/spontanedigital.com.tr\\\/\",\"logo\":{\"@type\":\"ImageObject\",\"inLanguage\":\"tr\",\"@id\":\"https:\\\/\\\/spontanedigital.com.tr\\\/#\\\/schema\\\/logo\\\/image\\\/\",\"url\":\"https:\\\/\\\/spontanedigital.com.tr\\\/wp-content\\\/uploads\\\/2026\\\/02\\\/Spontane-Beyaz-1.png\",\"contentUrl\":\"https:\\\/\\\/spontanedigital.com.tr\\\/wp-content\\\/uploads\\\/2026\\\/02\\\/Spontane-Beyaz-1.png\",\"width\":1772,\"height\":900,\"caption\":\"Spontane Digital\"},\"image\":{\"@id\":\"https:\\\/\\\/spontanedigital.com.tr\\\/#\\\/schema\\\/logo\\\/image\\\/\"}},{\"@type\":\"Person\",\"@id\":\"https:\\\/\\\/spontanedigital.com.tr\\\/#\\\/schema\\\/person\\\/1c2e4274f4a632f9cdd206f97861d319\",\"name\":\"Zehra \u0130laslan\",\"image\":{\"@type\":\"ImageObject\",\"inLanguage\":\"tr\",\"@id\":\"https:\\\/\\\/spontanedigital.com.tr\\\/wp-content\\\/uploads\\\/2026\\\/02\\\/WhatsApp-Image-2026-02-27-at-13.44.33-150x150.jpeg\",\"url\":\"https:\\\/\\\/spontanedigital.com.tr\\\/wp-content\\\/uploads\\\/2026\\\/02\\\/WhatsApp-Image-2026-02-27-at-13.44.33-150x150.jpeg\",\"contentUrl\":\"https:\\\/\\\/spontanedigital.com.tr\\\/wp-content\\\/uploads\\\/2026\\\/02\\\/WhatsApp-Image-2026-02-27-at-13.44.33-150x150.jpeg\",\"caption\":\"Zehra \u0130laslan\"},\"description\":\"K\u00fcresel geli\u015fmeleri ve e\u011fitim d\u00fcnyas\u0131ndaki de\u011fi\u015fimleri oda\u011f\u0131na alan Zehra, ufuk a\u00e7an geli\u015fmeleri ve d\u00fcnyadan \u00f6nemli haberleri okuyucular\u0131m\u0131za ula\u015ft\u0131r\u0131yor.\",\"url\":\"https:\\\/\\\/spontanedigital.com.tr\\\/?author=4\"}]}<\/script>\n<!-- \/ Yoast SEO plugin. -->","yoast_head_json":{"title":"30 Nisan 2026 Tarihli Atamalar Resmi Gazete\u2019de: \u0130\u015fte Yeni \u0130simler &#8211; Spontane Digital","robots":{"index":"index","follow":"follow","max-snippet":"max-snippet:-1","max-image-preview":"max-image-preview:large","max-video-preview":"max-video-preview:-1"},"canonical":"https:\/\/spontanedigital.com.tr\/?p=10432","og_locale":"tr_TR","og_type":"article","og_title":"30 Nisan 2026 Tarihli Atamalar Resmi Gazete\u2019de: \u0130\u015fte Yeni \u0130simler &#8211; Spontane Digital","og_description":"30 Nisan 2026 tarihli atama kararlar\u0131 Resmi Gazete\u2019de yay\u0131mland\u0131. T\u0130HEK Ba\u015fkanl\u0131\u011f\u0131na Ankara Valisi Vasip \u015eahin se\u00e7ildi. &nbsp;Nisan 2026 tarihli atama","og_url":"https:\/\/spontanedigital.com.tr\/?p=10432","og_site_name":"Spontane Digital","article_published_time":"2026-04-30T16:23:24+00:00","article_modified_time":"2026-04-30T16:23:29+00:00","og_image":[{"width":1280,"height":640,"url":"https:\/\/spontanedigital.com.tr\/wp-content\/uploads\/2026\/04\/res.jpg","type":"image\/jpeg"}],"author":"Zehra \u0130laslan","twitter_card":"summary_large_image","twitter_misc":{"Yazan:":"Zehra \u0130laslan","Tahmini okuma s\u00fcresi":"3 dakika"},"schema":{"@context":"https:\/\/schema.org","@graph":[{"@type":"Article","@id":"https:\/\/spontanedigital.com.tr\/?p=10432#article","isPartOf":{"@id":"https:\/\/spontanedigital.com.tr\/?p=10432"},"author":{"name":"Zehra \u0130laslan","@id":"https:\/\/spontanedigital.com.tr\/#\/schema\/person\/1c2e4274f4a632f9cdd206f97861d319"},"headline":"30 Nisan 2026 Tarihli Atamalar Resmi Gazete\u2019de: \u0130\u015fte Yeni \u0130simler","datePublished":"2026-04-30T16:23:24+00:00","dateModified":"2026-04-30T16:23:29+00:00","mainEntityOfPage":{"@id":"https:\/\/spontanedigital.com.tr\/?p=10432"},"wordCount":548,"commentCount":0,"publisher":{"@id":"https:\/\/spontanedigital.com.tr\/#organization"},"image":{"@id":"https:\/\/spontanedigital.com.tr\/?p=10432#primaryimage"},"thumbnailUrl":"https:\/\/spontanedigital.com.tr\/wp-content\/uploads\/2026\/04\/res.jpg","keywords":["30 Nisan 2026","Atama Kararlar\u0131","Cumhurba\u015fkan\u0131 karar\u0131","resmi gazete","T\u0130HEK","Vasip \u015eahin"],"articleSection":["E\u011fitim"],"inLanguage":"tr","potentialAction":[{"@type":"CommentAction","name":"Comment","target":["https:\/\/spontanedigital.com.tr\/?p=10432#respond"]}]},{"@type":"WebPage","@id":"https:\/\/spontanedigital.com.tr\/?p=10432","url":"https:\/\/spontanedigital.com.tr\/?p=10432","name":"30 Nisan 2026 Tarihli Atamalar Resmi Gazete\u2019de: \u0130\u015fte Yeni \u0130simler &#8211; Spontane Digital","isPartOf":{"@id":"https:\/\/spontanedigital.com.tr\/#website"},"primaryImageOfPage":{"@id":"https:\/\/spontanedigital.com.tr\/?p=10432#primaryimage"},"image":{"@id":"https:\/\/spontanedigital.com.tr\/?p=10432#primaryimage"},"thumbnailUrl":"https:\/\/spontanedigital.com.tr\/wp-content\/uploads\/2026\/04\/res.jpg","datePublished":"2026-04-30T16:23:24+00:00","dateModified":"2026-04-30T16:23:29+00:00","breadcrumb":{"@id":"https:\/\/spontanedigital.com.tr\/?p=10432#breadcrumb"},"inLanguage":"tr","potentialAction":[{"@type":"ReadAction","target":["https:\/\/spontanedigital.com.tr\/?p=10432"]}]},{"@type":"ImageObject","inLanguage":"tr","@id":"https:\/\/spontanedigital.com.tr\/?p=10432#primaryimage","url":"https:\/\/spontanedigital.com.tr\/wp-content\/uploads\/2026\/04\/res.jpg","contentUrl":"https:\/\/spontanedigital.com.tr\/wp-content\/uploads\/2026\/04\/res.jpg","width":1280,"height":640},{"@type":"BreadcrumbList","@id":"https:\/\/spontanedigital.com.tr\/?p=10432#breadcrumb","itemListElement":[{"@type":"ListItem","position":1,"name":"Anasayfa","item":"https:\/\/spontanedigital.com.tr\/"},{"@type":"ListItem","position":2,"name":"30 Nisan 2026 Tarihli Atamalar Resmi Gazete\u2019de: \u0130\u015fte Yeni \u0130simler"}]},{"@type":"WebSite","@id":"https:\/\/spontanedigital.com.tr\/#website","url":"https:\/\/spontanedigital.com.tr\/","name":"Spontane Digital","description":"Dijitalde Spontanite","publisher":{"@id":"https:\/\/spontanedigital.com.tr\/#organization"},"potentialAction":[{"@type":"SearchAction","target":{"@type":"EntryPoint","urlTemplate":"https:\/\/spontanedigital.com.tr\/?s={search_term_string}"},"query-input":{"@type":"PropertyValueSpecification","valueRequired":true,"valueName":"search_term_string"}}],"inLanguage":"tr"},{"@type":"Organization","@id":"https:\/\/spontanedigital.com.tr\/#organization","name":"Spontane Digital","url":"https:\/\/spontanedigital.com.tr\/","logo":{"@type":"ImageObject","inLanguage":"tr","@id":"https:\/\/spontanedigital.com.tr\/#\/schema\/logo\/image\/","url":"https:\/\/spontanedigital.com.tr\/wp-content\/uploads\/2026\/02\/Spontane-Beyaz-1.png","contentUrl":"https:\/\/spontanedigital.com.tr\/wp-content\/uploads\/2026\/02\/Spontane-Beyaz-1.png","width":1772,"height":900,"caption":"Spontane Digital"},"image":{"@id":"https:\/\/spontanedigital.com.tr\/#\/schema\/logo\/image\/"}},{"@type":"Person","@id":"https:\/\/spontanedigital.com.tr\/#\/schema\/person\/1c2e4274f4a632f9cdd206f97861d319","name":"Zehra \u0130laslan","image":{"@type":"ImageObject","inLanguage":"tr","@id":"https:\/\/spontanedigital.com.tr\/wp-content\/uploads\/2026\/02\/WhatsApp-Image-2026-02-27-at-13.44.33-150x150.jpeg","url":"https:\/\/spontanedigital.com.tr\/wp-content\/uploads\/2026\/02\/WhatsApp-Image-2026-02-27-at-13.44.33-150x150.jpeg","contentUrl":"https:\/\/spontanedigital.com.tr\/wp-content\/uploads\/2026\/02\/WhatsApp-Image-2026-02-27-at-13.44.33-150x150.jpeg","caption":"Zehra \u0130laslan"},"description":"K\u00fcresel geli\u015fmeleri ve e\u011fitim d\u00fcnyas\u0131ndaki de\u011fi\u015fimleri oda\u011f\u0131na alan Zehra, ufuk a\u00e7an geli\u015fmeleri ve d\u00fcnyadan \u00f6nemli haberleri okuyucular\u0131m\u0131za ula\u015ft\u0131r\u0131yor.","url":"https:\/\/spontanedigital.com.tr\/?author=4"}]}},"featured_image_urls":{"full":["https:\/\/spontanedigital.com.tr\/wp-content\/uploads\/2026\/04\/res.jpg",1280,640,false],"thumbnail":["https:\/\/spontanedigital.com.tr\/wp-content\/uploads\/2026\/04\/res-150x150.jpg",150,150,true],"medium":["https:\/\/spontanedigital.com.tr\/wp-content\/uploads\/2026\/04\/res-300x150.jpg",300,150,true],"medium_large":["https:\/\/spontanedigital.com.tr\/wp-content\/uploads\/2026\/04\/res-768x384.jpg",768,384,true],"large":["https:\/\/spontanedigital.com.tr\/wp-content\/uploads\/2026\/04\/res-1024x512.jpg",800,400,true],"1536x1536":["https:\/\/spontanedigital.com.tr\/wp-content\/uploads\/2026\/04\/res.jpg",1280,640,false],"2048x2048":["https:\/\/spontanedigital.com.tr\/wp-content\/uploads\/2026\/04\/res.jpg",1280,640,false],"ultp_layout_landscape_large":["https:\/\/spontanedigital.com.tr\/wp-content\/uploads\/2026\/04\/res-1200x640.jpg",1200,640,true],"ultp_layout_landscape":["https:\/\/spontanedigital.com.tr\/wp-content\/uploads\/2026\/04\/res-870x570.jpg",870,570,true],"ultp_layout_portrait":["https:\/\/spontanedigital.com.tr\/wp-content\/uploads\/2026\/04\/res-600x640.jpg",600,640,true],"ultp_layout_square":["https:\/\/spontanedigital.com.tr\/wp-content\/uploads\/2026\/04\/res-600x600.jpg",600,600,true],"colormag-highlighted-post":["https:\/\/spontanedigital.com.tr\/wp-content\/uploads\/2026\/04\/res-392x272.jpg",392,272,true],"colormag-featured-post-medium":["https:\/\/spontanedigital.com.tr\/wp-content\/uploads\/2026\/04\/res-390x205.jpg",390,205,true],"colormag-featured-post-small":["https:\/\/spontanedigital.com.tr\/wp-content\/uploads\/2026\/04\/res-130x90.jpg",130,90,true],"colormag-featured-image":["https:\/\/spontanedigital.com.tr\/wp-content\/uploads\/2026\/04\/res-800x445.jpg",800,445,true],"colormag-default-news":["https:\/\/spontanedigital.com.tr\/wp-content\/uploads\/2026\/04\/res-150x150.jpg",150,150,true],"colormag-featured-image-large":["https:\/\/spontanedigital.com.tr\/wp-content\/uploads\/2026\/04\/res-1280x600.jpg",1280,600,true]},"author_info":{"info":["Zehra \u0130laslan"]},"category_info":"<a href=\"https:\/\/spontanedigital.com.tr\/?cat=5\" rel=\"category\">E\u011fitim<\/a> <a href=\"https:\/\/spontanedigital.com.tr\/?cat=1\" rel=\"category\">Genel<\/a>","tag_info":"Genel","comment_count":"0","jetpack_featured_media_url":"https:\/\/spontanedigital.com.tr\/wp-content\/uploads\/2026\/04\/res.jpg","jetpack_sharing_enabled":true,"_links":{"self":[{"href":"https:\/\/spontanedigital.com.tr\/index.php?rest_route=\/wp\/v2\/posts\/10432","targetHints":{"allow":["GET"]}}],"collection":[{"href":"https:\/\/spontanedigital.com.tr\/index.php?rest_route=\/wp\/v2\/posts"}],"about":[{"href":"https:\/\/spontanedigital.com.tr\/index.php?rest_route=\/wp\/v2\/types\/post"}],"author":[{"embeddable":true,"href":"https:\/\/spontanedigital.com.tr\/index.php?rest_route=\/wp\/v2\/users\/4"}],"replies":[{"embeddable":true,"href":"https:\/\/spontanedigital.com.tr\/index.php?rest_route=%2Fwp%2Fv2%2Fcomments&post=10432"}],"version-history":[{"count":1,"href":"https:\/\/spontanedigital.com.tr\/index.php?rest_route=\/wp\/v2\/posts\/10432\/revisions"}],"predecessor-version":[{"id":10434,"href":"https:\/\/spontanedigital.com.tr\/index.php?rest_route=\/wp\/v2\/posts\/10432\/revisions\/10434"}],"wp:featuredmedia":[{"embeddable":true,"href":"https:\/\/spontanedigital.com.tr\/index.php?rest_route=\/wp\/v2\/media\/10433"}],"wp:attachment":[{"href":"https:\/\/spontanedigital.com.tr\/index.php?rest_route=%2Fwp%2Fv2%2Fmedia&parent=10432"}],"wp:term":[{"taxonomy":"category","embeddable":true,"href":"https:\/\/spontanedigital.com.tr\/index.php?rest_route=%2Fwp%2Fv2%2Fcategories&post=10432"},{"taxonomy":"post_tag","embeddable":true,"href":"https:\/\/spontanedigital.com.tr\/index.php?rest_route=%2Fwp%2Fv2%2Ftags&post=10432"}],"curies":[{"name":"wp","href":"https:\/\/api.w.org\/{rel}","templated":true}]}}