{"id":10489,"date":"2026-04-30T22:13:25","date_gmt":"2026-04-30T19:13:25","guid":{"rendered":"https:\/\/spontanedigital.com.tr\/?p=10489"},"modified":"2026-04-30T22:13:29","modified_gmt":"2026-04-30T19:13:29","slug":"galatasarayda-icardi-depremi-arjantinli-yildiz-veda-ediyor-hedefteki-2-isim-belli-oldu","status":"publish","type":"post","link":"https:\/\/spontanedigital.com.tr\/?p=10489","title":{"rendered":"Galatasaray&#8217;da Icardi Depremi! Arjantinli Y\u0131ld\u0131z Veda Ediyor, Hedefteki 2 \u0130sim Belli Oldu"},"content":{"rendered":"\n<p>S\u00fcper Lig&#8217;de \u00fcst \u00fcste 4. \u015fampiyonlu\u011funa y\u00fcr\u00fcyen Galatasaray&#8217;da, gelece\u011fi belirsizli\u011fini koruyan ve tak\u0131mdan ayr\u0131lmas\u0131na kesin g\u00f6z\u00fcyle bak\u0131lan Mauro Icardi&#8217;nin yerini dolduracak isimler i\u00e7in aray\u0131\u015flar resmen ba\u015flad\u0131.<\/p>\n\n\n\n<p>S\u00fcper Lig&#8217;de \u00fcst \u00fcste 4. kez \u015fampiyonlu\u011fa ko\u015fan\u00a0<a href=\"https:\/\/www.hurriyet.com.tr\/sporarena\/galatasaray-haberleri\/\" target=\"_blank\" rel=\"noreferrer noopener\">Galatasaray<\/a>\u00a0bir yandan gelecek sezonun kadro planlamalar\u0131na da ba\u015flad\u0131. Sar\u0131-k\u0131rm\u0131z\u0131l\u0131lar, sezon sonunda sona erecek Mauro\u00a0<a href=\"https:\/\/www.hurriyet.com.tr\/haberleri\/icardi\" target=\"_blank\" rel=\"noreferrer noopener\">Icardi<\/a>&#8216;nin gelece\u011fi hakk\u0131nda tam karar\u0131n\u0131 veremezken bir yandan santrfor b\u00f6lgesi i\u00e7in aray\u0131\u015flar\u0131na ba\u015flad\u0131.<\/p>\n\n\n\n<figure class=\"wp-block-image size-full\"><img loading=\"lazy\" decoding=\"async\" width=\"770\" height=\"433\" src=\"https:\/\/spontanedigital.com.tr\/wp-content\/uploads\/2026\/04\/69f2ee43866d2a00cd559bd0.webp\" alt=\"\" class=\"wp-image-10490\" srcset=\"https:\/\/spontanedigital.com.tr\/wp-content\/uploads\/2026\/04\/69f2ee43866d2a00cd559bd0.webp 770w, https:\/\/spontanedigital.com.tr\/wp-content\/uploads\/2026\/04\/69f2ee43866d2a00cd559bd0-300x169.webp 300w, https:\/\/spontanedigital.com.tr\/wp-content\/uploads\/2026\/04\/69f2ee43866d2a00cd559bd0-768x432.webp 768w\" sizes=\"auto, (max-width: 770px) 100vw, 770px\" \/><\/figure>\n\n\n\n<p><strong>DURSUN \u00d6ZBEK B\u0130ZZAT DEVREDE<\/strong><\/p>\n\n\n\n<p>Galatasaray yerli forvet takviyesi do\u011frultusunda&nbsp;<a href=\"https:\/\/www.hurriyet.com.tr\/haberleri\/bertug-yildirim\" target=\"_blank\" rel=\"noreferrer noopener\">Bertu\u011f Y\u0131ld\u0131r\u0131m<\/a>&nbsp;ve&nbsp;<a href=\"https:\/\/www.hurriyet.com.tr\/haberleri\/deniz-gul\" target=\"_blank\" rel=\"noreferrer noopener\">Deniz G\u00fcl<\/a>\u2019le yak\u0131ndan ilgileniyor. Sar\u0131-K\u0131rm\u0131z\u0131l\u0131 kul\u00fcp iki Milli futbolcudan en az birini renklerine ba\u011flayarak yerli rotasyonunu g\u00fc\u00e7lendirmeyi hedefliyor. Ba\u015fak\u015fehir formas\u0131 giyen Bertu\u011f i\u00e7in bizzat Ba\u015fkan Dursun \u00d6zbek devrede.<\/p>\n\n\n\n<figure class=\"wp-block-image size-full\"><img loading=\"lazy\" decoding=\"async\" width=\"770\" height=\"433\" src=\"https:\/\/spontanedigital.com.tr\/wp-content\/uploads\/2026\/04\/69f2ee51866d2a00cd559bd2.webp\" alt=\"\" class=\"wp-image-10491\" srcset=\"https:\/\/spontanedigital.com.tr\/wp-content\/uploads\/2026\/04\/69f2ee51866d2a00cd559bd2.webp 770w, https:\/\/spontanedigital.com.tr\/wp-content\/uploads\/2026\/04\/69f2ee51866d2a00cd559bd2-300x169.webp 300w, https:\/\/spontanedigital.com.tr\/wp-content\/uploads\/2026\/04\/69f2ee51866d2a00cd559bd2-768x432.webp 768w\" sizes=\"auto, (max-width: 770px) 100vw, 770px\" \/><\/figure>\n\n\n\n<p><strong>OKAN BURUK&#8217;TAN ONAY<\/strong><\/p>\n\n\n\n<p>Deniz i\u00e7in de Porto\u2019ya \u00f6n\u00fcm\u00fczdeki g\u00fcnlerde bir teklif yap\u0131lmas\u0131 planlan\u0131yor. Okan Buruk\u2019un her iki golc\u00fcy\u00fc de \u00e7ok be\u011fendi\u011fi ve kadrosunda g\u00f6rmeyi mutlaka istedi\u011fi \u00f6\u011frenildi.<\/p>\n\n\n\n<figure class=\"wp-block-image size-full\"><img loading=\"lazy\" decoding=\"async\" width=\"770\" height=\"433\" src=\"https:\/\/spontanedigital.com.tr\/wp-content\/uploads\/2026\/04\/69f2ee60866d2a00cd559bd4.webp\" alt=\"\" class=\"wp-image-10492\" srcset=\"https:\/\/spontanedigital.com.tr\/wp-content\/uploads\/2026\/04\/69f2ee60866d2a00cd559bd4.webp 770w, https:\/\/spontanedigital.com.tr\/wp-content\/uploads\/2026\/04\/69f2ee60866d2a00cd559bd4-300x169.webp 300w, https:\/\/spontanedigital.com.tr\/wp-content\/uploads\/2026\/04\/69f2ee60866d2a00cd559bd4-768x432.webp 768w\" sizes=\"auto, (max-width: 770px) 100vw, 770px\" \/><\/figure>\n\n\n\n<p><strong>SANTRFORLA SINIRLI KALMAYACAK<\/strong><\/p>\n\n\n\n<p>Sadece forvete de\u011fil, orta saha ve savunmaya da hem gen\u00e7 hem de potansiyelli yerli transferleri yap\u0131lmas\u0131 d\u00fc\u015f\u00fcn\u00fcl\u00fcyor.<\/p>\n\n\n\n<p>Kaynak: <a href=\"https:\/\/www.hurriyet.com.tr\/sporarena\/icardi-ayriliyor-galatasaray-halefini-basaksehirde-buldu-43162453\" type=\"link\" id=\"https:\/\/www.hurriyet.com.tr\/sporarena\/icardi-ayriliyor-galatasaray-halefini-basaksehirde-buldu-43162453\">H\u00fcrriyet Spor Arena<\/a><\/p>\n\n\n\n<p>Yay\u0131nlanma Tarihi: 30.04.2026 Saati: 22:12<\/p>\n\n\n<div class=\"taxonomy-post_tag wp-block-post-terms\"><a href=\"https:\/\/spontanedigital.com.tr\/?tag=basaksehir-transfer\" rel=\"tag\">Ba\u015fak\u015fehir transfer<\/a><span class=\"wp-block-post-terms__separator\">, <\/span><a href=\"https:\/\/spontanedigital.com.tr\/?tag=futbol-gundemi\" rel=\"tag\">Futbol G\u00fcndemi<\/a><span class=\"wp-block-post-terms__separator\">, <\/span><a href=\"https:\/\/spontanedigital.com.tr\/?tag=galatasaray\" rel=\"tag\">Galatasaray<\/a><span class=\"wp-block-post-terms__separator\">, <\/span><a href=\"https:\/\/spontanedigital.com.tr\/?tag=galatasaray-haberleri\" rel=\"tag\">Galatasaray Haberleri<\/a><span class=\"wp-block-post-terms__separator\">, <\/span><a href=\"https:\/\/spontanedigital.com.tr\/?tag=galatasaray-transfer\" rel=\"tag\">Galatasaray Transfer<\/a><span class=\"wp-block-post-terms__separator\">, <\/span><a href=\"https:\/\/spontanedigital.com.tr\/?tag=icardi-ayriliyor-mu\" rel=\"tag\">Icardi ayr\u0131l\u0131yor mu<\/a><span class=\"wp-block-post-terms__separator\">, <\/span><a href=\"https:\/\/spontanedigital.com.tr\/?tag=mauro-icardi\" rel=\"tag\">Mauro Icardi<\/a><span class=\"wp-block-post-terms__separator\">, <\/span><a href=\"https:\/\/spontanedigital.com.tr\/?tag=okan-buruk\" rel=\"tag\">Okan Buruk<\/a><span class=\"wp-block-post-terms__separator\">, <\/span><a href=\"https:\/\/spontanedigital.com.tr\/?tag=porto\" rel=\"tag\">Porto<\/a><span class=\"wp-block-post-terms__separator\">, <\/span><a href=\"https:\/\/spontanedigital.com.tr\/?tag=son-dakika-transfer\" rel=\"tag\">Son Dakika Transfer<\/a><span class=\"wp-block-post-terms__separator\">, <\/span><a href=\"https:\/\/spontanedigital.com.tr\/?tag=spor-iddialari\" rel=\"tag\">spor iddialar\u0131<\/a><span class=\"wp-block-post-terms__separator\">, <\/span><a href=\"https:\/\/spontanedigital.com.tr\/?tag=super-lig\" rel=\"tag\">S\u00fcper Lig<\/a><span class=\"wp-block-post-terms__separator\">, <\/span><a href=\"https:\/\/spontanedigital.com.tr\/?tag=yarim-vole\" rel=\"tag\">Yar\u0131m Vole<\/a><\/div>","protected":false},"excerpt":{"rendered":"<p>S\u00fcper Lig&#8217;de \u00fcst \u00fcste 4. \u015fampiyonlu\u011funa y\u00fcr\u00fcyen Galatasaray&#8217;da, gelece\u011fi belirsizli\u011fini koruyan ve tak\u0131mdan ayr\u0131lmas\u0131na kesin g\u00f6z\u00fcyle bak\u0131lan Mauro Icardi&#8217;nin yerini<\/p>\n","protected":false},"author":3,"featured_media":10493,"comment_status":"open","ping_status":"open","sticky":false,"template":"","format":"standard","meta":{"colormag_page_container_layout":"default_layout","colormag_page_sidebar_layout":"default_layout","_jetpack_memberships_contains_paid_content":false,"footnotes":""},"categories":[1,6],"tags":[8436,3221,113,3722,566,8435,123,124,6094,3979,8437,2997,3002],"class_list":["post-10489","post","type-post","status-publish","format-standard","has-post-thumbnail","hentry","category-genel","category-spor","tag-basaksehir-transfer","tag-futbol-gundemi","tag-galatasaray","tag-galatasaray-haberleri","tag-galatasaray-transfer","tag-icardi-ayriliyor-mu","tag-mauro-icardi","tag-okan-buruk","tag-porto","tag-son-dakika-transfer","tag-spor-iddialari","tag-super-lig","tag-yarim-vole"],"magazineBlocksPostFeaturedMedia":{"thumbnail":"https:\/\/spontanedigital.com.tr\/wp-content\/uploads\/2026\/04\/69f2ee1e866d2a00cd559bce-150x150.webp","medium":"https:\/\/spontanedigital.com.tr\/wp-content\/uploads\/2026\/04\/69f2ee1e866d2a00cd559bce-300x169.webp","medium_large":"https:\/\/spontanedigital.com.tr\/wp-content\/uploads\/2026\/04\/69f2ee1e866d2a00cd559bce.webp","large":"https:\/\/spontanedigital.com.tr\/wp-content\/uploads\/2026\/04\/69f2ee1e866d2a00cd559bce.webp","1536x1536":"https:\/\/spontanedigital.com.tr\/wp-content\/uploads\/2026\/04\/69f2ee1e866d2a00cd559bce.webp","2048x2048":"https:\/\/spontanedigital.com.tr\/wp-content\/uploads\/2026\/04\/69f2ee1e866d2a00cd559bce.webp","ultp_layout_landscape_large":"https:\/\/spontanedigital.com.tr\/wp-content\/uploads\/2026\/04\/69f2ee1e866d2a00cd559bce.webp","ultp_layout_landscape":"https:\/\/spontanedigital.com.tr\/wp-content\/uploads\/2026\/04\/69f2ee1e866d2a00cd559bce.webp","ultp_layout_portrait":"https:\/\/spontanedigital.com.tr\/wp-content\/uploads\/2026\/04\/69f2ee1e866d2a00cd559bce-600x422.webp","ultp_layout_square":"https:\/\/spontanedigital.com.tr\/wp-content\/uploads\/2026\/04\/69f2ee1e866d2a00cd559bce-600x422.webp","colormag-highlighted-post":"https:\/\/spontanedigital.com.tr\/wp-content\/uploads\/2026\/04\/69f2ee1e866d2a00cd559bce-392x272.webp","colormag-featured-post-medium":"https:\/\/spontanedigital.com.tr\/wp-content\/uploads\/2026\/04\/69f2ee1e866d2a00cd559bce-390x205.webp","colormag-featured-post-small":"https:\/\/spontanedigital.com.tr\/wp-content\/uploads\/2026\/04\/69f2ee1e866d2a00cd559bce-130x90.webp","colormag-featured-image":"https:\/\/spontanedigital.com.tr\/wp-content\/uploads\/2026\/04\/69f2ee1e866d2a00cd559bce.webp","colormag-default-news":"https:\/\/spontanedigital.com.tr\/wp-content\/uploads\/2026\/04\/69f2ee1e866d2a00cd559bce-150x150.webp","colormag-featured-image-large":"https:\/\/spontanedigital.com.tr\/wp-content\/uploads\/2026\/04\/69f2ee1e866d2a00cd559bce.webp"},"magazineBlocksPostAuthor":{"name":"Fevzi Can \u015e\u0131\u011fva","avatar":"https:\/\/spontanedigital.com.tr\/wp-content\/uploads\/2026\/02\/WhatsApp-Image-2026-02-27-at-13.44.37-150x150.jpeg"},"magazineBlocksPostCommentsNumber":"0","magazineBlocksPostExcerpt":"S\u00fcper Lig&#8217;de \u00fcst \u00fcste 4. \u015fampiyonlu\u011funa y\u00fcr\u00fcyen Galatasaray&#8217;da, gelece\u011fi belirsizli\u011fini koruyan ve tak\u0131mdan ayr\u0131lmas\u0131na kesin g\u00f6z\u00fcyle bak\u0131lan Mauro Icardi&#8217;nin yerini","magazineBlocksPostCategories":["Genel","Spor"],"magazineBlocksPostViewCount":2,"magazineBlocksPostReadTime":2,"magazine_blocks_featured_image_url":{"full":["https:\/\/spontanedigital.com.tr\/wp-content\/uploads\/2026\/04\/69f2ee1e866d2a00cd559bce.webp",750,422,false],"medium":["https:\/\/spontanedigital.com.tr\/wp-content\/uploads\/2026\/04\/69f2ee1e866d2a00cd559bce-300x169.webp",300,169,true],"thumbnail":["https:\/\/spontanedigital.com.tr\/wp-content\/uploads\/2026\/04\/69f2ee1e866d2a00cd559bce-150x150.webp",150,150,true]},"magazine_blocks_author":{"display_name":"Fevzi Can \u015e\u0131\u011fva","author_link":"https:\/\/spontanedigital.com.tr\/?author=3"},"magazine_blocks_comment":0,"magazine_blocks_author_image":"https:\/\/spontanedigital.com.tr\/wp-content\/uploads\/2026\/02\/WhatsApp-Image-2026-02-27-at-13.44.37-150x150.jpeg","magazine_blocks_category":"<a href=\"#\" class=\"category-link category-link-1\">Genel<\/a> <a href=\"#\" class=\"category-link category-link-6\">Spor<\/a>","yoast_head":"<!-- This site is optimized with the Yoast SEO plugin v27.5 - https:\/\/yoast.com\/product\/yoast-seo-wordpress\/ -->\n<title>Galatasaray&#039;da Icardi Depremi! Arjantinli Y\u0131ld\u0131z Veda Ediyor, Hedefteki 2 \u0130sim Belli Oldu &#8211; Spontane Digital<\/title>\n<meta name=\"robots\" content=\"index, follow, max-snippet:-1, max-image-preview:large, max-video-preview:-1\" \/>\n<link rel=\"canonical\" href=\"https:\/\/spontanedigital.com.tr\/?p=10489\" \/>\n<meta property=\"og:locale\" content=\"tr_TR\" \/>\n<meta property=\"og:type\" content=\"article\" \/>\n<meta property=\"og:title\" content=\"Galatasaray&#039;da Icardi Depremi! Arjantinli Y\u0131ld\u0131z Veda Ediyor, Hedefteki 2 \u0130sim Belli Oldu &#8211; Spontane Digital\" \/>\n<meta property=\"og:description\" content=\"S\u00fcper Lig&#8217;de \u00fcst \u00fcste 4. \u015fampiyonlu\u011funa y\u00fcr\u00fcyen Galatasaray&#8217;da, gelece\u011fi belirsizli\u011fini koruyan ve tak\u0131mdan ayr\u0131lmas\u0131na kesin g\u00f6z\u00fcyle bak\u0131lan Mauro Icardi&#8217;nin yerini\" \/>\n<meta property=\"og:url\" content=\"https:\/\/spontanedigital.com.tr\/?p=10489\" \/>\n<meta property=\"og:site_name\" content=\"Spontane Digital\" \/>\n<meta property=\"article:published_time\" content=\"2026-04-30T19:13:25+00:00\" \/>\n<meta property=\"article:modified_time\" content=\"2026-04-30T19:13:29+00:00\" \/>\n<meta property=\"og:image\" content=\"https:\/\/spontanedigital.com.tr\/wp-content\/uploads\/2026\/04\/69f2ee1e866d2a00cd559bce.webp\" \/>\n\t<meta property=\"og:image:width\" content=\"750\" \/>\n\t<meta property=\"og:image:height\" content=\"422\" \/>\n\t<meta property=\"og:image:type\" content=\"image\/webp\" \/>\n<meta name=\"author\" content=\"Fevzi Can \u015e\u0131\u011fva\" \/>\n<meta name=\"twitter:card\" content=\"summary_large_image\" \/>\n<meta name=\"twitter:label1\" content=\"Yazan:\" \/>\n\t<meta name=\"twitter:data1\" content=\"Fevzi Can \u015e\u0131\u011fva\" \/>\n\t<meta name=\"twitter:label2\" content=\"Tahmini okuma s\u00fcresi\" \/>\n\t<meta name=\"twitter:data2\" content=\"2 dakika\" \/>\n<script type=\"application\/ld+json\" class=\"yoast-schema-graph\">{\"@context\":\"https:\\\/\\\/schema.org\",\"@graph\":[{\"@type\":\"Article\",\"@id\":\"https:\\\/\\\/spontanedigital.com.tr\\\/?p=10489#article\",\"isPartOf\":{\"@id\":\"https:\\\/\\\/spontanedigital.com.tr\\\/?p=10489\"},\"author\":{\"name\":\"Fevzi Can \u015e\u0131\u011fva\",\"@id\":\"https:\\\/\\\/spontanedigital.com.tr\\\/#\\\/schema\\\/person\\\/3b943e96b188e53110740f11f728ee4f\"},\"headline\":\"Galatasaray&#8217;da Icardi Depremi! Arjantinli Y\u0131ld\u0131z Veda Ediyor, Hedefteki 2 \u0130sim Belli Oldu\",\"datePublished\":\"2026-04-30T19:13:25+00:00\",\"dateModified\":\"2026-04-30T19:13:29+00:00\",\"mainEntityOfPage\":{\"@id\":\"https:\\\/\\\/spontanedigital.com.tr\\\/?p=10489\"},\"wordCount\":249,\"commentCount\":0,\"publisher\":{\"@id\":\"https:\\\/\\\/spontanedigital.com.tr\\\/#organization\"},\"image\":{\"@id\":\"https:\\\/\\\/spontanedigital.com.tr\\\/?p=10489#primaryimage\"},\"thumbnailUrl\":\"https:\\\/\\\/spontanedigital.com.tr\\\/wp-content\\\/uploads\\\/2026\\\/04\\\/69f2ee1e866d2a00cd559bce.webp\",\"keywords\":[\"Ba\u015fak\u015fehir transfer\",\"Futbol G\u00fcndemi\",\"Galatasaray\",\"Galatasaray Haberleri\",\"Galatasaray Transfer\",\"Icardi ayr\u0131l\u0131yor mu\",\"Mauro Icardi\",\"Okan Buruk\",\"Porto\",\"Son Dakika Transfer\",\"spor iddialar\u0131\",\"S\u00fcper Lig\",\"Yar\u0131m Vole\"],\"articleSection\":{\"1\":\"Spor\"},\"inLanguage\":\"tr\",\"potentialAction\":[{\"@type\":\"CommentAction\",\"name\":\"Comment\",\"target\":[\"https:\\\/\\\/spontanedigital.com.tr\\\/?p=10489#respond\"]}]},{\"@type\":\"WebPage\",\"@id\":\"https:\\\/\\\/spontanedigital.com.tr\\\/?p=10489\",\"url\":\"https:\\\/\\\/spontanedigital.com.tr\\\/?p=10489\",\"name\":\"Galatasaray'da Icardi Depremi! Arjantinli Y\u0131ld\u0131z Veda Ediyor, Hedefteki 2 \u0130sim Belli Oldu &#8211; Spontane Digital\",\"isPartOf\":{\"@id\":\"https:\\\/\\\/spontanedigital.com.tr\\\/#website\"},\"primaryImageOfPage\":{\"@id\":\"https:\\\/\\\/spontanedigital.com.tr\\\/?p=10489#primaryimage\"},\"image\":{\"@id\":\"https:\\\/\\\/spontanedigital.com.tr\\\/?p=10489#primaryimage\"},\"thumbnailUrl\":\"https:\\\/\\\/spontanedigital.com.tr\\\/wp-content\\\/uploads\\\/2026\\\/04\\\/69f2ee1e866d2a00cd559bce.webp\",\"datePublished\":\"2026-04-30T19:13:25+00:00\",\"dateModified\":\"2026-04-30T19:13:29+00:00\",\"breadcrumb\":{\"@id\":\"https:\\\/\\\/spontanedigital.com.tr\\\/?p=10489#breadcrumb\"},\"inLanguage\":\"tr\",\"potentialAction\":[{\"@type\":\"ReadAction\",\"target\":[\"https:\\\/\\\/spontanedigital.com.tr\\\/?p=10489\"]}]},{\"@type\":\"ImageObject\",\"inLanguage\":\"tr\",\"@id\":\"https:\\\/\\\/spontanedigital.com.tr\\\/?p=10489#primaryimage\",\"url\":\"https:\\\/\\\/spontanedigital.com.tr\\\/wp-content\\\/uploads\\\/2026\\\/04\\\/69f2ee1e866d2a00cd559bce.webp\",\"contentUrl\":\"https:\\\/\\\/spontanedigital.com.tr\\\/wp-content\\\/uploads\\\/2026\\\/04\\\/69f2ee1e866d2a00cd559bce.webp\",\"width\":750,\"height\":422},{\"@type\":\"BreadcrumbList\",\"@id\":\"https:\\\/\\\/spontanedigital.com.tr\\\/?p=10489#breadcrumb\",\"itemListElement\":[{\"@type\":\"ListItem\",\"position\":1,\"name\":\"Anasayfa\",\"item\":\"https:\\\/\\\/spontanedigital.com.tr\\\/\"},{\"@type\":\"ListItem\",\"position\":2,\"name\":\"Galatasaray&#8217;da Icardi Depremi! Arjantinli Y\u0131ld\u0131z Veda Ediyor, Hedefteki 2 \u0130sim Belli Oldu\"}]},{\"@type\":\"WebSite\",\"@id\":\"https:\\\/\\\/spontanedigital.com.tr\\\/#website\",\"url\":\"https:\\\/\\\/spontanedigital.com.tr\\\/\",\"name\":\"Spontane Digital\",\"description\":\"Dijitalde Spontanite\",\"publisher\":{\"@id\":\"https:\\\/\\\/spontanedigital.com.tr\\\/#organization\"},\"potentialAction\":[{\"@type\":\"SearchAction\",\"target\":{\"@type\":\"EntryPoint\",\"urlTemplate\":\"https:\\\/\\\/spontanedigital.com.tr\\\/?s={search_term_string}\"},\"query-input\":{\"@type\":\"PropertyValueSpecification\",\"valueRequired\":true,\"valueName\":\"search_term_string\"}}],\"inLanguage\":\"tr\"},{\"@type\":\"Organization\",\"@id\":\"https:\\\/\\\/spontanedigital.com.tr\\\/#organization\",\"name\":\"Spontane Digital\",\"url\":\"https:\\\/\\\/spontanedigital.com.tr\\\/\",\"logo\":{\"@type\":\"ImageObject\",\"inLanguage\":\"tr\",\"@id\":\"https:\\\/\\\/spontanedigital.com.tr\\\/#\\\/schema\\\/logo\\\/image\\\/\",\"url\":\"https:\\\/\\\/spontanedigital.com.tr\\\/wp-content\\\/uploads\\\/2026\\\/02\\\/Spontane-Beyaz-1.png\",\"contentUrl\":\"https:\\\/\\\/spontanedigital.com.tr\\\/wp-content\\\/uploads\\\/2026\\\/02\\\/Spontane-Beyaz-1.png\",\"width\":1772,\"height\":900,\"caption\":\"Spontane Digital\"},\"image\":{\"@id\":\"https:\\\/\\\/spontanedigital.com.tr\\\/#\\\/schema\\\/logo\\\/image\\\/\"}},{\"@type\":\"Person\",\"@id\":\"https:\\\/\\\/spontanedigital.com.tr\\\/#\\\/schema\\\/person\\\/3b943e96b188e53110740f11f728ee4f\",\"name\":\"Fevzi Can \u015e\u0131\u011fva\",\"image\":{\"@type\":\"ImageObject\",\"inLanguage\":\"tr\",\"@id\":\"https:\\\/\\\/spontanedigital.com.tr\\\/wp-content\\\/uploads\\\/2026\\\/02\\\/WhatsApp-Image-2026-02-27-at-13.44.37-150x150.jpeg\",\"url\":\"https:\\\/\\\/spontanedigital.com.tr\\\/wp-content\\\/uploads\\\/2026\\\/02\\\/WhatsApp-Image-2026-02-27-at-13.44.37-150x150.jpeg\",\"contentUrl\":\"https:\\\/\\\/spontanedigital.com.tr\\\/wp-content\\\/uploads\\\/2026\\\/02\\\/WhatsApp-Image-2026-02-27-at-13.44.37-150x150.jpeg\",\"caption\":\"Fevzi Can \u015e\u0131\u011fva\"},\"description\":\"Dijital oyun d\u00fcnyas\u0131ndaki en son trendleri ve spor camias\u0131ndaki dinamik geli\u015fmeleri takip eden Fevzi Can, rekabetin ve e\u011flencenin nabz\u0131n\u0131 tutan i\u00e7eriklerle okurlar\u0131m\u0131za ula\u015f\u0131yor.\",\"url\":\"https:\\\/\\\/spontanedigital.com.tr\\\/?author=3\"}]}<\/script>\n<!-- \/ Yoast SEO plugin. -->","yoast_head_json":{"title":"Galatasaray'da Icardi Depremi! Arjantinli Y\u0131ld\u0131z Veda Ediyor, Hedefteki 2 \u0130sim Belli Oldu &#8211; Spontane Digital","robots":{"index":"index","follow":"follow","max-snippet":"max-snippet:-1","max-image-preview":"max-image-preview:large","max-video-preview":"max-video-preview:-1"},"canonical":"https:\/\/spontanedigital.com.tr\/?p=10489","og_locale":"tr_TR","og_type":"article","og_title":"Galatasaray'da Icardi Depremi! Arjantinli Y\u0131ld\u0131z Veda Ediyor, Hedefteki 2 \u0130sim Belli Oldu &#8211; Spontane Digital","og_description":"S\u00fcper Lig&#8217;de \u00fcst \u00fcste 4. \u015fampiyonlu\u011funa y\u00fcr\u00fcyen Galatasaray&#8217;da, gelece\u011fi belirsizli\u011fini koruyan ve tak\u0131mdan ayr\u0131lmas\u0131na kesin g\u00f6z\u00fcyle bak\u0131lan Mauro Icardi&#8217;nin yerini","og_url":"https:\/\/spontanedigital.com.tr\/?p=10489","og_site_name":"Spontane Digital","article_published_time":"2026-04-30T19:13:25+00:00","article_modified_time":"2026-04-30T19:13:29+00:00","og_image":[{"width":750,"height":422,"url":"https:\/\/spontanedigital.com.tr\/wp-content\/uploads\/2026\/04\/69f2ee1e866d2a00cd559bce.webp","type":"image\/webp"}],"author":"Fevzi Can \u015e\u0131\u011fva","twitter_card":"summary_large_image","twitter_misc":{"Yazan:":"Fevzi Can \u015e\u0131\u011fva","Tahmini okuma s\u00fcresi":"2 dakika"},"schema":{"@context":"https:\/\/schema.org","@graph":[{"@type":"Article","@id":"https:\/\/spontanedigital.com.tr\/?p=10489#article","isPartOf":{"@id":"https:\/\/spontanedigital.com.tr\/?p=10489"},"author":{"name":"Fevzi Can \u015e\u0131\u011fva","@id":"https:\/\/spontanedigital.com.tr\/#\/schema\/person\/3b943e96b188e53110740f11f728ee4f"},"headline":"Galatasaray&#8217;da Icardi Depremi! Arjantinli Y\u0131ld\u0131z Veda Ediyor, Hedefteki 2 \u0130sim Belli Oldu","datePublished":"2026-04-30T19:13:25+00:00","dateModified":"2026-04-30T19:13:29+00:00","mainEntityOfPage":{"@id":"https:\/\/spontanedigital.com.tr\/?p=10489"},"wordCount":249,"commentCount":0,"publisher":{"@id":"https:\/\/spontanedigital.com.tr\/#organization"},"image":{"@id":"https:\/\/spontanedigital.com.tr\/?p=10489#primaryimage"},"thumbnailUrl":"https:\/\/spontanedigital.com.tr\/wp-content\/uploads\/2026\/04\/69f2ee1e866d2a00cd559bce.webp","keywords":["Ba\u015fak\u015fehir transfer","Futbol G\u00fcndemi","Galatasaray","Galatasaray Haberleri","Galatasaray Transfer","Icardi ayr\u0131l\u0131yor mu","Mauro Icardi","Okan Buruk","Porto","Son Dakika Transfer","spor iddialar\u0131","S\u00fcper Lig","Yar\u0131m Vole"],"articleSection":{"1":"Spor"},"inLanguage":"tr","potentialAction":[{"@type":"CommentAction","name":"Comment","target":["https:\/\/spontanedigital.com.tr\/?p=10489#respond"]}]},{"@type":"WebPage","@id":"https:\/\/spontanedigital.com.tr\/?p=10489","url":"https:\/\/spontanedigital.com.tr\/?p=10489","name":"Galatasaray'da Icardi Depremi! Arjantinli Y\u0131ld\u0131z Veda Ediyor, Hedefteki 2 \u0130sim Belli Oldu &#8211; Spontane Digital","isPartOf":{"@id":"https:\/\/spontanedigital.com.tr\/#website"},"primaryImageOfPage":{"@id":"https:\/\/spontanedigital.com.tr\/?p=10489#primaryimage"},"image":{"@id":"https:\/\/spontanedigital.com.tr\/?p=10489#primaryimage"},"thumbnailUrl":"https:\/\/spontanedigital.com.tr\/wp-content\/uploads\/2026\/04\/69f2ee1e866d2a00cd559bce.webp","datePublished":"2026-04-30T19:13:25+00:00","dateModified":"2026-04-30T19:13:29+00:00","breadcrumb":{"@id":"https:\/\/spontanedigital.com.tr\/?p=10489#breadcrumb"},"inLanguage":"tr","potentialAction":[{"@type":"ReadAction","target":["https:\/\/spontanedigital.com.tr\/?p=10489"]}]},{"@type":"ImageObject","inLanguage":"tr","@id":"https:\/\/spontanedigital.com.tr\/?p=10489#primaryimage","url":"https:\/\/spontanedigital.com.tr\/wp-content\/uploads\/2026\/04\/69f2ee1e866d2a00cd559bce.webp","contentUrl":"https:\/\/spontanedigital.com.tr\/wp-content\/uploads\/2026\/04\/69f2ee1e866d2a00cd559bce.webp","width":750,"height":422},{"@type":"BreadcrumbList","@id":"https:\/\/spontanedigital.com.tr\/?p=10489#breadcrumb","itemListElement":[{"@type":"ListItem","position":1,"name":"Anasayfa","item":"https:\/\/spontanedigital.com.tr\/"},{"@type":"ListItem","position":2,"name":"Galatasaray&#8217;da Icardi Depremi! Arjantinli Y\u0131ld\u0131z Veda Ediyor, Hedefteki 2 \u0130sim Belli Oldu"}]},{"@type":"WebSite","@id":"https:\/\/spontanedigital.com.tr\/#website","url":"https:\/\/spontanedigital.com.tr\/","name":"Spontane Digital","description":"Dijitalde Spontanite","publisher":{"@id":"https:\/\/spontanedigital.com.tr\/#organization"},"potentialAction":[{"@type":"SearchAction","target":{"@type":"EntryPoint","urlTemplate":"https:\/\/spontanedigital.com.tr\/?s={search_term_string}"},"query-input":{"@type":"PropertyValueSpecification","valueRequired":true,"valueName":"search_term_string"}}],"inLanguage":"tr"},{"@type":"Organization","@id":"https:\/\/spontanedigital.com.tr\/#organization","name":"Spontane Digital","url":"https:\/\/spontanedigital.com.tr\/","logo":{"@type":"ImageObject","inLanguage":"tr","@id":"https:\/\/spontanedigital.com.tr\/#\/schema\/logo\/image\/","url":"https:\/\/spontanedigital.com.tr\/wp-content\/uploads\/2026\/02\/Spontane-Beyaz-1.png","contentUrl":"https:\/\/spontanedigital.com.tr\/wp-content\/uploads\/2026\/02\/Spontane-Beyaz-1.png","width":1772,"height":900,"caption":"Spontane Digital"},"image":{"@id":"https:\/\/spontanedigital.com.tr\/#\/schema\/logo\/image\/"}},{"@type":"Person","@id":"https:\/\/spontanedigital.com.tr\/#\/schema\/person\/3b943e96b188e53110740f11f728ee4f","name":"Fevzi Can \u015e\u0131\u011fva","image":{"@type":"ImageObject","inLanguage":"tr","@id":"https:\/\/spontanedigital.com.tr\/wp-content\/uploads\/2026\/02\/WhatsApp-Image-2026-02-27-at-13.44.37-150x150.jpeg","url":"https:\/\/spontanedigital.com.tr\/wp-content\/uploads\/2026\/02\/WhatsApp-Image-2026-02-27-at-13.44.37-150x150.jpeg","contentUrl":"https:\/\/spontanedigital.com.tr\/wp-content\/uploads\/2026\/02\/WhatsApp-Image-2026-02-27-at-13.44.37-150x150.jpeg","caption":"Fevzi Can \u015e\u0131\u011fva"},"description":"Dijital oyun d\u00fcnyas\u0131ndaki en son trendleri ve spor camias\u0131ndaki dinamik geli\u015fmeleri takip eden Fevzi Can, rekabetin ve e\u011flencenin nabz\u0131n\u0131 tutan i\u00e7eriklerle okurlar\u0131m\u0131za ula\u015f\u0131yor.","url":"https:\/\/spontanedigital.com.tr\/?author=3"}]}},"featured_image_urls":{"full":["https:\/\/spontanedigital.com.tr\/wp-content\/uploads\/2026\/04\/69f2ee1e866d2a00cd559bce.webp",750,422,false],"thumbnail":["https:\/\/spontanedigital.com.tr\/wp-content\/uploads\/2026\/04\/69f2ee1e866d2a00cd559bce-150x150.webp",150,150,true],"medium":["https:\/\/spontanedigital.com.tr\/wp-content\/uploads\/2026\/04\/69f2ee1e866d2a00cd559bce-300x169.webp",300,169,true],"medium_large":["https:\/\/spontanedigital.com.tr\/wp-content\/uploads\/2026\/04\/69f2ee1e866d2a00cd559bce.webp",750,422,false],"large":["https:\/\/spontanedigital.com.tr\/wp-content\/uploads\/2026\/04\/69f2ee1e866d2a00cd559bce.webp",750,422,false],"1536x1536":["https:\/\/spontanedigital.com.tr\/wp-content\/uploads\/2026\/04\/69f2ee1e866d2a00cd559bce.webp",750,422,false],"2048x2048":["https:\/\/spontanedigital.com.tr\/wp-content\/uploads\/2026\/04\/69f2ee1e866d2a00cd559bce.webp",750,422,false],"ultp_layout_landscape_large":["https:\/\/spontanedigital.com.tr\/wp-content\/uploads\/2026\/04\/69f2ee1e866d2a00cd559bce.webp",750,422,false],"ultp_layout_landscape":["https:\/\/spontanedigital.com.tr\/wp-content\/uploads\/2026\/04\/69f2ee1e866d2a00cd559bce.webp",750,422,false],"ultp_layout_portrait":["https:\/\/spontanedigital.com.tr\/wp-content\/uploads\/2026\/04\/69f2ee1e866d2a00cd559bce-600x422.webp",600,422,true],"ultp_layout_square":["https:\/\/spontanedigital.com.tr\/wp-content\/uploads\/2026\/04\/69f2ee1e866d2a00cd559bce-600x422.webp",600,422,true],"colormag-highlighted-post":["https:\/\/spontanedigital.com.tr\/wp-content\/uploads\/2026\/04\/69f2ee1e866d2a00cd559bce-392x272.webp",392,272,true],"colormag-featured-post-medium":["https:\/\/spontanedigital.com.tr\/wp-content\/uploads\/2026\/04\/69f2ee1e866d2a00cd559bce-390x205.webp",390,205,true],"colormag-featured-post-small":["https:\/\/spontanedigital.com.tr\/wp-content\/uploads\/2026\/04\/69f2ee1e866d2a00cd559bce-130x90.webp",130,90,true],"colormag-featured-image":["https:\/\/spontanedigital.com.tr\/wp-content\/uploads\/2026\/04\/69f2ee1e866d2a00cd559bce.webp",750,422,false],"colormag-default-news":["https:\/\/spontanedigital.com.tr\/wp-content\/uploads\/2026\/04\/69f2ee1e866d2a00cd559bce-150x150.webp",150,150,true],"colormag-featured-image-large":["https:\/\/spontanedigital.com.tr\/wp-content\/uploads\/2026\/04\/69f2ee1e866d2a00cd559bce.webp",750,422,false]},"author_info":{"info":["Fevzi Can \u015e\u0131\u011fva"]},"category_info":"<a href=\"https:\/\/spontanedigital.com.tr\/?cat=1\" rel=\"category\">Genel<\/a> <a href=\"https:\/\/spontanedigital.com.tr\/?cat=6\" rel=\"category\">Spor<\/a>","tag_info":"Spor","comment_count":"0","jetpack_featured_media_url":"https:\/\/spontanedigital.com.tr\/wp-content\/uploads\/2026\/04\/69f2ee1e866d2a00cd559bce.webp","jetpack_sharing_enabled":true,"_links":{"self":[{"href":"https:\/\/spontanedigital.com.tr\/index.php?rest_route=\/wp\/v2\/posts\/10489","targetHints":{"allow":["GET"]}}],"collection":[{"href":"https:\/\/spontanedigital.com.tr\/index.php?rest_route=\/wp\/v2\/posts"}],"about":[{"href":"https:\/\/spontanedigital.com.tr\/index.php?rest_route=\/wp\/v2\/types\/post"}],"author":[{"embeddable":true,"href":"https:\/\/spontanedigital.com.tr\/index.php?rest_route=\/wp\/v2\/users\/3"}],"replies":[{"embeddable":true,"href":"https:\/\/spontanedigital.com.tr\/index.php?rest_route=%2Fwp%2Fv2%2Fcomments&post=10489"}],"version-history":[{"count":1,"href":"https:\/\/spontanedigital.com.tr\/index.php?rest_route=\/wp\/v2\/posts\/10489\/revisions"}],"predecessor-version":[{"id":10494,"href":"https:\/\/spontanedigital.com.tr\/index.php?rest_route=\/wp\/v2\/posts\/10489\/revisions\/10494"}],"wp:featuredmedia":[{"embeddable":true,"href":"https:\/\/spontanedigital.com.tr\/index.php?rest_route=\/wp\/v2\/media\/10493"}],"wp:attachment":[{"href":"https:\/\/spontanedigital.com.tr\/index.php?rest_route=%2Fwp%2Fv2%2Fmedia&parent=10489"}],"wp:term":[{"taxonomy":"category","embeddable":true,"href":"https:\/\/spontanedigital.com.tr\/index.php?rest_route=%2Fwp%2Fv2%2Fcategories&post=10489"},{"taxonomy":"post_tag","embeddable":true,"href":"https:\/\/spontanedigital.com.tr\/index.php?rest_route=%2Fwp%2Fv2%2Ftags&post=10489"}],"curies":[{"name":"wp","href":"https:\/\/api.w.org\/{rel}","templated":true}]}}