{"id":10495,"date":"2026-04-30T22:18:57","date_gmt":"2026-04-30T19:18:57","guid":{"rendered":"https:\/\/spontanedigital.com.tr\/?p=10495"},"modified":"2026-04-30T22:19:03","modified_gmt":"2026-04-30T19:19:03","slug":"besiktastan-granit-xhaka-bombasi-isvicreli-yildizdan-siyah-beyazlilara-evet","status":"publish","type":"post","link":"https:\/\/spontanedigital.com.tr\/?p=10495","title":{"rendered":"Be\u015fikta\u015f&#8217;tan Granit Xhaka Bombas\u0131! \u0130svi\u00e7reli Y\u0131ld\u0131zdan Siyah-Beyazl\u0131lara &#8216;Evet&#8217;"},"content":{"rendered":"\n<p>Gelecek sezon Avrupa&#8217;da ve S\u00fcper Lig&#8217;de iddial\u0131 bir kadro kurmak isteyen Be\u015fikta\u015f, Sunderland formas\u0131 giyen d\u00fcnyaca \u00fcnl\u00fc 33 ya\u015f\u0131ndaki \u0130svi\u00e7reli orta saha Granit Xhaka ile kurdu\u011fu temaslardan olumlu geri d\u00f6n\u00fc\u015f ald\u0131.<\/p>\n\n\n\n<p>Kara Kartal\u2019da\u00a0<a href=\"https:\/\/www.hurriyet.com.tr\/sporarena\/transfer-haberleri\/\" target=\"_blank\" rel=\"noreferrer noopener\">transfer<\/a>\u00a0\u00e7al\u0131\u015fmalar\u0131 kapsam\u0131nda liste geni\u015flemeye devam ediyor.<\/p>\n\n\n\n<figure class=\"wp-block-image size-full\"><img loading=\"lazy\" decoding=\"async\" width=\"770\" height=\"433\" src=\"https:\/\/spontanedigital.com.tr\/wp-content\/uploads\/2026\/04\/69f2fb4d866d2a00cd559c94.webp\" alt=\"\" class=\"wp-image-10496\" srcset=\"https:\/\/spontanedigital.com.tr\/wp-content\/uploads\/2026\/04\/69f2fb4d866d2a00cd559c94.webp 770w, https:\/\/spontanedigital.com.tr\/wp-content\/uploads\/2026\/04\/69f2fb4d866d2a00cd559c94-300x169.webp 300w, https:\/\/spontanedigital.com.tr\/wp-content\/uploads\/2026\/04\/69f2fb4d866d2a00cd559c94-768x432.webp 768w\" sizes=\"auto, (max-width: 770px) 100vw, 770px\" \/><\/figure>\n\n\n\n<p>Son gelen haberlere g\u00f6re Siyah-Beyazl\u0131lar\u2019\u0131n, \u0130ngiltere Premier Lig ekiplerinden Sunderland\u2019in formas\u0131 giyen deneyimli orta saha&nbsp;<a href=\"https:\/\/www.hurriyet.com.tr\/haberleri\/granit-xhaka\" target=\"_blank\" rel=\"noreferrer noopener\">Granit Xhaka<\/a>&nbsp;ile temas kurdu\u011fu \u00f6ne s\u00fcr\u00fcld\u00fc.<\/p>\n\n\n\n<figure class=\"wp-block-image size-full\"><img loading=\"lazy\" decoding=\"async\" width=\"770\" height=\"433\" src=\"https:\/\/spontanedigital.com.tr\/wp-content\/uploads\/2026\/04\/69f2fb7f866d2a00cd559c96.webp\" alt=\"\" class=\"wp-image-10497\" srcset=\"https:\/\/spontanedigital.com.tr\/wp-content\/uploads\/2026\/04\/69f2fb7f866d2a00cd559c96.webp 770w, https:\/\/spontanedigital.com.tr\/wp-content\/uploads\/2026\/04\/69f2fb7f866d2a00cd559c96-300x169.webp 300w, https:\/\/spontanedigital.com.tr\/wp-content\/uploads\/2026\/04\/69f2fb7f866d2a00cd559c96-768x432.webp 768w\" sizes=\"auto, (max-width: 770px) 100vw, 770px\" \/><\/figure>\n\n\n\n<p><strong>SERGEN YAL\u00c7IN TEMK\u0130NL\u0130<\/strong><\/p>\n\n\n\n<p>33 ya\u015f\u0131ndaki futbolcunun&nbsp;<a href=\"https:\/\/www.hurriyet.com.tr\/sporarena\/besiktas-haberleri\/\" target=\"_blank\" rel=\"noreferrer noopener\">Be\u015fikta\u015f<\/a>\u2019a gelmeye olumlu yakla\u015ft\u0131\u011f\u0131 belirtilirken, teknik direkt\u00f6r&nbsp;<a href=\"https:\/\/www.hurriyet.com.tr\/haberleri\/sergen-yalcin\" target=\"_blank\" rel=\"noreferrer noopener\">Sergen Yal\u00e7\u0131n<\/a>\u2019\u0131n ya\u015f fakt\u00f6r\u00fc nedeniyle bu transfere temkinli yakla\u015ft\u0131\u011f\u0131 ifade edildi.<\/p>\n\n\n\n<figure class=\"wp-block-image size-full\"><img loading=\"lazy\" decoding=\"async\" width=\"770\" height=\"433\" src=\"https:\/\/spontanedigital.com.tr\/wp-content\/uploads\/2026\/04\/69f2fb8a866d2a00cd559c98.webp\" alt=\"\" class=\"wp-image-10498\" srcset=\"https:\/\/spontanedigital.com.tr\/wp-content\/uploads\/2026\/04\/69f2fb8a866d2a00cd559c98.webp 770w, https:\/\/spontanedigital.com.tr\/wp-content\/uploads\/2026\/04\/69f2fb8a866d2a00cd559c98-300x169.webp 300w, https:\/\/spontanedigital.com.tr\/wp-content\/uploads\/2026\/04\/69f2fb8a866d2a00cd559c98-768x432.webp 768w\" sizes=\"auto, (max-width: 770px) 100vw, 770px\" \/><\/figure>\n\n\n\n<p>Y\u00f6netimin Xhaka konusunda hen\u00fcz nihai karar\u0131n\u0131 vermedi\u011fi aktar\u0131ld\u0131. \u0130svi\u00e7reli oyuncu bu sezon 32 ma\u00e7ta 1 gol ve 5 asistlik katk\u0131 sa\u011flad\u0131.<\/p>\n\n\n\n<p>\u00d6te yandan Siyah-Beyazl\u0131lar\u2019\u0131n alternatif listesinde daha gen\u00e7 bir profil de yer ald\u0131.<\/p>\n\n\n\n<p>Kaynak: <a href=\"https:\/\/www.hurriyet.com.tr\/sporarena\/besiktasa-evet-dedi-transferde-sergen-yalcin-bekleniyor-43162487\" type=\"link\" id=\"https:\/\/www.hurriyet.com.tr\/sporarena\/besiktasa-evet-dedi-transferde-sergen-yalcin-bekleniyor-43162487\">H\u00fcrriyet Spor Arena<\/a><\/p>\n\n\n\n<p>Yay\u0131nlanma Tarihi: 30.04.2026 Saati: 22:20<\/p>\n\n\n<div class=\"taxonomy-post_tag wp-block-post-terms\"><a href=\"https:\/\/spontanedigital.com.tr\/?tag=besiktas\" rel=\"tag\">Be\u015fikta\u015f<\/a><span class=\"wp-block-post-terms__separator\">, <\/span><a href=\"https:\/\/spontanedigital.com.tr\/?tag=besiktas-transfer\" rel=\"tag\">Be\u015fikta\u015f transfer<\/a><span class=\"wp-block-post-terms__separator\">, <\/span><a href=\"https:\/\/spontanedigital.com.tr\/?tag=futbol-gundemi\" rel=\"tag\">Futbol G\u00fcndemi<\/a><span class=\"wp-block-post-terms__separator\">, <\/span><a href=\"https:\/\/spontanedigital.com.tr\/?tag=granit-xhaka\" rel=\"tag\">Granit Xhaka<\/a><span class=\"wp-block-post-terms__separator\">, <\/span><a href=\"https:\/\/spontanedigital.com.tr\/?tag=granit-xhaka-besiktas\" rel=\"tag\">Granit Xhaka Be\u015fikta\u015f<\/a><span class=\"wp-block-post-terms__separator\">, <\/span><a href=\"https:\/\/spontanedigital.com.tr\/?tag=orta-saha-transferi\" rel=\"tag\">Orta Saha Transferi<\/a><span class=\"wp-block-post-terms__separator\">, <\/span><a href=\"https:\/\/spontanedigital.com.tr\/?tag=sergen-yalcin\" rel=\"tag\">Sergen Yal\u00e7\u0131n<\/a><span class=\"wp-block-post-terms__separator\">, <\/span><a href=\"https:\/\/spontanedigital.com.tr\/?tag=son-dakika-besiktas\" rel=\"tag\">son dakika Be\u015fikta\u015f<\/a><span class=\"wp-block-post-terms__separator\">, <\/span><a href=\"https:\/\/spontanedigital.com.tr\/?tag=spor-haberleri\" rel=\"tag\">Spor Haberleri<\/a><span class=\"wp-block-post-terms__separator\">, <\/span><a href=\"https:\/\/spontanedigital.com.tr\/?tag=sunderland\" rel=\"tag\">Sunderland<\/a><span class=\"wp-block-post-terms__separator\">, <\/span><a href=\"https:\/\/spontanedigital.com.tr\/?tag=super-lig\" rel=\"tag\">S\u00fcper Lig<\/a><span class=\"wp-block-post-terms__separator\">, <\/span><a href=\"https:\/\/spontanedigital.com.tr\/?tag=transfer-haberleri\" rel=\"tag\">Transfer Haberleri<\/a><span class=\"wp-block-post-terms__separator\">, <\/span><a href=\"https:\/\/spontanedigital.com.tr\/?tag=yarim-vole\" rel=\"tag\">Yar\u0131m Vole<\/a><\/div>","protected":false},"excerpt":{"rendered":"<p>Gelecek sezon Avrupa&#8217;da ve S\u00fcper Lig&#8217;de iddial\u0131 bir kadro kurmak isteyen Be\u015fikta\u015f, Sunderland formas\u0131 giyen d\u00fcnyaca \u00fcnl\u00fc 33 ya\u015f\u0131ndaki \u0130svi\u00e7reli<\/p>\n","protected":false},"author":3,"featured_media":10499,"comment_status":"open","ping_status":"open","sticky":false,"template":"","format":"standard","meta":{"colormag_page_container_layout":"default_layout","colormag_page_sidebar_layout":"default_layout","_jetpack_memberships_contains_paid_content":false,"footnotes":""},"categories":[1,6],"tags":[292,8440,3221,8438,8441,4299,8442,8443,3012,8439,2997,3267,3002],"class_list":["post-10495","post","type-post","status-publish","format-standard","has-post-thumbnail","hentry","category-genel","category-spor","tag-besiktas","tag-besiktas-transfer","tag-futbol-gundemi","tag-granit-xhaka","tag-granit-xhaka-besiktas","tag-orta-saha-transferi","tag-sergen-yalcin","tag-son-dakika-besiktas","tag-spor-haberleri","tag-sunderland","tag-super-lig","tag-transfer-haberleri","tag-yarim-vole"],"magazineBlocksPostFeaturedMedia":{"thumbnail":"https:\/\/spontanedigital.com.tr\/wp-content\/uploads\/2026\/04\/69f2fb1a866d2a00cd559c92-150x150.webp","medium":"https:\/\/spontanedigital.com.tr\/wp-content\/uploads\/2026\/04\/69f2fb1a866d2a00cd559c92-300x169.webp","medium_large":"https:\/\/spontanedigital.com.tr\/wp-content\/uploads\/2026\/04\/69f2fb1a866d2a00cd559c92.webp","large":"https:\/\/spontanedigital.com.tr\/wp-content\/uploads\/2026\/04\/69f2fb1a866d2a00cd559c92.webp","1536x1536":"https:\/\/spontanedigital.com.tr\/wp-content\/uploads\/2026\/04\/69f2fb1a866d2a00cd559c92.webp","2048x2048":"https:\/\/spontanedigital.com.tr\/wp-content\/uploads\/2026\/04\/69f2fb1a866d2a00cd559c92.webp","ultp_layout_landscape_large":"https:\/\/spontanedigital.com.tr\/wp-content\/uploads\/2026\/04\/69f2fb1a866d2a00cd559c92.webp","ultp_layout_landscape":"https:\/\/spontanedigital.com.tr\/wp-content\/uploads\/2026\/04\/69f2fb1a866d2a00cd559c92.webp","ultp_layout_portrait":"https:\/\/spontanedigital.com.tr\/wp-content\/uploads\/2026\/04\/69f2fb1a866d2a00cd559c92-600x422.webp","ultp_layout_square":"https:\/\/spontanedigital.com.tr\/wp-content\/uploads\/2026\/04\/69f2fb1a866d2a00cd559c92-600x422.webp","colormag-highlighted-post":"https:\/\/spontanedigital.com.tr\/wp-content\/uploads\/2026\/04\/69f2fb1a866d2a00cd559c92-392x272.webp","colormag-featured-post-medium":"https:\/\/spontanedigital.com.tr\/wp-content\/uploads\/2026\/04\/69f2fb1a866d2a00cd559c92-390x205.webp","colormag-featured-post-small":"https:\/\/spontanedigital.com.tr\/wp-content\/uploads\/2026\/04\/69f2fb1a866d2a00cd559c92-130x90.webp","colormag-featured-image":"https:\/\/spontanedigital.com.tr\/wp-content\/uploads\/2026\/04\/69f2fb1a866d2a00cd559c92.webp","colormag-default-news":"https:\/\/spontanedigital.com.tr\/wp-content\/uploads\/2026\/04\/69f2fb1a866d2a00cd559c92-150x150.webp","colormag-featured-image-large":"https:\/\/spontanedigital.com.tr\/wp-content\/uploads\/2026\/04\/69f2fb1a866d2a00cd559c92.webp"},"magazineBlocksPostAuthor":{"name":"Fevzi Can \u015e\u0131\u011fva","avatar":"https:\/\/spontanedigital.com.tr\/wp-content\/uploads\/2026\/02\/WhatsApp-Image-2026-02-27-at-13.44.37-150x150.jpeg"},"magazineBlocksPostCommentsNumber":"0","magazineBlocksPostExcerpt":"Gelecek sezon Avrupa&#8217;da ve S\u00fcper Lig&#8217;de iddial\u0131 bir kadro kurmak isteyen Be\u015fikta\u015f, Sunderland formas\u0131 giyen d\u00fcnyaca \u00fcnl\u00fc 33 ya\u015f\u0131ndaki \u0130svi\u00e7reli","magazineBlocksPostCategories":["Genel","Spor"],"magazineBlocksPostViewCount":2,"magazineBlocksPostReadTime":1,"magazine_blocks_featured_image_url":{"full":["https:\/\/spontanedigital.com.tr\/wp-content\/uploads\/2026\/04\/69f2fb1a866d2a00cd559c92.webp",750,422,false],"medium":["https:\/\/spontanedigital.com.tr\/wp-content\/uploads\/2026\/04\/69f2fb1a866d2a00cd559c92-300x169.webp",300,169,true],"thumbnail":["https:\/\/spontanedigital.com.tr\/wp-content\/uploads\/2026\/04\/69f2fb1a866d2a00cd559c92-150x150.webp",150,150,true]},"magazine_blocks_author":{"display_name":"Fevzi Can \u015e\u0131\u011fva","author_link":"https:\/\/spontanedigital.com.tr\/?author=3"},"magazine_blocks_comment":0,"magazine_blocks_author_image":"https:\/\/spontanedigital.com.tr\/wp-content\/uploads\/2026\/02\/WhatsApp-Image-2026-02-27-at-13.44.37-150x150.jpeg","magazine_blocks_category":"<a href=\"#\" class=\"category-link category-link-1\">Genel<\/a> <a href=\"#\" class=\"category-link category-link-6\">Spor<\/a>","yoast_head":"<!-- This site is optimized with the Yoast SEO plugin v27.5 - https:\/\/yoast.com\/product\/yoast-seo-wordpress\/ -->\n<title>Be\u015fikta\u015f&#039;tan Granit Xhaka Bombas\u0131! \u0130svi\u00e7reli Y\u0131ld\u0131zdan Siyah-Beyazl\u0131lara &#039;Evet&#039; &#8211; Spontane Digital<\/title>\n<meta name=\"robots\" content=\"index, follow, max-snippet:-1, max-image-preview:large, max-video-preview:-1\" \/>\n<link rel=\"canonical\" href=\"https:\/\/spontanedigital.com.tr\/?p=10495\" \/>\n<meta property=\"og:locale\" content=\"tr_TR\" \/>\n<meta property=\"og:type\" content=\"article\" \/>\n<meta property=\"og:title\" content=\"Be\u015fikta\u015f&#039;tan Granit Xhaka Bombas\u0131! \u0130svi\u00e7reli Y\u0131ld\u0131zdan Siyah-Beyazl\u0131lara &#039;Evet&#039; &#8211; Spontane Digital\" \/>\n<meta property=\"og:description\" content=\"Gelecek sezon Avrupa&#8217;da ve S\u00fcper Lig&#8217;de iddial\u0131 bir kadro kurmak isteyen Be\u015fikta\u015f, Sunderland formas\u0131 giyen d\u00fcnyaca \u00fcnl\u00fc 33 ya\u015f\u0131ndaki \u0130svi\u00e7reli\" \/>\n<meta property=\"og:url\" content=\"https:\/\/spontanedigital.com.tr\/?p=10495\" \/>\n<meta property=\"og:site_name\" content=\"Spontane Digital\" \/>\n<meta property=\"article:published_time\" content=\"2026-04-30T19:18:57+00:00\" \/>\n<meta property=\"article:modified_time\" content=\"2026-04-30T19:19:03+00:00\" \/>\n<meta property=\"og:image\" content=\"https:\/\/spontanedigital.com.tr\/wp-content\/uploads\/2026\/04\/69f2fb1a866d2a00cd559c92.webp\" \/>\n\t<meta property=\"og:image:width\" content=\"750\" \/>\n\t<meta property=\"og:image:height\" content=\"422\" \/>\n\t<meta property=\"og:image:type\" content=\"image\/webp\" \/>\n<meta name=\"author\" content=\"Fevzi Can \u015e\u0131\u011fva\" \/>\n<meta name=\"twitter:card\" content=\"summary_large_image\" \/>\n<meta name=\"twitter:label1\" content=\"Yazan:\" \/>\n\t<meta name=\"twitter:data1\" content=\"Fevzi Can \u015e\u0131\u011fva\" \/>\n\t<meta name=\"twitter:label2\" content=\"Tahmini okuma s\u00fcresi\" \/>\n\t<meta name=\"twitter:data2\" content=\"2 dakika\" \/>\n<script type=\"application\/ld+json\" class=\"yoast-schema-graph\">{\"@context\":\"https:\\\/\\\/schema.org\",\"@graph\":[{\"@type\":\"Article\",\"@id\":\"https:\\\/\\\/spontanedigital.com.tr\\\/?p=10495#article\",\"isPartOf\":{\"@id\":\"https:\\\/\\\/spontanedigital.com.tr\\\/?p=10495\"},\"author\":{\"name\":\"Fevzi Can \u015e\u0131\u011fva\",\"@id\":\"https:\\\/\\\/spontanedigital.com.tr\\\/#\\\/schema\\\/person\\\/3b943e96b188e53110740f11f728ee4f\"},\"headline\":\"Be\u015fikta\u015f&#8217;tan Granit Xhaka Bombas\u0131! \u0130svi\u00e7reli Y\u0131ld\u0131zdan Siyah-Beyazl\u0131lara &#8216;Evet&#8217;\",\"datePublished\":\"2026-04-30T19:18:57+00:00\",\"dateModified\":\"2026-04-30T19:19:03+00:00\",\"mainEntityOfPage\":{\"@id\":\"https:\\\/\\\/spontanedigital.com.tr\\\/?p=10495\"},\"wordCount\":182,\"commentCount\":0,\"publisher\":{\"@id\":\"https:\\\/\\\/spontanedigital.com.tr\\\/#organization\"},\"image\":{\"@id\":\"https:\\\/\\\/spontanedigital.com.tr\\\/?p=10495#primaryimage\"},\"thumbnailUrl\":\"https:\\\/\\\/spontanedigital.com.tr\\\/wp-content\\\/uploads\\\/2026\\\/04\\\/69f2fb1a866d2a00cd559c92.webp\",\"keywords\":[\"Be\u015fikta\u015f\",\"Be\u015fikta\u015f transfer\",\"Futbol G\u00fcndemi\",\"Granit Xhaka\",\"Granit Xhaka Be\u015fikta\u015f\",\"Orta Saha Transferi\",\"Sergen Yal\u00e7\u0131n\",\"son dakika Be\u015fikta\u015f\",\"Spor Haberleri\",\"Sunderland\",\"S\u00fcper Lig\",\"Transfer Haberleri\",\"Yar\u0131m Vole\"],\"articleSection\":{\"1\":\"Spor\"},\"inLanguage\":\"tr\",\"potentialAction\":[{\"@type\":\"CommentAction\",\"name\":\"Comment\",\"target\":[\"https:\\\/\\\/spontanedigital.com.tr\\\/?p=10495#respond\"]}]},{\"@type\":\"WebPage\",\"@id\":\"https:\\\/\\\/spontanedigital.com.tr\\\/?p=10495\",\"url\":\"https:\\\/\\\/spontanedigital.com.tr\\\/?p=10495\",\"name\":\"Be\u015fikta\u015f'tan Granit Xhaka Bombas\u0131! \u0130svi\u00e7reli Y\u0131ld\u0131zdan Siyah-Beyazl\u0131lara 'Evet' &#8211; Spontane Digital\",\"isPartOf\":{\"@id\":\"https:\\\/\\\/spontanedigital.com.tr\\\/#website\"},\"primaryImageOfPage\":{\"@id\":\"https:\\\/\\\/spontanedigital.com.tr\\\/?p=10495#primaryimage\"},\"image\":{\"@id\":\"https:\\\/\\\/spontanedigital.com.tr\\\/?p=10495#primaryimage\"},\"thumbnailUrl\":\"https:\\\/\\\/spontanedigital.com.tr\\\/wp-content\\\/uploads\\\/2026\\\/04\\\/69f2fb1a866d2a00cd559c92.webp\",\"datePublished\":\"2026-04-30T19:18:57+00:00\",\"dateModified\":\"2026-04-30T19:19:03+00:00\",\"breadcrumb\":{\"@id\":\"https:\\\/\\\/spontanedigital.com.tr\\\/?p=10495#breadcrumb\"},\"inLanguage\":\"tr\",\"potentialAction\":[{\"@type\":\"ReadAction\",\"target\":[\"https:\\\/\\\/spontanedigital.com.tr\\\/?p=10495\"]}]},{\"@type\":\"ImageObject\",\"inLanguage\":\"tr\",\"@id\":\"https:\\\/\\\/spontanedigital.com.tr\\\/?p=10495#primaryimage\",\"url\":\"https:\\\/\\\/spontanedigital.com.tr\\\/wp-content\\\/uploads\\\/2026\\\/04\\\/69f2fb1a866d2a00cd559c92.webp\",\"contentUrl\":\"https:\\\/\\\/spontanedigital.com.tr\\\/wp-content\\\/uploads\\\/2026\\\/04\\\/69f2fb1a866d2a00cd559c92.webp\",\"width\":750,\"height\":422},{\"@type\":\"BreadcrumbList\",\"@id\":\"https:\\\/\\\/spontanedigital.com.tr\\\/?p=10495#breadcrumb\",\"itemListElement\":[{\"@type\":\"ListItem\",\"position\":1,\"name\":\"Anasayfa\",\"item\":\"https:\\\/\\\/spontanedigital.com.tr\\\/\"},{\"@type\":\"ListItem\",\"position\":2,\"name\":\"Be\u015fikta\u015f&#8217;tan Granit Xhaka Bombas\u0131! \u0130svi\u00e7reli Y\u0131ld\u0131zdan Siyah-Beyazl\u0131lara &#8216;Evet&#8217;\"}]},{\"@type\":\"WebSite\",\"@id\":\"https:\\\/\\\/spontanedigital.com.tr\\\/#website\",\"url\":\"https:\\\/\\\/spontanedigital.com.tr\\\/\",\"name\":\"Spontane Digital\",\"description\":\"Dijitalde Spontanite\",\"publisher\":{\"@id\":\"https:\\\/\\\/spontanedigital.com.tr\\\/#organization\"},\"potentialAction\":[{\"@type\":\"SearchAction\",\"target\":{\"@type\":\"EntryPoint\",\"urlTemplate\":\"https:\\\/\\\/spontanedigital.com.tr\\\/?s={search_term_string}\"},\"query-input\":{\"@type\":\"PropertyValueSpecification\",\"valueRequired\":true,\"valueName\":\"search_term_string\"}}],\"inLanguage\":\"tr\"},{\"@type\":\"Organization\",\"@id\":\"https:\\\/\\\/spontanedigital.com.tr\\\/#organization\",\"name\":\"Spontane Digital\",\"url\":\"https:\\\/\\\/spontanedigital.com.tr\\\/\",\"logo\":{\"@type\":\"ImageObject\",\"inLanguage\":\"tr\",\"@id\":\"https:\\\/\\\/spontanedigital.com.tr\\\/#\\\/schema\\\/logo\\\/image\\\/\",\"url\":\"https:\\\/\\\/spontanedigital.com.tr\\\/wp-content\\\/uploads\\\/2026\\\/02\\\/Spontane-Beyaz-1.png\",\"contentUrl\":\"https:\\\/\\\/spontanedigital.com.tr\\\/wp-content\\\/uploads\\\/2026\\\/02\\\/Spontane-Beyaz-1.png\",\"width\":1772,\"height\":900,\"caption\":\"Spontane Digital\"},\"image\":{\"@id\":\"https:\\\/\\\/spontanedigital.com.tr\\\/#\\\/schema\\\/logo\\\/image\\\/\"}},{\"@type\":\"Person\",\"@id\":\"https:\\\/\\\/spontanedigital.com.tr\\\/#\\\/schema\\\/person\\\/3b943e96b188e53110740f11f728ee4f\",\"name\":\"Fevzi Can \u015e\u0131\u011fva\",\"image\":{\"@type\":\"ImageObject\",\"inLanguage\":\"tr\",\"@id\":\"https:\\\/\\\/spontanedigital.com.tr\\\/wp-content\\\/uploads\\\/2026\\\/02\\\/WhatsApp-Image-2026-02-27-at-13.44.37-150x150.jpeg\",\"url\":\"https:\\\/\\\/spontanedigital.com.tr\\\/wp-content\\\/uploads\\\/2026\\\/02\\\/WhatsApp-Image-2026-02-27-at-13.44.37-150x150.jpeg\",\"contentUrl\":\"https:\\\/\\\/spontanedigital.com.tr\\\/wp-content\\\/uploads\\\/2026\\\/02\\\/WhatsApp-Image-2026-02-27-at-13.44.37-150x150.jpeg\",\"caption\":\"Fevzi Can \u015e\u0131\u011fva\"},\"description\":\"Dijital oyun d\u00fcnyas\u0131ndaki en son trendleri ve spor camias\u0131ndaki dinamik geli\u015fmeleri takip eden Fevzi Can, rekabetin ve e\u011flencenin nabz\u0131n\u0131 tutan i\u00e7eriklerle okurlar\u0131m\u0131za ula\u015f\u0131yor.\",\"url\":\"https:\\\/\\\/spontanedigital.com.tr\\\/?author=3\"}]}<\/script>\n<!-- \/ Yoast SEO plugin. -->","yoast_head_json":{"title":"Be\u015fikta\u015f'tan Granit Xhaka Bombas\u0131! \u0130svi\u00e7reli Y\u0131ld\u0131zdan Siyah-Beyazl\u0131lara 'Evet' &#8211; Spontane Digital","robots":{"index":"index","follow":"follow","max-snippet":"max-snippet:-1","max-image-preview":"max-image-preview:large","max-video-preview":"max-video-preview:-1"},"canonical":"https:\/\/spontanedigital.com.tr\/?p=10495","og_locale":"tr_TR","og_type":"article","og_title":"Be\u015fikta\u015f'tan Granit Xhaka Bombas\u0131! \u0130svi\u00e7reli Y\u0131ld\u0131zdan Siyah-Beyazl\u0131lara 'Evet' &#8211; Spontane Digital","og_description":"Gelecek sezon Avrupa&#8217;da ve S\u00fcper Lig&#8217;de iddial\u0131 bir kadro kurmak isteyen Be\u015fikta\u015f, Sunderland formas\u0131 giyen d\u00fcnyaca \u00fcnl\u00fc 33 ya\u015f\u0131ndaki \u0130svi\u00e7reli","og_url":"https:\/\/spontanedigital.com.tr\/?p=10495","og_site_name":"Spontane Digital","article_published_time":"2026-04-30T19:18:57+00:00","article_modified_time":"2026-04-30T19:19:03+00:00","og_image":[{"width":750,"height":422,"url":"https:\/\/spontanedigital.com.tr\/wp-content\/uploads\/2026\/04\/69f2fb1a866d2a00cd559c92.webp","type":"image\/webp"}],"author":"Fevzi Can \u015e\u0131\u011fva","twitter_card":"summary_large_image","twitter_misc":{"Yazan:":"Fevzi Can \u015e\u0131\u011fva","Tahmini okuma s\u00fcresi":"2 dakika"},"schema":{"@context":"https:\/\/schema.org","@graph":[{"@type":"Article","@id":"https:\/\/spontanedigital.com.tr\/?p=10495#article","isPartOf":{"@id":"https:\/\/spontanedigital.com.tr\/?p=10495"},"author":{"name":"Fevzi Can \u015e\u0131\u011fva","@id":"https:\/\/spontanedigital.com.tr\/#\/schema\/person\/3b943e96b188e53110740f11f728ee4f"},"headline":"Be\u015fikta\u015f&#8217;tan Granit Xhaka Bombas\u0131! \u0130svi\u00e7reli Y\u0131ld\u0131zdan Siyah-Beyazl\u0131lara &#8216;Evet&#8217;","datePublished":"2026-04-30T19:18:57+00:00","dateModified":"2026-04-30T19:19:03+00:00","mainEntityOfPage":{"@id":"https:\/\/spontanedigital.com.tr\/?p=10495"},"wordCount":182,"commentCount":0,"publisher":{"@id":"https:\/\/spontanedigital.com.tr\/#organization"},"image":{"@id":"https:\/\/spontanedigital.com.tr\/?p=10495#primaryimage"},"thumbnailUrl":"https:\/\/spontanedigital.com.tr\/wp-content\/uploads\/2026\/04\/69f2fb1a866d2a00cd559c92.webp","keywords":["Be\u015fikta\u015f","Be\u015fikta\u015f transfer","Futbol G\u00fcndemi","Granit Xhaka","Granit Xhaka Be\u015fikta\u015f","Orta Saha Transferi","Sergen Yal\u00e7\u0131n","son dakika Be\u015fikta\u015f","Spor Haberleri","Sunderland","S\u00fcper Lig","Transfer Haberleri","Yar\u0131m Vole"],"articleSection":{"1":"Spor"},"inLanguage":"tr","potentialAction":[{"@type":"CommentAction","name":"Comment","target":["https:\/\/spontanedigital.com.tr\/?p=10495#respond"]}]},{"@type":"WebPage","@id":"https:\/\/spontanedigital.com.tr\/?p=10495","url":"https:\/\/spontanedigital.com.tr\/?p=10495","name":"Be\u015fikta\u015f'tan Granit Xhaka Bombas\u0131! \u0130svi\u00e7reli Y\u0131ld\u0131zdan Siyah-Beyazl\u0131lara 'Evet' &#8211; Spontane Digital","isPartOf":{"@id":"https:\/\/spontanedigital.com.tr\/#website"},"primaryImageOfPage":{"@id":"https:\/\/spontanedigital.com.tr\/?p=10495#primaryimage"},"image":{"@id":"https:\/\/spontanedigital.com.tr\/?p=10495#primaryimage"},"thumbnailUrl":"https:\/\/spontanedigital.com.tr\/wp-content\/uploads\/2026\/04\/69f2fb1a866d2a00cd559c92.webp","datePublished":"2026-04-30T19:18:57+00:00","dateModified":"2026-04-30T19:19:03+00:00","breadcrumb":{"@id":"https:\/\/spontanedigital.com.tr\/?p=10495#breadcrumb"},"inLanguage":"tr","potentialAction":[{"@type":"ReadAction","target":["https:\/\/spontanedigital.com.tr\/?p=10495"]}]},{"@type":"ImageObject","inLanguage":"tr","@id":"https:\/\/spontanedigital.com.tr\/?p=10495#primaryimage","url":"https:\/\/spontanedigital.com.tr\/wp-content\/uploads\/2026\/04\/69f2fb1a866d2a00cd559c92.webp","contentUrl":"https:\/\/spontanedigital.com.tr\/wp-content\/uploads\/2026\/04\/69f2fb1a866d2a00cd559c92.webp","width":750,"height":422},{"@type":"BreadcrumbList","@id":"https:\/\/spontanedigital.com.tr\/?p=10495#breadcrumb","itemListElement":[{"@type":"ListItem","position":1,"name":"Anasayfa","item":"https:\/\/spontanedigital.com.tr\/"},{"@type":"ListItem","position":2,"name":"Be\u015fikta\u015f&#8217;tan Granit Xhaka Bombas\u0131! \u0130svi\u00e7reli Y\u0131ld\u0131zdan Siyah-Beyazl\u0131lara &#8216;Evet&#8217;"}]},{"@type":"WebSite","@id":"https:\/\/spontanedigital.com.tr\/#website","url":"https:\/\/spontanedigital.com.tr\/","name":"Spontane Digital","description":"Dijitalde Spontanite","publisher":{"@id":"https:\/\/spontanedigital.com.tr\/#organization"},"potentialAction":[{"@type":"SearchAction","target":{"@type":"EntryPoint","urlTemplate":"https:\/\/spontanedigital.com.tr\/?s={search_term_string}"},"query-input":{"@type":"PropertyValueSpecification","valueRequired":true,"valueName":"search_term_string"}}],"inLanguage":"tr"},{"@type":"Organization","@id":"https:\/\/spontanedigital.com.tr\/#organization","name":"Spontane Digital","url":"https:\/\/spontanedigital.com.tr\/","logo":{"@type":"ImageObject","inLanguage":"tr","@id":"https:\/\/spontanedigital.com.tr\/#\/schema\/logo\/image\/","url":"https:\/\/spontanedigital.com.tr\/wp-content\/uploads\/2026\/02\/Spontane-Beyaz-1.png","contentUrl":"https:\/\/spontanedigital.com.tr\/wp-content\/uploads\/2026\/02\/Spontane-Beyaz-1.png","width":1772,"height":900,"caption":"Spontane Digital"},"image":{"@id":"https:\/\/spontanedigital.com.tr\/#\/schema\/logo\/image\/"}},{"@type":"Person","@id":"https:\/\/spontanedigital.com.tr\/#\/schema\/person\/3b943e96b188e53110740f11f728ee4f","name":"Fevzi Can \u015e\u0131\u011fva","image":{"@type":"ImageObject","inLanguage":"tr","@id":"https:\/\/spontanedigital.com.tr\/wp-content\/uploads\/2026\/02\/WhatsApp-Image-2026-02-27-at-13.44.37-150x150.jpeg","url":"https:\/\/spontanedigital.com.tr\/wp-content\/uploads\/2026\/02\/WhatsApp-Image-2026-02-27-at-13.44.37-150x150.jpeg","contentUrl":"https:\/\/spontanedigital.com.tr\/wp-content\/uploads\/2026\/02\/WhatsApp-Image-2026-02-27-at-13.44.37-150x150.jpeg","caption":"Fevzi Can \u015e\u0131\u011fva"},"description":"Dijital oyun d\u00fcnyas\u0131ndaki en son trendleri ve spor camias\u0131ndaki dinamik geli\u015fmeleri takip eden Fevzi Can, rekabetin ve e\u011flencenin nabz\u0131n\u0131 tutan i\u00e7eriklerle okurlar\u0131m\u0131za ula\u015f\u0131yor.","url":"https:\/\/spontanedigital.com.tr\/?author=3"}]}},"featured_image_urls":{"full":["https:\/\/spontanedigital.com.tr\/wp-content\/uploads\/2026\/04\/69f2fb1a866d2a00cd559c92.webp",750,422,false],"thumbnail":["https:\/\/spontanedigital.com.tr\/wp-content\/uploads\/2026\/04\/69f2fb1a866d2a00cd559c92-150x150.webp",150,150,true],"medium":["https:\/\/spontanedigital.com.tr\/wp-content\/uploads\/2026\/04\/69f2fb1a866d2a00cd559c92-300x169.webp",300,169,true],"medium_large":["https:\/\/spontanedigital.com.tr\/wp-content\/uploads\/2026\/04\/69f2fb1a866d2a00cd559c92.webp",750,422,false],"large":["https:\/\/spontanedigital.com.tr\/wp-content\/uploads\/2026\/04\/69f2fb1a866d2a00cd559c92.webp",750,422,false],"1536x1536":["https:\/\/spontanedigital.com.tr\/wp-content\/uploads\/2026\/04\/69f2fb1a866d2a00cd559c92.webp",750,422,false],"2048x2048":["https:\/\/spontanedigital.com.tr\/wp-content\/uploads\/2026\/04\/69f2fb1a866d2a00cd559c92.webp",750,422,false],"ultp_layout_landscape_large":["https:\/\/spontanedigital.com.tr\/wp-content\/uploads\/2026\/04\/69f2fb1a866d2a00cd559c92.webp",750,422,false],"ultp_layout_landscape":["https:\/\/spontanedigital.com.tr\/wp-content\/uploads\/2026\/04\/69f2fb1a866d2a00cd559c92.webp",750,422,false],"ultp_layout_portrait":["https:\/\/spontanedigital.com.tr\/wp-content\/uploads\/2026\/04\/69f2fb1a866d2a00cd559c92-600x422.webp",600,422,true],"ultp_layout_square":["https:\/\/spontanedigital.com.tr\/wp-content\/uploads\/2026\/04\/69f2fb1a866d2a00cd559c92-600x422.webp",600,422,true],"colormag-highlighted-post":["https:\/\/spontanedigital.com.tr\/wp-content\/uploads\/2026\/04\/69f2fb1a866d2a00cd559c92-392x272.webp",392,272,true],"colormag-featured-post-medium":["https:\/\/spontanedigital.com.tr\/wp-content\/uploads\/2026\/04\/69f2fb1a866d2a00cd559c92-390x205.webp",390,205,true],"colormag-featured-post-small":["https:\/\/spontanedigital.com.tr\/wp-content\/uploads\/2026\/04\/69f2fb1a866d2a00cd559c92-130x90.webp",130,90,true],"colormag-featured-image":["https:\/\/spontanedigital.com.tr\/wp-content\/uploads\/2026\/04\/69f2fb1a866d2a00cd559c92.webp",750,422,false],"colormag-default-news":["https:\/\/spontanedigital.com.tr\/wp-content\/uploads\/2026\/04\/69f2fb1a866d2a00cd559c92-150x150.webp",150,150,true],"colormag-featured-image-large":["https:\/\/spontanedigital.com.tr\/wp-content\/uploads\/2026\/04\/69f2fb1a866d2a00cd559c92.webp",750,422,false]},"author_info":{"info":["Fevzi Can \u015e\u0131\u011fva"]},"category_info":"<a href=\"https:\/\/spontanedigital.com.tr\/?cat=1\" rel=\"category\">Genel<\/a> <a href=\"https:\/\/spontanedigital.com.tr\/?cat=6\" rel=\"category\">Spor<\/a>","tag_info":"Spor","comment_count":"0","jetpack_featured_media_url":"https:\/\/spontanedigital.com.tr\/wp-content\/uploads\/2026\/04\/69f2fb1a866d2a00cd559c92.webp","jetpack_sharing_enabled":true,"_links":{"self":[{"href":"https:\/\/spontanedigital.com.tr\/index.php?rest_route=\/wp\/v2\/posts\/10495","targetHints":{"allow":["GET"]}}],"collection":[{"href":"https:\/\/spontanedigital.com.tr\/index.php?rest_route=\/wp\/v2\/posts"}],"about":[{"href":"https:\/\/spontanedigital.com.tr\/index.php?rest_route=\/wp\/v2\/types\/post"}],"author":[{"embeddable":true,"href":"https:\/\/spontanedigital.com.tr\/index.php?rest_route=\/wp\/v2\/users\/3"}],"replies":[{"embeddable":true,"href":"https:\/\/spontanedigital.com.tr\/index.php?rest_route=%2Fwp%2Fv2%2Fcomments&post=10495"}],"version-history":[{"count":1,"href":"https:\/\/spontanedigital.com.tr\/index.php?rest_route=\/wp\/v2\/posts\/10495\/revisions"}],"predecessor-version":[{"id":10500,"href":"https:\/\/spontanedigital.com.tr\/index.php?rest_route=\/wp\/v2\/posts\/10495\/revisions\/10500"}],"wp:featuredmedia":[{"embeddable":true,"href":"https:\/\/spontanedigital.com.tr\/index.php?rest_route=\/wp\/v2\/media\/10499"}],"wp:attachment":[{"href":"https:\/\/spontanedigital.com.tr\/index.php?rest_route=%2Fwp%2Fv2%2Fmedia&parent=10495"}],"wp:term":[{"taxonomy":"category","embeddable":true,"href":"https:\/\/spontanedigital.com.tr\/index.php?rest_route=%2Fwp%2Fv2%2Fcategories&post=10495"},{"taxonomy":"post_tag","embeddable":true,"href":"https:\/\/spontanedigital.com.tr\/index.php?rest_route=%2Fwp%2Fv2%2Ftags&post=10495"}],"curies":[{"name":"wp","href":"https:\/\/api.w.org\/{rel}","templated":true}]}}