{"id":10612,"date":"2026-05-01T20:42:07","date_gmt":"2026-05-01T17:42:07","guid":{"rendered":"https:\/\/spontanedigital.com.tr\/?p=10612"},"modified":"2026-05-01T20:42:13","modified_gmt":"2026-05-01T17:42:13","slug":"fazil-say-say-plays-jazz-on-tour-ile-turkiye-turnesinde","status":"publish","type":"post","link":"https:\/\/spontanedigital.com.tr\/?p=10612","title":{"rendered":"Faz\u0131l Say, \u201cSay Plays Jazz on Tour\u201d ile T\u00fcrkiye Turnesinde"},"content":{"rendered":"\n<p><strong><em>D\u00fcnyaca \u00fcnl\u00fc piyanist ve besteci Faz\u0131l Say, caz oda\u011f\u0131ndaki yeni projesi \u201cSay Plays Jazz on Tour with \u0160koda\u201d ile bu yaz T\u00fcrkiye turnesine \u00e7\u0131k\u0131yor.<\/em><\/strong><\/p>\n\n\n\n<p>Sanat\u00e7\u0131n\u0131n klasik m\u00fczikteki yarat\u0131c\u0131 diliyle caz\u0131n do\u011fa\u00e7lama ruhunu bulu\u015fturdu\u011fu bu \u00f6zel proje, Faz\u0131l Say Jazz Quintet ile hayat bulurken \u0160koda, bu yolculu\u011fa e\u015flik ediyor.<\/p>\n\n\n\n<p><strong>Pozitif M\u00fczik<\/strong>&nbsp;organizasyonuyla ger\u00e7ekle\u015fecek turne, T\u00fcrkiye genelinde 7 \u015fehir ve 10 konserle m\u00fczikseverlerle bulu\u015facak.&nbsp;<strong>\u201cSay Plays Jazz on Tour with \u0160koda&#8221;<\/strong>, Faz\u0131l Say\u2019\u0131n cazla kurdu\u011fu ili\u015fkinin bug\u00fcne kadarki en kapsaml\u0131 ifadesi olarak \u00f6ne \u00e7\u0131karken; sanat\u00e7\u0131n\u0131n caz formuna yaln\u0131zca yorumcu olarak de\u011fil, do\u011frudan besteci ve proje kurucusu kimli\u011fiyle yakla\u015ft\u0131\u011f\u0131 \u00f6zg\u00fcn bir \u00fcretim modeli sunacak.<\/p>\n\n\n\n<p><strong>SAY<\/strong>\u2019<strong>IN M\u00dc<\/strong><strong>Z\u0130KAL ANLATISINDA YEN\u0130 B\u0130<\/strong><strong>R DER<\/strong><strong>\u0130NL\u0130K<\/strong><\/p>\n\n\n\n<p>\u201cSay Plays Jazz\u201d, Faz\u0131l Say\u2019\u0131n bug\u00fcne dek geli\u015ftirdi\u011fi m\u00fczikal anlat\u0131n\u0131n yeni bir evresi olarak \u00f6ne \u00e7\u0131k\u0131yor. Sanat\u00e7\u0131, bu projede cazla kurdu\u011fu ba\u011f\u0131 yaln\u0131zca yorumcu olarak de\u011fil, do\u011frudan \u00fcretici kimli\u011fiyle derinle\u015ftiriyor. Bu projede, caz be\u015flisi i\u00e7in \u00f6zel olarak besteledi\u011fi yeni eserlerin yan\u0131 s\u0131ra, ge\u00e7mi\u015f d\u00f6nem \u00e7al\u0131\u015fmalar\u0131n\u0131n caz formundaki yepyeni d\u00fczenlemeleri de yer al\u0131yor.<\/p>\n\n\n\n<p>Say bu projeyi, \u201c<em>Repertuvar\u0131n temelinde g\u00fc\u00e7l\u00fc bir sosyal duyarl\u0131l\u0131k yat\u0131yor. Do\u011fu ile Bat\u0131 aras\u0131ndaki k\u00fclt\u00fcrel k<\/em><em>\u00f6<\/em><em>pr\u00fcn\u00fcn yan\u0131 s\u0131ra; g\u00fcn\u00fcm\u00fcz\u00fcn k\u00fcresel krizlerini, T\u00fcrkiye&#8217;nin toplumsal meselelerini, do\u011fa tahribat\u0131n\u0131, sokak hayvanlar\u0131n\u0131n durumunu ve e\u011fitim sistemindeki sanc\u0131lar\u0131 oda\u011f\u0131na alan eserlerle \u00e7a\u011f\u0131m\u0131z\u0131n dertlerine m\u00fczikal bir ayna tutuyoruz.\u201d<\/em>&nbsp;\u015feklinde anlat\u0131yor.<\/p>\n\n\n\n<figure class=\"wp-block-image\"><img decoding=\"async\" src=\"https:\/\/cdn.otopodyum.com.tr\/other\/2026\/04\/30\/say-plays-jazz-3.jpg\" alt=\"say-plays-jazz-3.jpg\"\/><\/figure>\n\n\n\n<p><strong>KES\u0130NT\u0130S\u0130Z B\u0130R M\u00dcZ\u0130KAL DENEY\u0130M<\/strong><\/p>\n\n\n\n<p><strong>Faz\u0131l Say<\/strong>, bu projede klasik konser formunun \u00f6tesine ge\u00e7erek b\u00fct\u00fcnl\u00fckl\u00fc bir sahne kurgusu sunuyor. Bu yakla\u015f\u0131m, konseri yaln\u0131zca bir performans olmaktan \u00e7\u0131kar\u0131p ba\u015ftan sona deneyimlenen bir anlat\u0131ya d\u00f6n\u00fc\u015ft\u00fcr\u00fcyor.<br>\u201c<em>Performans\u0131<\/em><em>, par<\/em><em>\u00e7alar\u0131n birbirine ba\u011fland\u0131\u011f\u0131 kesintisiz bir senfoni yap\u0131s\u0131nda kurgulad\u0131m. \u0130zleyicilerimiz, 75-80 dakika s\u00fcrecek bu ak\u0131\u015f\u0131, aralarda b<\/em><em>\u00f6<\/em><em>l\u00fcm kesintisi olmadan tek ve b\u00fct\u00fcnc\u00fcl bir eser gibi deneyimleyecek. Ayn\u0131 zamanda bir alb\u00fcm olarak da kayda alaca\u011f\u0131m\u0131z bu \u00e7al\u0131\u015fmay\u0131 ilerleyen d<\/em><em>\u00f6<\/em><em>nemde d\u00fcnya sahnelerine de ta\u015f\u0131yaca\u011f\u0131z.\u201d<\/em><\/p>\n\n\n\n<p>Bu kurgusal yap\u0131, projeyi par\u00e7alardan olu\u015fan bir konser serisinden \u00f6teye ta\u015f\u0131yarak, ba\u015ftan sona tasarlanm\u0131\u015f tek bir m\u00fczikal anlat\u0131 olarak konumland\u0131r\u0131yor ve benzer caz projelerinden belirgin bi\u00e7imde ayr\u0131\u015ft\u0131r\u0131yor.<\/p>\n\n\n\n<p><strong>V\u0130<\/strong><strong>RT<\/strong><strong>\u00dc\u00d6<\/strong><strong>ZLERDEN OLU<\/strong><strong>\u015e<\/strong><strong>AN G<\/strong><strong>\u00dc\u00c7L\u00dc<\/strong>&nbsp;<strong>KADRO<\/strong><\/p>\n\n\n\n<p>Faz\u0131l Say Jazz Quintet, alanlar\u0131nda uluslararas\u0131 ba\u015far\u0131ya sahip m\u00fczisyenleri bir araya getiriyor. Sahnede Faz\u0131l Say\u2019\u0131n tu\u015flar\u0131ndaki ustal\u0131\u011fa T\u00fcrkiye&#8217;nin en de\u011ferli m\u00fczisyenleri e\u015flik ediyor. G\u00fc\u00e7l\u00fc ve \u00e7ok y\u00f6nl\u00fc vokaliyle Ezgi Ala\u015f, fl\u00fct\u00fcn b\u00fcy\u00fcleyici t\u0131n\u0131s\u0131yla Asl\u0131han And Say, saksafondaki dinamik stiliyle Serdar Bar\u00e7\u0131n ve caz sahnesinin en \u00f6nemli davulcular\u0131ndan Ferit Odman&#8217;\u0131n ritmik zenginli\u011fi bu projede bir araya geliyor. Be\u015flinin sahnede yarataca\u011f\u0131 y\u00fcksek enerji ve do\u011fa\u00e7lama yetene\u011fi, her bir konseri benzersiz bir m\u00fczik \u015f\u00f6lenine d\u00f6n\u00fc\u015ft\u00fcrecek.<\/p>\n\n\n\n<figure class=\"wp-block-image\"><img decoding=\"async\" src=\"https:\/\/cdn.otopodyum.com.tr\/other\/2026\/04\/30\/say-plays-jazz-2.jpg\" alt=\"say-plays-jazz-2.jpg\"\/><\/figure>\n\n\n\n<p><strong>YAZ BOYU T\u00dc<\/strong><strong>RK\u0130<\/strong><strong>YE TURNES<\/strong><strong>\u0130<\/strong><\/p>\n\n\n\n<p>\u201c<strong>Say Plays Jazz on Tour with<\/strong>&nbsp;<strong>\u0160koda<\/strong>\u201d, a\u00e7\u0131k hava sahneleri ve amfi tiyatrolarda ger\u00e7ekle\u015fecek konserleriyle yaz ak\u015famlar\u0131na ritim katacak. Klasik ile caz aras\u0131nda \u00f6zg\u00fcrce dola\u015fan bu proje, dinleyicilere zamans\u0131z ve b\u00fct\u00fcnc\u00fcl bir m\u00fczik deneyimi sunmay\u0131 hedefliyor.<\/p>\n\n\n\n<p>\u201c<em>Ge\u00e7mi\u015fi ve bug\u00fcn\u00fc harmanlayan, \u00e7a\u011f\u0131m\u0131z\u0131n sorunlar\u0131n\u0131 dert edinen ve m\u00fczi\u011fimin evrensel do\u011fas\u0131n\u0131 yans\u0131tan bu konser serisi; bug\u00fcne dek ger\u00e7ekle\u015ftirdi\u011fim t\u00fcm caz \u00e7al\u0131\u015fmalar\u0131n\u0131n birikimini bir araya getiren, b\u00fct\u00fcnle\u015ftirici ve ger\u00e7ek bir deneyim olacak.\u201d<\/em><\/p>\n\n\n\n<p><strong>\u0160koda<\/strong>, bu projede yaln\u0131zca bir destek\u00e7i de\u011fil, ayn\u0131 zamanda yolculu\u011fun bir par\u00e7as\u0131 olarak konumlan\u0131yor. \u201cYol arkada\u015f\u0131\u201d yakla\u015f\u0131m\u0131yla turnenin ruhuna e\u015flik eden marka,&nbsp;<strong>Pozitif M\u00fczik<\/strong>&nbsp;organizasyonu ile birlikte m\u00fczi\u011fin birle\u015ftirici g\u00fcc\u00fcn\u00fc T\u00fcrkiye\u2019nin farkl\u0131 \u015fehirlerine ta\u015f\u0131mada \u00f6nemli bir rol \u00fcstleniyor. Bu yakla\u015f\u0131m, caz m\u00fczi\u011fin \u00f6zg\u00fcr, dinamik ve do\u011fa\u00e7lamaya dayal\u0131 ruhuyla g\u00fc\u00e7l\u00fc bir ortak paydada bulu\u015fuyor.<br><br><strong>Konser tarihleri:<\/strong><\/p>\n\n\n\n<p>19 Temmuz 2026 Pazar \/ Bal\u0131kesir \/ Ayval\u0131k Amfi Tiyatro<\/p>\n\n\n\n<p>24 Temmuz 2026 Cuma \/ \u0130zmir \/ \u00c7e\u015fme A\u00e7\u0131khava Tiyatrosu<\/p>\n\n\n\n<p>25 Temmuz 2026 Cumartesi \/ \u0130zmir \/ Efes Antik Tiyatrosu<\/p>\n\n\n\n<p>26 Temmuz 2026 Pazar \/ Mu\u011fla \/ Bodrum Antik Tiyatro<\/p>\n\n\n\n<p>2 Eyl\u00fcl 2026 \u00c7ar\u015famba \/ \u0130stanbul \/ Harbiye Cemil Topuzlu A\u00e7\u0131khava Tiyatrosu<\/p>\n\n\n\n<p>3 Eyl\u00fcl 2026 Per\u015fembe \/ \u0130stanbul \/ Harbiye Cemil Topuzlu A\u00e7\u0131khava Tiyatrosu<\/p>\n\n\n\n<p>13 Eyl\u00fcl 2026 Pazar \/ \u0130zmir \/ \u0130zmir K\u00fclt\u00fcrpark A\u00e7\u0131khava Tiyatrosu<\/p>\n\n\n\n<p>16 Eyl\u00fcl 2026 \u00c7ar\u015famba \/ Denizli Hierapolis Antik Tiyatrosu<\/p>\n\n\n\n<p>17 Eyl\u00fcl 2026 Per\u015fembe \/ Antalya \/ Antalya A\u00e7\u0131khava Tiyatrosu<\/p>\n\n\n\n<p>27 Eyl\u00fcl 2026 Pazar \/ Ankara \/ Bilkent Odeon<\/p>\n\n\n\n<p><strong>Biletler 4 May\u0131s Pazartesi saat 10:30<\/strong><strong>\u2019<\/strong><strong>da sat\u0131\u015f<\/strong><strong>ta. Biletix &#8211; Passo \u2013 Bubilet<\/strong>&nbsp;<a rel=\"noreferrer noopener\" target=\"_blank\" href=\"https:\/\/www.instagram.com\/pozitiftimes\">www.instagram.com\/pozitiftimes<\/a><\/p>\n\n\n\n<p><strong><em>Kaynak: <\/em><\/strong><a href=\"https:\/\/otopodyum.com.tr\/yasamsektor-haberleri\/say-plays-jazz-on-tour-with-skoda-4792h\">otopodyum.com<\/a><\/p>\n\n\n\n<p><strong><em>Yay\u0131nlanma Tarihi:<\/em><\/strong> 01.05.2026, 20:41<\/p>\n\n\n\n<p><\/p>\n","protected":false},"excerpt":{"rendered":"<p>D\u00fcnyaca \u00fcnl\u00fc piyanist ve besteci Faz\u0131l Say, caz oda\u011f\u0131ndaki yeni projesi \u201cSay Plays Jazz on Tour with \u0160koda\u201d ile bu<\/p>\n","protected":false},"author":6,"featured_media":10619,"comment_status":"open","ping_status":"open","sticky":false,"template":"","format":"standard","meta":{"colormag_page_container_layout":"default_layout","colormag_page_sidebar_layout":"default_layout","_jetpack_memberships_contains_paid_content":false,"footnotes":""},"categories":[1,13],"tags":[],"class_list":["post-10612","post","type-post","status-publish","format-standard","has-post-thumbnail","hentry","category-genel","category-otomobil"],"magazineBlocksPostFeaturedMedia":{"thumbnail":"https:\/\/spontanedigital.com.tr\/wp-content\/uploads\/2026\/05\/5066-150x150.jpg","medium":"https:\/\/spontanedigital.com.tr\/wp-content\/uploads\/2026\/05\/5066-300x150.jpg","medium_large":"https:\/\/spontanedigital.com.tr\/wp-content\/uploads\/2026\/05\/5066-768x384.jpg","large":"https:\/\/spontanedigital.com.tr\/wp-content\/uploads\/2026\/05\/5066-1024x512.jpg","1536x1536":"https:\/\/spontanedigital.com.tr\/wp-content\/uploads\/2026\/05\/5066.jpg","2048x2048":"https:\/\/spontanedigital.com.tr\/wp-content\/uploads\/2026\/05\/5066.jpg","ultp_layout_landscape_large":"https:\/\/spontanedigital.com.tr\/wp-content\/uploads\/2026\/05\/5066-1200x640.jpg","ultp_layout_landscape":"https:\/\/spontanedigital.com.tr\/wp-content\/uploads\/2026\/05\/5066-870x570.jpg","ultp_layout_portrait":"https:\/\/spontanedigital.com.tr\/wp-content\/uploads\/2026\/05\/5066-600x640.jpg","ultp_layout_square":"https:\/\/spontanedigital.com.tr\/wp-content\/uploads\/2026\/05\/5066-600x600.jpg","colormag-highlighted-post":"https:\/\/spontanedigital.com.tr\/wp-content\/uploads\/2026\/05\/5066-392x272.jpg","colormag-featured-post-medium":"https:\/\/spontanedigital.com.tr\/wp-content\/uploads\/2026\/05\/5066-390x205.jpg","colormag-featured-post-small":"https:\/\/spontanedigital.com.tr\/wp-content\/uploads\/2026\/05\/5066-130x90.jpg","colormag-featured-image":"https:\/\/spontanedigital.com.tr\/wp-content\/uploads\/2026\/05\/5066-800x445.jpg","colormag-default-news":"https:\/\/spontanedigital.com.tr\/wp-content\/uploads\/2026\/05\/5066-150x150.jpg","colormag-featured-image-large":"https:\/\/spontanedigital.com.tr\/wp-content\/uploads\/2026\/05\/5066-1280x600.jpg"},"magazineBlocksPostAuthor":{"name":"Hayrun Nisa G\u00fcl K\u0131z\u0131ko\u011flu","avatar":"https:\/\/spontanedigital.com.tr\/wp-content\/uploads\/2026\/02\/WhatsApp-Image-2026-02-27-at-13.44.35-150x150.jpeg"},"magazineBlocksPostCommentsNumber":"0","magazineBlocksPostExcerpt":"D\u00fcnyaca \u00fcnl\u00fc piyanist ve besteci Faz\u0131l Say, caz oda\u011f\u0131ndaki yeni projesi \u201cSay Plays Jazz on Tour with \u0160koda\u201d ile bu","magazineBlocksPostCategories":["Genel","Otomotiv"],"magazineBlocksPostViewCount":3,"magazineBlocksPostReadTime":5,"magazine_blocks_featured_image_url":{"full":["https:\/\/spontanedigital.com.tr\/wp-content\/uploads\/2026\/05\/5066.jpg",1280,640,false],"medium":["https:\/\/spontanedigital.com.tr\/wp-content\/uploads\/2026\/05\/5066-300x150.jpg",300,150,true],"thumbnail":["https:\/\/spontanedigital.com.tr\/wp-content\/uploads\/2026\/05\/5066-150x150.jpg",150,150,true]},"magazine_blocks_author":{"display_name":"Hayrun Nisa G\u00fcl K\u0131z\u0131ko\u011flu","author_link":"https:\/\/spontanedigital.com.tr\/?author=6"},"magazine_blocks_comment":0,"magazine_blocks_author_image":"https:\/\/spontanedigital.com.tr\/wp-content\/uploads\/2026\/02\/WhatsApp-Image-2026-02-27-at-13.44.35-150x150.jpeg","magazine_blocks_category":"<a href=\"#\" class=\"category-link category-link-1\">Genel<\/a> <a href=\"#\" class=\"category-link category-link-13\">Otomotiv<\/a>","yoast_head":"<!-- This site is optimized with the Yoast SEO plugin v27.5 - https:\/\/yoast.com\/product\/yoast-seo-wordpress\/ -->\n<title>Faz\u0131l Say, \u201cSay Plays Jazz on Tour\u201d ile T\u00fcrkiye Turnesinde &#8211; Spontane Digital<\/title>\n<meta name=\"robots\" content=\"index, follow, max-snippet:-1, max-image-preview:large, max-video-preview:-1\" \/>\n<link rel=\"canonical\" href=\"https:\/\/spontanedigital.com.tr\/?p=10612\" \/>\n<meta property=\"og:locale\" content=\"tr_TR\" \/>\n<meta property=\"og:type\" content=\"article\" \/>\n<meta property=\"og:title\" content=\"Faz\u0131l Say, \u201cSay Plays Jazz on Tour\u201d ile T\u00fcrkiye Turnesinde &#8211; Spontane Digital\" \/>\n<meta property=\"og:description\" content=\"D\u00fcnyaca \u00fcnl\u00fc piyanist ve besteci Faz\u0131l Say, caz oda\u011f\u0131ndaki yeni projesi \u201cSay Plays Jazz on Tour with \u0160koda\u201d ile bu\" \/>\n<meta property=\"og:url\" content=\"https:\/\/spontanedigital.com.tr\/?p=10612\" \/>\n<meta property=\"og:site_name\" content=\"Spontane Digital\" \/>\n<meta property=\"article:published_time\" content=\"2026-05-01T17:42:07+00:00\" \/>\n<meta property=\"article:modified_time\" content=\"2026-05-01T17:42:13+00:00\" \/>\n<meta property=\"og:image\" content=\"https:\/\/spontanedigital.com.tr\/wp-content\/uploads\/2026\/05\/5066.jpg\" \/>\n\t<meta property=\"og:image:width\" content=\"1280\" \/>\n\t<meta property=\"og:image:height\" content=\"640\" \/>\n\t<meta property=\"og:image:type\" content=\"image\/jpeg\" \/>\n<meta name=\"author\" content=\"Hayrun Nisa G\u00fcl K\u0131z\u0131ko\u011flu\" \/>\n<meta name=\"twitter:card\" content=\"summary_large_image\" \/>\n<meta name=\"twitter:label1\" content=\"Yazan:\" \/>\n\t<meta name=\"twitter:data1\" content=\"Hayrun Nisa G\u00fcl K\u0131z\u0131ko\u011flu\" \/>\n\t<meta name=\"twitter:label2\" content=\"Tahmini okuma s\u00fcresi\" \/>\n\t<meta name=\"twitter:data2\" content=\"5 dakika\" \/>\n<script type=\"application\/ld+json\" class=\"yoast-schema-graph\">{\"@context\":\"https:\\\/\\\/schema.org\",\"@graph\":[{\"@type\":\"Article\",\"@id\":\"https:\\\/\\\/spontanedigital.com.tr\\\/?p=10612#article\",\"isPartOf\":{\"@id\":\"https:\\\/\\\/spontanedigital.com.tr\\\/?p=10612\"},\"author\":{\"name\":\"Hayrun Nisa G\u00fcl K\u0131z\u0131ko\u011flu\",\"@id\":\"https:\\\/\\\/spontanedigital.com.tr\\\/#\\\/schema\\\/person\\\/287801edcfe252a3b09fbcb081b9e9d8\"},\"headline\":\"Faz\u0131l Say, \u201cSay Plays Jazz on Tour\u201d ile T\u00fcrkiye Turnesinde\",\"datePublished\":\"2026-05-01T17:42:07+00:00\",\"dateModified\":\"2026-05-01T17:42:13+00:00\",\"mainEntityOfPage\":{\"@id\":\"https:\\\/\\\/spontanedigital.com.tr\\\/?p=10612\"},\"wordCount\":891,\"commentCount\":0,\"publisher\":{\"@id\":\"https:\\\/\\\/spontanedigital.com.tr\\\/#organization\"},\"image\":{\"@id\":\"https:\\\/\\\/spontanedigital.com.tr\\\/?p=10612#primaryimage\"},\"thumbnailUrl\":\"https:\\\/\\\/spontanedigital.com.tr\\\/wp-content\\\/uploads\\\/2026\\\/05\\\/5066.jpg\",\"articleSection\":{\"1\":\"Otomotiv\"},\"inLanguage\":\"tr\",\"potentialAction\":[{\"@type\":\"CommentAction\",\"name\":\"Comment\",\"target\":[\"https:\\\/\\\/spontanedigital.com.tr\\\/?p=10612#respond\"]}]},{\"@type\":\"WebPage\",\"@id\":\"https:\\\/\\\/spontanedigital.com.tr\\\/?p=10612\",\"url\":\"https:\\\/\\\/spontanedigital.com.tr\\\/?p=10612\",\"name\":\"Faz\u0131l Say, \u201cSay Plays Jazz on Tour\u201d ile T\u00fcrkiye Turnesinde &#8211; Spontane Digital\",\"isPartOf\":{\"@id\":\"https:\\\/\\\/spontanedigital.com.tr\\\/#website\"},\"primaryImageOfPage\":{\"@id\":\"https:\\\/\\\/spontanedigital.com.tr\\\/?p=10612#primaryimage\"},\"image\":{\"@id\":\"https:\\\/\\\/spontanedigital.com.tr\\\/?p=10612#primaryimage\"},\"thumbnailUrl\":\"https:\\\/\\\/spontanedigital.com.tr\\\/wp-content\\\/uploads\\\/2026\\\/05\\\/5066.jpg\",\"datePublished\":\"2026-05-01T17:42:07+00:00\",\"dateModified\":\"2026-05-01T17:42:13+00:00\",\"breadcrumb\":{\"@id\":\"https:\\\/\\\/spontanedigital.com.tr\\\/?p=10612#breadcrumb\"},\"inLanguage\":\"tr\",\"potentialAction\":[{\"@type\":\"ReadAction\",\"target\":[\"https:\\\/\\\/spontanedigital.com.tr\\\/?p=10612\"]}]},{\"@type\":\"ImageObject\",\"inLanguage\":\"tr\",\"@id\":\"https:\\\/\\\/spontanedigital.com.tr\\\/?p=10612#primaryimage\",\"url\":\"https:\\\/\\\/spontanedigital.com.tr\\\/wp-content\\\/uploads\\\/2026\\\/05\\\/5066.jpg\",\"contentUrl\":\"https:\\\/\\\/spontanedigital.com.tr\\\/wp-content\\\/uploads\\\/2026\\\/05\\\/5066.jpg\",\"width\":1280,\"height\":640},{\"@type\":\"BreadcrumbList\",\"@id\":\"https:\\\/\\\/spontanedigital.com.tr\\\/?p=10612#breadcrumb\",\"itemListElement\":[{\"@type\":\"ListItem\",\"position\":1,\"name\":\"Anasayfa\",\"item\":\"https:\\\/\\\/spontanedigital.com.tr\\\/\"},{\"@type\":\"ListItem\",\"position\":2,\"name\":\"Faz\u0131l Say, \u201cSay Plays Jazz on Tour\u201d ile T\u00fcrkiye Turnesinde\"}]},{\"@type\":\"WebSite\",\"@id\":\"https:\\\/\\\/spontanedigital.com.tr\\\/#website\",\"url\":\"https:\\\/\\\/spontanedigital.com.tr\\\/\",\"name\":\"Spontane Digital\",\"description\":\"Dijitalde Spontanite\",\"publisher\":{\"@id\":\"https:\\\/\\\/spontanedigital.com.tr\\\/#organization\"},\"potentialAction\":[{\"@type\":\"SearchAction\",\"target\":{\"@type\":\"EntryPoint\",\"urlTemplate\":\"https:\\\/\\\/spontanedigital.com.tr\\\/?s={search_term_string}\"},\"query-input\":{\"@type\":\"PropertyValueSpecification\",\"valueRequired\":true,\"valueName\":\"search_term_string\"}}],\"inLanguage\":\"tr\"},{\"@type\":\"Organization\",\"@id\":\"https:\\\/\\\/spontanedigital.com.tr\\\/#organization\",\"name\":\"Spontane Digital\",\"url\":\"https:\\\/\\\/spontanedigital.com.tr\\\/\",\"logo\":{\"@type\":\"ImageObject\",\"inLanguage\":\"tr\",\"@id\":\"https:\\\/\\\/spontanedigital.com.tr\\\/#\\\/schema\\\/logo\\\/image\\\/\",\"url\":\"https:\\\/\\\/spontanedigital.com.tr\\\/wp-content\\\/uploads\\\/2026\\\/02\\\/Spontane-Beyaz-1.png\",\"contentUrl\":\"https:\\\/\\\/spontanedigital.com.tr\\\/wp-content\\\/uploads\\\/2026\\\/02\\\/Spontane-Beyaz-1.png\",\"width\":1772,\"height\":900,\"caption\":\"Spontane Digital\"},\"image\":{\"@id\":\"https:\\\/\\\/spontanedigital.com.tr\\\/#\\\/schema\\\/logo\\\/image\\\/\"}},{\"@type\":\"Person\",\"@id\":\"https:\\\/\\\/spontanedigital.com.tr\\\/#\\\/schema\\\/person\\\/287801edcfe252a3b09fbcb081b9e9d8\",\"name\":\"Hayrun Nisa G\u00fcl K\u0131z\u0131ko\u011flu\",\"image\":{\"@type\":\"ImageObject\",\"inLanguage\":\"tr\",\"@id\":\"https:\\\/\\\/spontanedigital.com.tr\\\/wp-content\\\/uploads\\\/2026\\\/02\\\/WhatsApp-Image-2026-02-27-at-13.44.35-150x150.jpeg\",\"url\":\"https:\\\/\\\/spontanedigital.com.tr\\\/wp-content\\\/uploads\\\/2026\\\/02\\\/WhatsApp-Image-2026-02-27-at-13.44.35-150x150.jpeg\",\"contentUrl\":\"https:\\\/\\\/spontanedigital.com.tr\\\/wp-content\\\/uploads\\\/2026\\\/02\\\/WhatsApp-Image-2026-02-27-at-13.44.35-150x150.jpeg\",\"caption\":\"Hayrun Nisa G\u00fcl K\u0131z\u0131ko\u011flu\"},\"description\":\"Sanat\u0131n esteti\u011fi ile otomotiv d\u00fcnyas\u0131n\u0131n dinamizmini ayn\u0131 potada bulu\u015fturan Hayrun Nisa, k\u00fclt\u00fcr-sanat etkinliklerinden otomobil lansmanlar\u0131na, sergi salonlar\u0131ndan test s\u00fcr\u00fc\u015flerine uzanan geni\u015f bir yelpazede sitemizin en ilham verici i\u00e7eriklerini y\u00f6netiyor\",\"url\":\"https:\\\/\\\/spontanedigital.com.tr\\\/?author=6\"}]}<\/script>\n<!-- \/ Yoast SEO plugin. -->","yoast_head_json":{"title":"Faz\u0131l Say, \u201cSay Plays Jazz on Tour\u201d ile T\u00fcrkiye Turnesinde &#8211; Spontane Digital","robots":{"index":"index","follow":"follow","max-snippet":"max-snippet:-1","max-image-preview":"max-image-preview:large","max-video-preview":"max-video-preview:-1"},"canonical":"https:\/\/spontanedigital.com.tr\/?p=10612","og_locale":"tr_TR","og_type":"article","og_title":"Faz\u0131l Say, \u201cSay Plays Jazz on Tour\u201d ile T\u00fcrkiye Turnesinde &#8211; Spontane Digital","og_description":"D\u00fcnyaca \u00fcnl\u00fc piyanist ve besteci Faz\u0131l Say, caz oda\u011f\u0131ndaki yeni projesi \u201cSay Plays Jazz on Tour with \u0160koda\u201d ile bu","og_url":"https:\/\/spontanedigital.com.tr\/?p=10612","og_site_name":"Spontane Digital","article_published_time":"2026-05-01T17:42:07+00:00","article_modified_time":"2026-05-01T17:42:13+00:00","og_image":[{"width":1280,"height":640,"url":"https:\/\/spontanedigital.com.tr\/wp-content\/uploads\/2026\/05\/5066.jpg","type":"image\/jpeg"}],"author":"Hayrun Nisa G\u00fcl K\u0131z\u0131ko\u011flu","twitter_card":"summary_large_image","twitter_misc":{"Yazan:":"Hayrun Nisa G\u00fcl K\u0131z\u0131ko\u011flu","Tahmini okuma s\u00fcresi":"5 dakika"},"schema":{"@context":"https:\/\/schema.org","@graph":[{"@type":"Article","@id":"https:\/\/spontanedigital.com.tr\/?p=10612#article","isPartOf":{"@id":"https:\/\/spontanedigital.com.tr\/?p=10612"},"author":{"name":"Hayrun Nisa G\u00fcl K\u0131z\u0131ko\u011flu","@id":"https:\/\/spontanedigital.com.tr\/#\/schema\/person\/287801edcfe252a3b09fbcb081b9e9d8"},"headline":"Faz\u0131l Say, \u201cSay Plays Jazz on Tour\u201d ile T\u00fcrkiye Turnesinde","datePublished":"2026-05-01T17:42:07+00:00","dateModified":"2026-05-01T17:42:13+00:00","mainEntityOfPage":{"@id":"https:\/\/spontanedigital.com.tr\/?p=10612"},"wordCount":891,"commentCount":0,"publisher":{"@id":"https:\/\/spontanedigital.com.tr\/#organization"},"image":{"@id":"https:\/\/spontanedigital.com.tr\/?p=10612#primaryimage"},"thumbnailUrl":"https:\/\/spontanedigital.com.tr\/wp-content\/uploads\/2026\/05\/5066.jpg","articleSection":{"1":"Otomotiv"},"inLanguage":"tr","potentialAction":[{"@type":"CommentAction","name":"Comment","target":["https:\/\/spontanedigital.com.tr\/?p=10612#respond"]}]},{"@type":"WebPage","@id":"https:\/\/spontanedigital.com.tr\/?p=10612","url":"https:\/\/spontanedigital.com.tr\/?p=10612","name":"Faz\u0131l Say, \u201cSay Plays Jazz on Tour\u201d ile T\u00fcrkiye Turnesinde &#8211; Spontane Digital","isPartOf":{"@id":"https:\/\/spontanedigital.com.tr\/#website"},"primaryImageOfPage":{"@id":"https:\/\/spontanedigital.com.tr\/?p=10612#primaryimage"},"image":{"@id":"https:\/\/spontanedigital.com.tr\/?p=10612#primaryimage"},"thumbnailUrl":"https:\/\/spontanedigital.com.tr\/wp-content\/uploads\/2026\/05\/5066.jpg","datePublished":"2026-05-01T17:42:07+00:00","dateModified":"2026-05-01T17:42:13+00:00","breadcrumb":{"@id":"https:\/\/spontanedigital.com.tr\/?p=10612#breadcrumb"},"inLanguage":"tr","potentialAction":[{"@type":"ReadAction","target":["https:\/\/spontanedigital.com.tr\/?p=10612"]}]},{"@type":"ImageObject","inLanguage":"tr","@id":"https:\/\/spontanedigital.com.tr\/?p=10612#primaryimage","url":"https:\/\/spontanedigital.com.tr\/wp-content\/uploads\/2026\/05\/5066.jpg","contentUrl":"https:\/\/spontanedigital.com.tr\/wp-content\/uploads\/2026\/05\/5066.jpg","width":1280,"height":640},{"@type":"BreadcrumbList","@id":"https:\/\/spontanedigital.com.tr\/?p=10612#breadcrumb","itemListElement":[{"@type":"ListItem","position":1,"name":"Anasayfa","item":"https:\/\/spontanedigital.com.tr\/"},{"@type":"ListItem","position":2,"name":"Faz\u0131l Say, \u201cSay Plays Jazz on Tour\u201d ile T\u00fcrkiye Turnesinde"}]},{"@type":"WebSite","@id":"https:\/\/spontanedigital.com.tr\/#website","url":"https:\/\/spontanedigital.com.tr\/","name":"Spontane Digital","description":"Dijitalde Spontanite","publisher":{"@id":"https:\/\/spontanedigital.com.tr\/#organization"},"potentialAction":[{"@type":"SearchAction","target":{"@type":"EntryPoint","urlTemplate":"https:\/\/spontanedigital.com.tr\/?s={search_term_string}"},"query-input":{"@type":"PropertyValueSpecification","valueRequired":true,"valueName":"search_term_string"}}],"inLanguage":"tr"},{"@type":"Organization","@id":"https:\/\/spontanedigital.com.tr\/#organization","name":"Spontane Digital","url":"https:\/\/spontanedigital.com.tr\/","logo":{"@type":"ImageObject","inLanguage":"tr","@id":"https:\/\/spontanedigital.com.tr\/#\/schema\/logo\/image\/","url":"https:\/\/spontanedigital.com.tr\/wp-content\/uploads\/2026\/02\/Spontane-Beyaz-1.png","contentUrl":"https:\/\/spontanedigital.com.tr\/wp-content\/uploads\/2026\/02\/Spontane-Beyaz-1.png","width":1772,"height":900,"caption":"Spontane Digital"},"image":{"@id":"https:\/\/spontanedigital.com.tr\/#\/schema\/logo\/image\/"}},{"@type":"Person","@id":"https:\/\/spontanedigital.com.tr\/#\/schema\/person\/287801edcfe252a3b09fbcb081b9e9d8","name":"Hayrun Nisa G\u00fcl K\u0131z\u0131ko\u011flu","image":{"@type":"ImageObject","inLanguage":"tr","@id":"https:\/\/spontanedigital.com.tr\/wp-content\/uploads\/2026\/02\/WhatsApp-Image-2026-02-27-at-13.44.35-150x150.jpeg","url":"https:\/\/spontanedigital.com.tr\/wp-content\/uploads\/2026\/02\/WhatsApp-Image-2026-02-27-at-13.44.35-150x150.jpeg","contentUrl":"https:\/\/spontanedigital.com.tr\/wp-content\/uploads\/2026\/02\/WhatsApp-Image-2026-02-27-at-13.44.35-150x150.jpeg","caption":"Hayrun Nisa G\u00fcl K\u0131z\u0131ko\u011flu"},"description":"Sanat\u0131n esteti\u011fi ile otomotiv d\u00fcnyas\u0131n\u0131n dinamizmini ayn\u0131 potada bulu\u015fturan Hayrun Nisa, k\u00fclt\u00fcr-sanat etkinliklerinden otomobil lansmanlar\u0131na, sergi salonlar\u0131ndan test s\u00fcr\u00fc\u015flerine uzanan geni\u015f bir yelpazede sitemizin en ilham verici i\u00e7eriklerini y\u00f6netiyor","url":"https:\/\/spontanedigital.com.tr\/?author=6"}]}},"featured_image_urls":{"full":["https:\/\/spontanedigital.com.tr\/wp-content\/uploads\/2026\/05\/5066.jpg",1280,640,false],"thumbnail":["https:\/\/spontanedigital.com.tr\/wp-content\/uploads\/2026\/05\/5066-150x150.jpg",150,150,true],"medium":["https:\/\/spontanedigital.com.tr\/wp-content\/uploads\/2026\/05\/5066-300x150.jpg",300,150,true],"medium_large":["https:\/\/spontanedigital.com.tr\/wp-content\/uploads\/2026\/05\/5066-768x384.jpg",768,384,true],"large":["https:\/\/spontanedigital.com.tr\/wp-content\/uploads\/2026\/05\/5066-1024x512.jpg",800,400,true],"1536x1536":["https:\/\/spontanedigital.com.tr\/wp-content\/uploads\/2026\/05\/5066.jpg",1280,640,false],"2048x2048":["https:\/\/spontanedigital.com.tr\/wp-content\/uploads\/2026\/05\/5066.jpg",1280,640,false],"ultp_layout_landscape_large":["https:\/\/spontanedigital.com.tr\/wp-content\/uploads\/2026\/05\/5066-1200x640.jpg",1200,640,true],"ultp_layout_landscape":["https:\/\/spontanedigital.com.tr\/wp-content\/uploads\/2026\/05\/5066-870x570.jpg",870,570,true],"ultp_layout_portrait":["https:\/\/spontanedigital.com.tr\/wp-content\/uploads\/2026\/05\/5066-600x640.jpg",600,640,true],"ultp_layout_square":["https:\/\/spontanedigital.com.tr\/wp-content\/uploads\/2026\/05\/5066-600x600.jpg",600,600,true],"colormag-highlighted-post":["https:\/\/spontanedigital.com.tr\/wp-content\/uploads\/2026\/05\/5066-392x272.jpg",392,272,true],"colormag-featured-post-medium":["https:\/\/spontanedigital.com.tr\/wp-content\/uploads\/2026\/05\/5066-390x205.jpg",390,205,true],"colormag-featured-post-small":["https:\/\/spontanedigital.com.tr\/wp-content\/uploads\/2026\/05\/5066-130x90.jpg",130,90,true],"colormag-featured-image":["https:\/\/spontanedigital.com.tr\/wp-content\/uploads\/2026\/05\/5066-800x445.jpg",800,445,true],"colormag-default-news":["https:\/\/spontanedigital.com.tr\/wp-content\/uploads\/2026\/05\/5066-150x150.jpg",150,150,true],"colormag-featured-image-large":["https:\/\/spontanedigital.com.tr\/wp-content\/uploads\/2026\/05\/5066-1280x600.jpg",1280,600,true]},"author_info":{"info":["Hayrun Nisa G\u00fcl K\u0131z\u0131ko\u011flu"]},"category_info":"<a href=\"https:\/\/spontanedigital.com.tr\/?cat=1\" rel=\"category\">Genel<\/a> <a href=\"https:\/\/spontanedigital.com.tr\/?cat=13\" rel=\"category\">Otomotiv<\/a>","tag_info":"Otomotiv","comment_count":"0","jetpack_featured_media_url":"https:\/\/spontanedigital.com.tr\/wp-content\/uploads\/2026\/05\/5066.jpg","jetpack_sharing_enabled":true,"_links":{"self":[{"href":"https:\/\/spontanedigital.com.tr\/index.php?rest_route=\/wp\/v2\/posts\/10612","targetHints":{"allow":["GET"]}}],"collection":[{"href":"https:\/\/spontanedigital.com.tr\/index.php?rest_route=\/wp\/v2\/posts"}],"about":[{"href":"https:\/\/spontanedigital.com.tr\/index.php?rest_route=\/wp\/v2\/types\/post"}],"author":[{"embeddable":true,"href":"https:\/\/spontanedigital.com.tr\/index.php?rest_route=\/wp\/v2\/users\/6"}],"replies":[{"embeddable":true,"href":"https:\/\/spontanedigital.com.tr\/index.php?rest_route=%2Fwp%2Fv2%2Fcomments&post=10612"}],"version-history":[{"count":1,"href":"https:\/\/spontanedigital.com.tr\/index.php?rest_route=\/wp\/v2\/posts\/10612\/revisions"}],"predecessor-version":[{"id":10620,"href":"https:\/\/spontanedigital.com.tr\/index.php?rest_route=\/wp\/v2\/posts\/10612\/revisions\/10620"}],"wp:featuredmedia":[{"embeddable":true,"href":"https:\/\/spontanedigital.com.tr\/index.php?rest_route=\/wp\/v2\/media\/10619"}],"wp:attachment":[{"href":"https:\/\/spontanedigital.com.tr\/index.php?rest_route=%2Fwp%2Fv2%2Fmedia&parent=10612"}],"wp:term":[{"taxonomy":"category","embeddable":true,"href":"https:\/\/spontanedigital.com.tr\/index.php?rest_route=%2Fwp%2Fv2%2Fcategories&post=10612"},{"taxonomy":"post_tag","embeddable":true,"href":"https:\/\/spontanedigital.com.tr\/index.php?rest_route=%2Fwp%2Fv2%2Ftags&post=10612"}],"curies":[{"name":"wp","href":"https:\/\/api.w.org\/{rel}","templated":true}]}}