{"id":2215,"date":"2026-03-04T13:54:57","date_gmt":"2026-03-04T10:54:57","guid":{"rendered":"https:\/\/spontanedigital.com.tr\/?p=2215"},"modified":"2026-03-04T13:54:59","modified_gmt":"2026-03-04T10:54:59","slug":"urla-belediye-baskani-balkan-orman-arazilerinde-turizm-yapilasmasina-tepki-gosterdi","status":"publish","type":"post","link":"https:\/\/spontanedigital.com.tr\/?p=2215","title":{"rendered":"Urla Belediye Ba\u015fkan\u0131 Balkan, Orman Arazilerinde Turizm Yap\u0131la\u015fmas\u0131na  Tepki G\u00f6sterdi!"},"content":{"rendered":"\n<p id=\"p-rc_a0493b633fcec54f-20\"><strong>Urla Belediye Ba\u015fkan\u0131 Sel\u00e7uk Balkan, Zeytineli-Karak\u00f6y hatt\u0131ndaki ormanl\u0131k arazilerde turizm planlar\u0131na tepki g\u00f6sterdi. Kamusal alanlar\u0131n ranta a\u00e7\u0131lmas\u0131na kar\u015f\u0131 hukuki s\u00fcrecin ba\u015flat\u0131laca\u011f\u0131n\u0131 belirterek, \u201cAvukatlar\u0131m\u0131z s\u00fcreci takip ediyor. Urla&#8217;da bir tane bi<sup><\/sup>le a\u011fac\u0131n kesilmesine kar\u015f\u0131 m\u00fccadele edece\u011fiz\u201d dedi.<sup><\/sup><\/strong><\/p>\n\n\n\n<p id=\"p-rc_a0493b633fcec54f-21\">ANKA Haber Ajans\u0131&#8217;na konu\u015fan Urla Belediye Ba\u015fkan\u0131 Sel\u00e7uk Balkan, Demircilikoyu&#8217;ndaki ka\u00e7ak hurda gemi s\u00f6k\u00fcm\u00fc, \u00c7e\u015fmealt\u0131&#8217;na marina projesinin ard\u0131ndan 20 milyon metrekarenin \u00fczerinde alanda ormanl\u0131k arazilerin turizm i\u00e7in yap\u0131la\u015fmaya a\u00e7\u0131lmas\u0131n\u0131 de\u011ferlendirdi.<\/p>\n\n\n\n<p><strong>\u201cEkolojik k\u0131r\u0131m konusunda bir\u00e7ok m\u00fcdahale oluyor\u201d<\/strong><\/p>\n\n\n\n<p>Urla&#8217;da birden fazla alanda ekolojik tehlikeyle kar\u015f\u0131 kar\u015f\u0131ya olduklar\u0131n\u0131 belirten Balkan, marina projesine ili\u015fkin \u201cEkolojik k\u0131r\u0131m konusunda bir\u00e7ok m\u00fcdahale oluyor. Bir tanesi Demircili&#8217;de ba\u015flanmak istenen gemi s\u00f6k\u00fcm\u00fc. Bir di\u011feri \u00c7e\u015fmealt\u0131&#8217;nda yap\u0131lmak istenen marina alan\u0131. \u00c7e\u015fmealt\u0131 Su \u00dcr\u00fcnleri Kooperatifi&#8217;nin yan\u0131ndaki \u00e7ekek yeri dedi\u011fimiz, amat\u00f6r bal\u0131k\u00e7\u0131lar\u0131n teknelerini ba\u011flad\u0131\u011f\u0131 yeri komple tahliye edip buraya direkli, yatlar\u0131n, yelkenlerin ba\u011flanaca\u011f\u0131 bir marina projesi yap\u0131lmak isteniyor. \u00d6zelle\u015ftirmeye konu edilecek olan alanda, Yolluca&#8217;daki askeri r\u0131ht\u0131m\u0131n ve lojmanlar\u0131n oldu\u011fu b\u00f6lgenin yan\u0131ndaki 186 bin metrekarelik alan\u0131n 100 bin metrekaresi denizde teknelerin ba\u011flanaca\u011f\u0131 yer, 86 bin metrekaresi karada olacak bir k\u0131s\u0131m. Bu da S\u0131\u011fac\u0131k&#8217;ta, \u00c7e\u015fme&#8217;de marinalarda oldu\u011fu gibi k\u0131y\u0131 yap\u0131la\u015fmas\u0131nda in\u015faata konu edilecek i\u015f yerlerinin, d\u00fckk\u00e2nlar\u0131n, ma\u011fazalar\u0131n, restoranlar\u0131n, kafelerin yap\u0131l\u0131p sat\u0131laca\u011f\u0131 bir ekonomik potansiyel anlam\u0131na geliyor\u201d dedi.<\/p>\n\n\n\n<p><strong>\u201cBuradaki halka kulak vermek gerekiyor\u201d<\/strong><\/p>\n\n\n\n<p>Projenin yerinin do\u011fru se\u00e7ilmesi gerekti\u011finin alt\u0131n\u0131 \u00e7izen Ba\u015fkan Balkan, \u015funlar\u0131 s\u00f6yledi:<\/p>\n\n\n\n<p>\u201cMarina yap\u0131lmas\u0131na kar\u015f\u0131 de\u011filiz. Yap\u0131lacak olan marinan\u0131n do\u011fru yerde yap\u0131lmas\u0131n\u0131 istiyoruz. \u00c7e\u015fmealt\u0131&#8217;nda yap\u0131laca\u011f\u0131na, G\u00fclbah\u00e7e ile Bal\u0131kl\u0131ova aras\u0131nda bunun iki kat\u0131 kapasitede yap\u0131labilecek bir alan var. Buran\u0131n altyap\u0131s\u0131 tamamlanm\u0131\u015f durumda. Urla&#8217;da \u00f6zellikle kanal altyap\u0131s\u0131, yol altyap\u0131s\u0131, otopark ve sosyal donat\u0131 alanlar\u0131 olu\u015fmu\u015f, yap\u0131la\u015fma tamamlanm\u0131\u015f durumda. \u00c7e\u015fmealt\u0131 zaten yaz aylar\u0131nda \u00e7ok kalabal\u0131k olup ya\u015fanmaz hale gelen, s\u0131k\u0131\u015fan bir b\u00f6lge. Marina ile birlikte daha fazla tahrip edilece\u011fini ve altyap\u0131n\u0131n buna yetersiz oldu\u011funu anlatmaya \u00e7al\u0131\u015f\u0131yoruz. Bal\u0131k\u00e7\u0131 kasabas\u0131 ruhunun bozulaca\u011f\u0131n\u0131; zaten bal\u0131k \u00f6l\u00fclerinin k\u0131y\u0131ya vurdu\u011fu \u0130zmir K\u00f6rfezi&#8217;nde \u00c7e\u015fmealt\u0131 ve \u0130skele K\u00f6rfezi&#8217;nin daha da kirlenece\u011fini, buraya yap\u0131lacak marinan\u0131n k\u00f6rfeze bir han\u00e7er daha saplamak anlam\u0131na geldi\u011fini anlatmaya \u00e7al\u0131\u015f\u0131yoruz. Buradaki halka kulak vermek gerekiyor. Halka ra\u011fmen de\u011fil, halkla birlikte yapmak gerekiyor baz\u0131 \u015feyleri. Verilecek kararlar\u0131n &#8216;yapt\u0131m oldu&#8217; zihniyetiyle de\u011fil, halkla beraber ve buraya uygun \u015fekilde d\u00fczenlenmesi gerekiyor.\u201d<\/p>\n\n\n\n<p><strong>\u201cBir y\u0131l \u00f6nce askeri g\u00fcvenlik a\u00e7\u0131s\u0131ndan \u00f6nemli olan bu alan \u015fimdi mi \u00f6nemsiz hale geldi?\u201d<\/strong><\/p>\n\n\n\n<p>Balkan, marina alan\u0131yla ilgili \u00c7ED s\u00fcrecinde askeriye fakt\u00f6r\u00fcne de dikkat \u00e7ekerek \u201cBir y\u0131l \u00f6nce, \u015eubat 2025&#8217;te buradaki s\u00fcre\u00e7 sonland\u0131r\u0131lm\u0131\u015ft\u0131. Savunma Bakanl\u0131\u011f\u0131, \u0130zmir K\u00f6rfezi i\u00e7in stratejik olarak \u00f6nemli olan, i\u00e7erisinde f\u00fcze rampalar\u0131n\u0131n konu\u015fland\u0131\u011f\u0131 Uzunada&#8217;daki askeri tesisler ve Mente\u015f&#8217;teki askeri yerle\u015fkenin tam k\u0131y\u0131s\u0131nda yap\u0131lacak marinan\u0131n stratejik anlamda sorun olu\u015fturabilece\u011fini belirterek uygun de\u011fildir g\u00f6r\u00fc\u015f\u00fc vermi\u015fti. \u00c7\u00fcnk\u00fc yap\u0131lacak marinan\u0131n hemen yan\u0131nda Yolluca Adas\u0131&#8217;nda lojmanlar var ve Mente\u015f ile Uzunada&#8217;yla ba\u011flant\u0131y\u0131 sa\u011flayan bir r\u0131ht\u0131m yap\u0131ld\u0131. Askeri gemiler buradan hem personel hem de y\u00fck ta\u015f\u0131mac\u0131l\u0131\u011f\u0131 yap\u0131yor. Bir y\u0131l \u00f6nce askeri g\u00fcvenlik a\u00e7\u0131s\u0131ndan \u00f6nemli olan bu alan \u015fimdi mi \u00f6nemsiz hale geldi? Askeri g\u00fcvenlik a\u00e7\u0131s\u0131ndan \u00f6nemli de \u0130zmir K\u00f6rfezi i\u00e7in \u00f6nemli de\u011fil mi? K\u00f6rfezin kirlenmesi \u00f6nemli de\u011fil mi\u201d diye konu\u015ftu.<\/p>\n\n\n\n<p><strong>\u201cHukuki s\u00fcre\u00e7 ba\u015flayacakt\u0131r\u201d<\/strong><\/p>\n\n\n\n<p>Ge\u00e7ti\u011fimiz hafta Urla&#8217;n\u0131n Zeytineli ve Karak\u00f6y mahallelerinde de 20 milyon 294 bin 626 metrekarelik alan\u0131n 2022 y\u0131l\u0131nda K\u00fclt\u00fcr ve Turizm Bakanl\u0131\u011f\u0131&#8217;na \u201cturizm ama\u00e7l\u0131\u201d olarak tahsis edildi\u011fi ve yap\u0131la\u015fmaya a\u00e7\u0131laca\u011f\u0131n\u0131n bildirilmesine ili\u015fkin de konu\u015fan Balkan, \u015fu ifadeleri kulland\u0131:<\/p>\n\n\n\n<p>\u201c\u00c7e\u015fme Turizm Projesi&#8217;yle ilgili ge\u00e7ti\u011fimiz y\u0131llarda bir \u00c7ED s\u00fcreci ba\u015flam\u0131\u015f, davalar a\u00e7\u0131lm\u0131\u015f ve iptal edilmi\u015fti. \u015eimdi tekrar g\u00fcndeme gelmeye ba\u015flad\u0131. Zeytineli ve Karak\u00f6y civar\u0131nda, Urla s\u0131n\u0131r k\u00f6y\u00fc Zeytineli&#8217;den ba\u015flay\u0131p \u00c7e\u015fme Ala\u00e7at\u0131 Liman\u0131&#8217;na kadar giden RES&#8217;lerin oldu\u011fu, Kutlu Akta\u015f Baraj\u0131&#8217;n\u0131n kar\u015f\u0131s\u0131ndaki alanla ilgili turizm projesinin yeniden g\u00fcndeme gelmesi y\u00f6n\u00fcnde bilgiler al\u0131yoruz. Orman alanlar\u0131n\u0131n yat\u0131r\u0131mc\u0131ya teslim edilerek 0.30 emsal turizm konutu olarak planlanmas\u0131na zaten kar\u015f\u0131yd\u0131k, yine hukuki s\u00fcre\u00e7 ba\u015flayacakt\u0131r. \u015eu anda herhangi bir ask\u0131 s\u00fcreci yok. Ama o b\u00f6lgede yap\u0131lacak planlaman\u0131n b\u00fct\u00fcnc\u00fcl olmas\u0131, ekolojik dengenin g\u00f6zetilmesi, k\u0131y\u0131 kullan\u0131m\u0131n\u0131n, do\u011fal ya\u015fam alanlar\u0131n\u0131n ve \u00e7am ormanlar\u0131n\u0131n g\u00f6z \u00f6n\u00fcnde bulundurularak yap\u0131lmas\u0131 gerekiyor. \u00c7ED s\u00fcrecinde tekrar ele alaca\u011f\u0131z. Avukatlar\u0131m\u0131z s\u00fcreci takip ediyor. Urla&#8217;da bir tane bile a\u011fac\u0131n kesilmesine kar\u015f\u0131 m\u00fccadele edece\u011fiz.\u201d<\/p>\n\n\n\n<p><strong>\u201cBunu kabul etmemiz m\u00fcmk\u00fcn de\u011fil\u201d<\/strong><\/p>\n\n\n\n<p>Urla&#8217;da &#8216;rant&#8217; giri\u015fimlerinin artt\u0131\u011f\u0131na dikkat \u00e7eken Balkan, orman alanlarda yap\u0131la\u015fmaya izin vermeyeceklerini belirterek \u015f\u00f6yle konu\u015ftu:<\/p>\n\n\n\n<p>\u201cUrla \u00e7ok talep alan bir b\u00f6lge. Yeni alanlar yaratmak suretiyle hem ekonomik kaynak yaratmak hem de rant sa\u011flamak ad\u0131na baz\u0131 giri\u015fimler oldu\u011funu biliyoruz. Tar\u0131m alanlar\u0131n\u0131 imara a\u00e7mama s\u00f6z\u00fcm\u00fcz var. Urla&#8217;ya ra\u011fmen, burada ya\u015fayan halka ra\u011fmen yap\u0131lacak planlamalar\u0131n oldu bittiye getirilmesini kabul etmiyoruz. Alt\u0131nk\u00f6y&#8217;de kadastral yolun 5 metre oldu\u011fu bir yerde 600 villal\u0131k konut projesi vard\u0131. Ona da kar\u015f\u0131 \u00e7\u0131kt\u0131k ve davay\u0131 kazand\u0131k. \u00c7\u00fcnk\u00fc etraf\u0131 tamamen ormanlarla ve s\u00fcrd\u00fcr\u00fclebilir kontroll\u00fc kullan\u0131m alan\u0131yla \u00e7evriliydi. &#8216;Orman vasf\u0131n\u0131 kaybetti&#8217; ibaresiyle tapusu orman olarak tescilli arazilerin yat\u0131r\u0131ma konu edilmesi yasayla d\u00fczenlenmi\u015f olsa da bu kadar b\u00fcy\u00fck alanlar\u0131n konut alan\u0131na \u00e7evrilmesinin kabul edilmesi m\u00fcmk\u00fcn de\u011fil. Planlama yap\u0131lacaksa b\u00fct\u00fcnc\u00fcl olmal\u0131 ve ekolojik denge g\u00f6zetilerek yap\u0131lmal\u0131. Ormanl\u0131k alanlar\u0131n a\u00e7\u0131lmas\u0131 ise zaten bir facia. Bunu kabul etmemiz m\u00fcmk\u00fcn de\u011fil.\u201d<\/p>\n\n\n\n<p>Kaynak: Anka Haber<br><a href=\"https:\/\/ankahaber.net\/haber\/detay\/urla_belediye_baskani_balkandan_orman_arazilerinde_turizm_yapilasmasina_tepki_urlada_bir_tane_bile_agacin_kesilmesine_karsiyiz_296368\">https:\/\/ankahaber.net\/haber\/detay\/urla_belediye_baskani_balkandan_orman_arazilerinde_turizm_yapilasmasina_tepki_urlada_bir_tane_bile_agacin_kesilmesine_karsiyiz_296368<\/a><br>G\u00f6rsel: Anka Haber<br><a href=\"https:\/\/ankahaber.net\/haber\/detay\/urla_belediye_baskani_balkandan_orman_arazilerinde_turizm_yapilasmasina_tepki_urlada_bir_tane_bile_agacin_kesilmesine_karsiyiz_296368\">https:\/\/ankahaber.net\/haber\/detay\/urla_belediye_baskani_balkandan_orman_arazilerinde_turizm_yapilasmasina_tepki_urlada_bir_tane_bile_agacin_kesilmesine_karsiyiz_296368<\/a><br>Tarih: 4.03.2026 13:47<br><\/p>\n\n\n<div class=\"taxonomy-post_tag wp-block-post-terms\"><span class=\"wp-block-post-terms__prefix\">\ud83d\udccc<\/span><a href=\"https:\/\/spontanedigital.com.tr\/?tag=agac-kesme\" rel=\"tag\">a\u011fa\u00e7 kesme<\/a><span class=\"wp-block-post-terms__separator\">, <\/span><a href=\"https:\/\/spontanedigital.com.tr\/?tag=agacsizlastirma\" rel=\"tag\">a\u011fa\u00e7s\u0131zla\u015ft\u0131rma<\/a><span class=\"wp-block-post-terms__separator\">, <\/span><a href=\"https:\/\/spontanedigital.com.tr\/?tag=cesmealti\" rel=\"tag\">\u00e7e\u015fmealt\u0131<\/a><span class=\"wp-block-post-terms__separator\">, <\/span><a href=\"https:\/\/spontanedigital.com.tr\/?tag=doga\" rel=\"tag\">do\u011fa<\/a><span class=\"wp-block-post-terms__separator\">, <\/span><a href=\"https:\/\/spontanedigital.com.tr\/?tag=dogayi-koruma\" rel=\"tag\">do\u011fay\u0131 koruma<\/a><span class=\"wp-block-post-terms__separator\">, <\/span><a href=\"https:\/\/spontanedigital.com.tr\/?tag=ege\" rel=\"tag\">ege<\/a><span class=\"wp-block-post-terms__separator\">, <\/span><a href=\"https:\/\/spontanedigital.com.tr\/?tag=ege-bolgesi\" rel=\"tag\">ege b\u00f6lgesi<\/a><span class=\"wp-block-post-terms__separator\">, <\/span><a href=\"https:\/\/spontanedigital.com.tr\/?tag=ekolojik-kirim\" rel=\"tag\">ekolojik k\u0131r\u0131m<\/a><span class=\"wp-block-post-terms__separator\">, <\/span><a href=\"https:\/\/spontanedigital.com.tr\/?tag=izmir\" rel=\"tag\">izmir<\/a><span class=\"wp-block-post-terms__separator\">, <\/span><a href=\"https:\/\/spontanedigital.com.tr\/?tag=orman\" rel=\"tag\">orman<\/a><span class=\"wp-block-post-terms__separator\">, <\/span><a href=\"https:\/\/spontanedigital.com.tr\/?tag=orman-arazisi\" rel=\"tag\">orman arazisi<\/a><span class=\"wp-block-post-terms__separator\">, <\/span><a href=\"https:\/\/spontanedigital.com.tr\/?tag=ormanlari-koruma\" rel=\"tag\">ormanlar\u0131 koruma<\/a><span class=\"wp-block-post-terms__separator\">, <\/span><a href=\"https:\/\/spontanedigital.com.tr\/?tag=ormanlik-alan\" rel=\"tag\">ormanl\u0131k alan<\/a><span class=\"wp-block-post-terms__separator\">, <\/span><a href=\"https:\/\/spontanedigital.com.tr\/?tag=ormansizlastirma\" rel=\"tag\">ormans\u0131zla\u015ft\u0131rma<\/a><span class=\"wp-block-post-terms__separator\">, <\/span><a href=\"https:\/\/spontanedigital.com.tr\/?tag=proje\" rel=\"tag\">proje<\/a><span class=\"wp-block-post-terms__separator\">, <\/span><a href=\"https:\/\/spontanedigital.com.tr\/?tag=turist\" rel=\"tag\">turist<\/a><span class=\"wp-block-post-terms__separator\">, <\/span><a href=\"https:\/\/spontanedigital.com.tr\/?tag=turizm\" rel=\"tag\">turizm<\/a><span class=\"wp-block-post-terms__separator\">, <\/span><a href=\"https:\/\/spontanedigital.com.tr\/?tag=yesil-alanlar\" rel=\"tag\">ye\u015fil alanlar<\/a><span class=\"wp-block-post-terms__separator\">, <\/span><a href=\"https:\/\/spontanedigital.com.tr\/?tag=yesil-vatan\" rel=\"tag\">ye\u015fil vatan<\/a><span class=\"wp-block-post-terms__separator\">, <\/span><a href=\"https:\/\/spontanedigital.com.tr\/?tag=yesili-koruma\" rel=\"tag\">ye\u015fili koruma<\/a><\/div>\n\n\n<p><\/p>\n","protected":false},"excerpt":{"rendered":"<p>Urla Belediye Ba\u015fkan\u0131 Sel\u00e7uk Balkan, Zeytineli-Karak\u00f6y hatt\u0131ndaki ormanl\u0131k arazilerde turizm planlar\u0131na tepki g\u00f6sterdi. Kamusal alanlar\u0131n ranta a\u00e7\u0131lmas\u0131na kar\u015f\u0131 hukuki s\u00fcrecin<\/p>\n","protected":false},"author":2,"featured_media":2216,"comment_status":"open","ping_status":"open","sticky":false,"template":"","format":"standard","meta":{"colormag_page_container_layout":"default_layout","colormag_page_sidebar_layout":"default_layout","_jetpack_memberships_contains_paid_content":false,"footnotes":""},"categories":[19,1,8],"tags":[1069,1067,1071,304,1066,166,796,1068,150,1061,1063,1070,1064,1065,180,75,30,1072,1075,1073],"class_list":["post-2215","post","type-post","status-publish","format-standard","has-post-thumbnail","hentry","category-en-son-eklenen-makaleler","category-genel","category-turizm","tag-agac-kesme","tag-agacsizlastirma","tag-cesmealti","tag-doga","tag-dogayi-koruma","tag-ege","tag-ege-bolgesi","tag-ekolojik-kirim","tag-izmir","tag-orman","tag-orman-arazisi","tag-ormanlari-koruma","tag-ormanlik-alan","tag-ormansizlastirma","tag-proje","tag-turist","tag-turizm","tag-yesil-alanlar","tag-yesil-vatan","tag-yesili-koruma"],"magazineBlocksPostFeaturedMedia":{"thumbnail":"https:\/\/spontanedigital.com.tr\/wp-content\/uploads\/2026\/03\/Ekran-goruntusu-2026-03-04-134013-150x150.png","medium":"https:\/\/spontanedigital.com.tr\/wp-content\/uploads\/2026\/03\/Ekran-goruntusu-2026-03-04-134013-300x169.png","medium_large":"https:\/\/spontanedigital.com.tr\/wp-content\/uploads\/2026\/03\/Ekran-goruntusu-2026-03-04-134013-768x433.png","large":"https:\/\/spontanedigital.com.tr\/wp-content\/uploads\/2026\/03\/Ekran-goruntusu-2026-03-04-134013-1024x577.png","1536x1536":"https:\/\/spontanedigital.com.tr\/wp-content\/uploads\/2026\/03\/Ekran-goruntusu-2026-03-04-134013.png","2048x2048":"https:\/\/spontanedigital.com.tr\/wp-content\/uploads\/2026\/03\/Ekran-goruntusu-2026-03-04-134013.png","ultp_layout_landscape_large":"https:\/\/spontanedigital.com.tr\/wp-content\/uploads\/2026\/03\/Ekran-goruntusu-2026-03-04-134013-1200x680.png","ultp_layout_landscape":"https:\/\/spontanedigital.com.tr\/wp-content\/uploads\/2026\/03\/Ekran-goruntusu-2026-03-04-134013-870x570.png","ultp_layout_portrait":"https:\/\/spontanedigital.com.tr\/wp-content\/uploads\/2026\/03\/Ekran-goruntusu-2026-03-04-134013-600x680.png","ultp_layout_square":"https:\/\/spontanedigital.com.tr\/wp-content\/uploads\/2026\/03\/Ekran-goruntusu-2026-03-04-134013-600x600.png","colormag-highlighted-post":"https:\/\/spontanedigital.com.tr\/wp-content\/uploads\/2026\/03\/Ekran-goruntusu-2026-03-04-134013-392x272.png","colormag-featured-post-medium":"https:\/\/spontanedigital.com.tr\/wp-content\/uploads\/2026\/03\/Ekran-goruntusu-2026-03-04-134013-390x205.png","colormag-featured-post-small":"https:\/\/spontanedigital.com.tr\/wp-content\/uploads\/2026\/03\/Ekran-goruntusu-2026-03-04-134013-130x90.png","colormag-featured-image":"https:\/\/spontanedigital.com.tr\/wp-content\/uploads\/2026\/03\/Ekran-goruntusu-2026-03-04-134013-800x445.png","colormag-default-news":"https:\/\/spontanedigital.com.tr\/wp-content\/uploads\/2026\/03\/Ekran-goruntusu-2026-03-04-134013-150x150.png","colormag-featured-image-large":"https:\/\/spontanedigital.com.tr\/wp-content\/uploads\/2026\/03\/Ekran-goruntusu-2026-03-04-134013-1206x600.png"},"magazineBlocksPostAuthor":{"name":"\u0130smail Y\u0131ld\u0131z","avatar":"https:\/\/spontanedigital.com.tr\/wp-content\/uploads\/2026\/02\/WhatsApp-Image-2026-02-27-at-13.44.36-150x150.jpeg"},"magazineBlocksPostCommentsNumber":"0","magazineBlocksPostExcerpt":"Urla Belediye Ba\u015fkan\u0131 Sel\u00e7uk Balkan, Zeytineli-Karak\u00f6y hatt\u0131ndaki ormanl\u0131k arazilerde turizm planlar\u0131na tepki g\u00f6sterdi. Kamusal alanlar\u0131n ranta a\u00e7\u0131lmas\u0131na kar\u015f\u0131 hukuki s\u00fcrecin","magazineBlocksPostCategories":["En Son Eklenen Makaleler","Genel","Turizm"],"magazineBlocksPostViewCount":80,"magazineBlocksPostReadTime":6,"magazine_blocks_featured_image_url":{"full":["https:\/\/spontanedigital.com.tr\/wp-content\/uploads\/2026\/03\/Ekran-goruntusu-2026-03-04-134013.png",1206,680,false],"medium":["https:\/\/spontanedigital.com.tr\/wp-content\/uploads\/2026\/03\/Ekran-goruntusu-2026-03-04-134013-300x169.png",300,169,true],"thumbnail":["https:\/\/spontanedigital.com.tr\/wp-content\/uploads\/2026\/03\/Ekran-goruntusu-2026-03-04-134013-150x150.png",150,150,true]},"magazine_blocks_author":{"display_name":"\u0130smail Y\u0131ld\u0131z","author_link":"https:\/\/spontanedigital.com.tr\/?author=2"},"magazine_blocks_comment":4,"magazine_blocks_author_image":"https:\/\/spontanedigital.com.tr\/wp-content\/uploads\/2026\/02\/WhatsApp-Image-2026-02-27-at-13.44.36-150x150.jpeg","magazine_blocks_category":"<a href=\"#\" class=\"category-link category-link-19\">En Son Eklenen Makaleler<\/a> <a href=\"#\" class=\"category-link category-link-1\">Genel<\/a> <a href=\"#\" class=\"category-link category-link-8\">Turizm<\/a>","yoast_head":"<!-- This site is optimized with the Yoast SEO plugin v27.5 - https:\/\/yoast.com\/product\/yoast-seo-wordpress\/ -->\n<title>Urla Belediye Ba\u015fkan\u0131 Balkan, Orman Arazilerinde Turizm Yap\u0131la\u015fmas\u0131na Tepki G\u00f6sterdi! &#8211; Spontane Digital<\/title>\n<meta name=\"robots\" content=\"index, follow, max-snippet:-1, max-image-preview:large, max-video-preview:-1\" \/>\n<link rel=\"canonical\" href=\"https:\/\/spontanedigital.com.tr\/?p=2215\" \/>\n<meta property=\"og:locale\" content=\"tr_TR\" \/>\n<meta property=\"og:type\" content=\"article\" \/>\n<meta property=\"og:title\" content=\"Urla Belediye Ba\u015fkan\u0131 Balkan, Orman Arazilerinde Turizm Yap\u0131la\u015fmas\u0131na Tepki G\u00f6sterdi! &#8211; Spontane Digital\" \/>\n<meta property=\"og:description\" content=\"Urla Belediye Ba\u015fkan\u0131 Sel\u00e7uk Balkan, Zeytineli-Karak\u00f6y hatt\u0131ndaki ormanl\u0131k arazilerde turizm planlar\u0131na tepki g\u00f6sterdi. Kamusal alanlar\u0131n ranta a\u00e7\u0131lmas\u0131na kar\u015f\u0131 hukuki s\u00fcrecin\" \/>\n<meta property=\"og:url\" content=\"https:\/\/spontanedigital.com.tr\/?p=2215\" \/>\n<meta property=\"og:site_name\" content=\"Spontane Digital\" \/>\n<meta property=\"article:published_time\" content=\"2026-03-04T10:54:57+00:00\" \/>\n<meta property=\"article:modified_time\" content=\"2026-03-04T10:54:59+00:00\" \/>\n<meta property=\"og:image\" content=\"https:\/\/spontanedigital.com.tr\/wp-content\/uploads\/2026\/03\/Ekran-goruntusu-2026-03-04-134013.png\" \/>\n\t<meta property=\"og:image:width\" content=\"1206\" \/>\n\t<meta property=\"og:image:height\" content=\"680\" \/>\n\t<meta property=\"og:image:type\" content=\"image\/png\" \/>\n<meta name=\"author\" content=\"\u0130smail Y\u0131ld\u0131z\" \/>\n<meta name=\"twitter:card\" content=\"summary_large_image\" \/>\n<meta name=\"twitter:label1\" content=\"Yazan:\" \/>\n\t<meta name=\"twitter:data1\" content=\"\u0130smail Y\u0131ld\u0131z\" \/>\n\t<meta name=\"twitter:label2\" content=\"Tahmini okuma s\u00fcresi\" \/>\n\t<meta name=\"twitter:data2\" content=\"5 dakika\" \/>\n<script type=\"application\/ld+json\" class=\"yoast-schema-graph\">{\"@context\":\"https:\\\/\\\/schema.org\",\"@graph\":[{\"@type\":\"Article\",\"@id\":\"https:\\\/\\\/spontanedigital.com.tr\\\/?p=2215#article\",\"isPartOf\":{\"@id\":\"https:\\\/\\\/spontanedigital.com.tr\\\/?p=2215\"},\"author\":{\"name\":\"\u0130smail Y\u0131ld\u0131z\",\"@id\":\"https:\\\/\\\/spontanedigital.com.tr\\\/#\\\/schema\\\/person\\\/0fe013d23e14b15cfb52afb8a74dc9ae\"},\"headline\":\"Urla Belediye Ba\u015fkan\u0131 Balkan, Orman Arazilerinde Turizm Yap\u0131la\u015fmas\u0131na Tepki G\u00f6sterdi!\",\"datePublished\":\"2026-03-04T10:54:57+00:00\",\"dateModified\":\"2026-03-04T10:54:59+00:00\",\"mainEntityOfPage\":{\"@id\":\"https:\\\/\\\/spontanedigital.com.tr\\\/?p=2215\"},\"wordCount\":1208,\"commentCount\":0,\"publisher\":{\"@id\":\"https:\\\/\\\/spontanedigital.com.tr\\\/#organization\"},\"image\":{\"@id\":\"https:\\\/\\\/spontanedigital.com.tr\\\/?p=2215#primaryimage\"},\"thumbnailUrl\":\"https:\\\/\\\/spontanedigital.com.tr\\\/wp-content\\\/uploads\\\/2026\\\/03\\\/Ekran-goruntusu-2026-03-04-134013.png\",\"keywords\":[\"a\u011fa\u00e7 kesme\",\"a\u011fa\u00e7s\u0131zla\u015ft\u0131rma\",\"\u00e7e\u015fmealt\u0131\",\"do\u011fa\",\"do\u011fay\u0131 koruma\",\"ege\",\"ege b\u00f6lgesi\",\"ekolojik k\u0131r\u0131m\",\"izmir\",\"orman\",\"orman arazisi\",\"ormanlar\u0131 koruma\",\"ormanl\u0131k alan\",\"ormans\u0131zla\u015ft\u0131rma\",\"proje\",\"turist\",\"turizm\",\"ye\u015fil alanlar\",\"ye\u015fil vatan\",\"ye\u015fili koruma\"],\"articleSection\":{\"0\":\"En Son Eklenen Makaleler\",\"2\":\"Turizm\"},\"inLanguage\":\"tr\",\"potentialAction\":[{\"@type\":\"CommentAction\",\"name\":\"Comment\",\"target\":[\"https:\\\/\\\/spontanedigital.com.tr\\\/?p=2215#respond\"]}]},{\"@type\":\"WebPage\",\"@id\":\"https:\\\/\\\/spontanedigital.com.tr\\\/?p=2215\",\"url\":\"https:\\\/\\\/spontanedigital.com.tr\\\/?p=2215\",\"name\":\"Urla Belediye Ba\u015fkan\u0131 Balkan, Orman Arazilerinde Turizm Yap\u0131la\u015fmas\u0131na Tepki G\u00f6sterdi! &#8211; Spontane Digital\",\"isPartOf\":{\"@id\":\"https:\\\/\\\/spontanedigital.com.tr\\\/#website\"},\"primaryImageOfPage\":{\"@id\":\"https:\\\/\\\/spontanedigital.com.tr\\\/?p=2215#primaryimage\"},\"image\":{\"@id\":\"https:\\\/\\\/spontanedigital.com.tr\\\/?p=2215#primaryimage\"},\"thumbnailUrl\":\"https:\\\/\\\/spontanedigital.com.tr\\\/wp-content\\\/uploads\\\/2026\\\/03\\\/Ekran-goruntusu-2026-03-04-134013.png\",\"datePublished\":\"2026-03-04T10:54:57+00:00\",\"dateModified\":\"2026-03-04T10:54:59+00:00\",\"breadcrumb\":{\"@id\":\"https:\\\/\\\/spontanedigital.com.tr\\\/?p=2215#breadcrumb\"},\"inLanguage\":\"tr\",\"potentialAction\":[{\"@type\":\"ReadAction\",\"target\":[\"https:\\\/\\\/spontanedigital.com.tr\\\/?p=2215\"]}]},{\"@type\":\"ImageObject\",\"inLanguage\":\"tr\",\"@id\":\"https:\\\/\\\/spontanedigital.com.tr\\\/?p=2215#primaryimage\",\"url\":\"https:\\\/\\\/spontanedigital.com.tr\\\/wp-content\\\/uploads\\\/2026\\\/03\\\/Ekran-goruntusu-2026-03-04-134013.png\",\"contentUrl\":\"https:\\\/\\\/spontanedigital.com.tr\\\/wp-content\\\/uploads\\\/2026\\\/03\\\/Ekran-goruntusu-2026-03-04-134013.png\",\"width\":1206,\"height\":680},{\"@type\":\"BreadcrumbList\",\"@id\":\"https:\\\/\\\/spontanedigital.com.tr\\\/?p=2215#breadcrumb\",\"itemListElement\":[{\"@type\":\"ListItem\",\"position\":1,\"name\":\"Anasayfa\",\"item\":\"https:\\\/\\\/spontanedigital.com.tr\\\/\"},{\"@type\":\"ListItem\",\"position\":2,\"name\":\"Urla Belediye Ba\u015fkan\u0131 Balkan, Orman Arazilerinde Turizm Yap\u0131la\u015fmas\u0131na Tepki G\u00f6sterdi!\"}]},{\"@type\":\"WebSite\",\"@id\":\"https:\\\/\\\/spontanedigital.com.tr\\\/#website\",\"url\":\"https:\\\/\\\/spontanedigital.com.tr\\\/\",\"name\":\"Spontane Digital\",\"description\":\"Dijitalde Spontanite\",\"publisher\":{\"@id\":\"https:\\\/\\\/spontanedigital.com.tr\\\/#organization\"},\"potentialAction\":[{\"@type\":\"SearchAction\",\"target\":{\"@type\":\"EntryPoint\",\"urlTemplate\":\"https:\\\/\\\/spontanedigital.com.tr\\\/?s={search_term_string}\"},\"query-input\":{\"@type\":\"PropertyValueSpecification\",\"valueRequired\":true,\"valueName\":\"search_term_string\"}}],\"inLanguage\":\"tr\"},{\"@type\":\"Organization\",\"@id\":\"https:\\\/\\\/spontanedigital.com.tr\\\/#organization\",\"name\":\"Spontane Digital\",\"url\":\"https:\\\/\\\/spontanedigital.com.tr\\\/\",\"logo\":{\"@type\":\"ImageObject\",\"inLanguage\":\"tr\",\"@id\":\"https:\\\/\\\/spontanedigital.com.tr\\\/#\\\/schema\\\/logo\\\/image\\\/\",\"url\":\"https:\\\/\\\/spontanedigital.com.tr\\\/wp-content\\\/uploads\\\/2026\\\/02\\\/Spontane-Beyaz-1.png\",\"contentUrl\":\"https:\\\/\\\/spontanedigital.com.tr\\\/wp-content\\\/uploads\\\/2026\\\/02\\\/Spontane-Beyaz-1.png\",\"width\":1772,\"height\":900,\"caption\":\"Spontane Digital\"},\"image\":{\"@id\":\"https:\\\/\\\/spontanedigital.com.tr\\\/#\\\/schema\\\/logo\\\/image\\\/\"}},{\"@type\":\"Person\",\"@id\":\"https:\\\/\\\/spontanedigital.com.tr\\\/#\\\/schema\\\/person\\\/0fe013d23e14b15cfb52afb8a74dc9ae\",\"name\":\"\u0130smail Y\u0131ld\u0131z\",\"image\":{\"@type\":\"ImageObject\",\"inLanguage\":\"tr\",\"@id\":\"https:\\\/\\\/spontanedigital.com.tr\\\/wp-content\\\/uploads\\\/2026\\\/02\\\/WhatsApp-Image-2026-02-27-at-13.44.36-150x150.jpeg\",\"url\":\"https:\\\/\\\/spontanedigital.com.tr\\\/wp-content\\\/uploads\\\/2026\\\/02\\\/WhatsApp-Image-2026-02-27-at-13.44.36-150x150.jpeg\",\"contentUrl\":\"https:\\\/\\\/spontanedigital.com.tr\\\/wp-content\\\/uploads\\\/2026\\\/02\\\/WhatsApp-Image-2026-02-27-at-13.44.36-150x150.jpeg\",\"caption\":\"\u0130smail Y\u0131ld\u0131z\"},\"description\":\"G\u00fcndelik hayat\u0131n pratik detaylar\u0131ndan yeni ke\u015ffedilecek seyahat rotalar\u0131na kadar geni\u015f bir yelpazede ara\u015ft\u0131rmalar yapan \u0130smail, ya\u015fam\u0131n i\u00e7inden ilham verici i\u00e7erikleri okuyucular\u0131m\u0131zla payla\u015f\u0131yor.\",\"url\":\"https:\\\/\\\/spontanedigital.com.tr\\\/?author=2\"}]}<\/script>\n<!-- \/ Yoast SEO plugin. -->","yoast_head_json":{"title":"Urla Belediye Ba\u015fkan\u0131 Balkan, Orman Arazilerinde Turizm Yap\u0131la\u015fmas\u0131na Tepki G\u00f6sterdi! &#8211; Spontane Digital","robots":{"index":"index","follow":"follow","max-snippet":"max-snippet:-1","max-image-preview":"max-image-preview:large","max-video-preview":"max-video-preview:-1"},"canonical":"https:\/\/spontanedigital.com.tr\/?p=2215","og_locale":"tr_TR","og_type":"article","og_title":"Urla Belediye Ba\u015fkan\u0131 Balkan, Orman Arazilerinde Turizm Yap\u0131la\u015fmas\u0131na Tepki G\u00f6sterdi! &#8211; Spontane Digital","og_description":"Urla Belediye Ba\u015fkan\u0131 Sel\u00e7uk Balkan, Zeytineli-Karak\u00f6y hatt\u0131ndaki ormanl\u0131k arazilerde turizm planlar\u0131na tepki g\u00f6sterdi. Kamusal alanlar\u0131n ranta a\u00e7\u0131lmas\u0131na kar\u015f\u0131 hukuki s\u00fcrecin","og_url":"https:\/\/spontanedigital.com.tr\/?p=2215","og_site_name":"Spontane Digital","article_published_time":"2026-03-04T10:54:57+00:00","article_modified_time":"2026-03-04T10:54:59+00:00","og_image":[{"width":1206,"height":680,"url":"https:\/\/spontanedigital.com.tr\/wp-content\/uploads\/2026\/03\/Ekran-goruntusu-2026-03-04-134013.png","type":"image\/png"}],"author":"\u0130smail Y\u0131ld\u0131z","twitter_card":"summary_large_image","twitter_misc":{"Yazan:":"\u0130smail Y\u0131ld\u0131z","Tahmini okuma s\u00fcresi":"5 dakika"},"schema":{"@context":"https:\/\/schema.org","@graph":[{"@type":"Article","@id":"https:\/\/spontanedigital.com.tr\/?p=2215#article","isPartOf":{"@id":"https:\/\/spontanedigital.com.tr\/?p=2215"},"author":{"name":"\u0130smail Y\u0131ld\u0131z","@id":"https:\/\/spontanedigital.com.tr\/#\/schema\/person\/0fe013d23e14b15cfb52afb8a74dc9ae"},"headline":"Urla Belediye Ba\u015fkan\u0131 Balkan, Orman Arazilerinde Turizm Yap\u0131la\u015fmas\u0131na Tepki G\u00f6sterdi!","datePublished":"2026-03-04T10:54:57+00:00","dateModified":"2026-03-04T10:54:59+00:00","mainEntityOfPage":{"@id":"https:\/\/spontanedigital.com.tr\/?p=2215"},"wordCount":1208,"commentCount":0,"publisher":{"@id":"https:\/\/spontanedigital.com.tr\/#organization"},"image":{"@id":"https:\/\/spontanedigital.com.tr\/?p=2215#primaryimage"},"thumbnailUrl":"https:\/\/spontanedigital.com.tr\/wp-content\/uploads\/2026\/03\/Ekran-goruntusu-2026-03-04-134013.png","keywords":["a\u011fa\u00e7 kesme","a\u011fa\u00e7s\u0131zla\u015ft\u0131rma","\u00e7e\u015fmealt\u0131","do\u011fa","do\u011fay\u0131 koruma","ege","ege b\u00f6lgesi","ekolojik k\u0131r\u0131m","izmir","orman","orman arazisi","ormanlar\u0131 koruma","ormanl\u0131k alan","ormans\u0131zla\u015ft\u0131rma","proje","turist","turizm","ye\u015fil alanlar","ye\u015fil vatan","ye\u015fili koruma"],"articleSection":{"0":"En Son Eklenen Makaleler","2":"Turizm"},"inLanguage":"tr","potentialAction":[{"@type":"CommentAction","name":"Comment","target":["https:\/\/spontanedigital.com.tr\/?p=2215#respond"]}]},{"@type":"WebPage","@id":"https:\/\/spontanedigital.com.tr\/?p=2215","url":"https:\/\/spontanedigital.com.tr\/?p=2215","name":"Urla Belediye Ba\u015fkan\u0131 Balkan, Orman Arazilerinde Turizm Yap\u0131la\u015fmas\u0131na Tepki G\u00f6sterdi! &#8211; Spontane Digital","isPartOf":{"@id":"https:\/\/spontanedigital.com.tr\/#website"},"primaryImageOfPage":{"@id":"https:\/\/spontanedigital.com.tr\/?p=2215#primaryimage"},"image":{"@id":"https:\/\/spontanedigital.com.tr\/?p=2215#primaryimage"},"thumbnailUrl":"https:\/\/spontanedigital.com.tr\/wp-content\/uploads\/2026\/03\/Ekran-goruntusu-2026-03-04-134013.png","datePublished":"2026-03-04T10:54:57+00:00","dateModified":"2026-03-04T10:54:59+00:00","breadcrumb":{"@id":"https:\/\/spontanedigital.com.tr\/?p=2215#breadcrumb"},"inLanguage":"tr","potentialAction":[{"@type":"ReadAction","target":["https:\/\/spontanedigital.com.tr\/?p=2215"]}]},{"@type":"ImageObject","inLanguage":"tr","@id":"https:\/\/spontanedigital.com.tr\/?p=2215#primaryimage","url":"https:\/\/spontanedigital.com.tr\/wp-content\/uploads\/2026\/03\/Ekran-goruntusu-2026-03-04-134013.png","contentUrl":"https:\/\/spontanedigital.com.tr\/wp-content\/uploads\/2026\/03\/Ekran-goruntusu-2026-03-04-134013.png","width":1206,"height":680},{"@type":"BreadcrumbList","@id":"https:\/\/spontanedigital.com.tr\/?p=2215#breadcrumb","itemListElement":[{"@type":"ListItem","position":1,"name":"Anasayfa","item":"https:\/\/spontanedigital.com.tr\/"},{"@type":"ListItem","position":2,"name":"Urla Belediye Ba\u015fkan\u0131 Balkan, Orman Arazilerinde Turizm Yap\u0131la\u015fmas\u0131na Tepki G\u00f6sterdi!"}]},{"@type":"WebSite","@id":"https:\/\/spontanedigital.com.tr\/#website","url":"https:\/\/spontanedigital.com.tr\/","name":"Spontane Digital","description":"Dijitalde Spontanite","publisher":{"@id":"https:\/\/spontanedigital.com.tr\/#organization"},"potentialAction":[{"@type":"SearchAction","target":{"@type":"EntryPoint","urlTemplate":"https:\/\/spontanedigital.com.tr\/?s={search_term_string}"},"query-input":{"@type":"PropertyValueSpecification","valueRequired":true,"valueName":"search_term_string"}}],"inLanguage":"tr"},{"@type":"Organization","@id":"https:\/\/spontanedigital.com.tr\/#organization","name":"Spontane Digital","url":"https:\/\/spontanedigital.com.tr\/","logo":{"@type":"ImageObject","inLanguage":"tr","@id":"https:\/\/spontanedigital.com.tr\/#\/schema\/logo\/image\/","url":"https:\/\/spontanedigital.com.tr\/wp-content\/uploads\/2026\/02\/Spontane-Beyaz-1.png","contentUrl":"https:\/\/spontanedigital.com.tr\/wp-content\/uploads\/2026\/02\/Spontane-Beyaz-1.png","width":1772,"height":900,"caption":"Spontane Digital"},"image":{"@id":"https:\/\/spontanedigital.com.tr\/#\/schema\/logo\/image\/"}},{"@type":"Person","@id":"https:\/\/spontanedigital.com.tr\/#\/schema\/person\/0fe013d23e14b15cfb52afb8a74dc9ae","name":"\u0130smail Y\u0131ld\u0131z","image":{"@type":"ImageObject","inLanguage":"tr","@id":"https:\/\/spontanedigital.com.tr\/wp-content\/uploads\/2026\/02\/WhatsApp-Image-2026-02-27-at-13.44.36-150x150.jpeg","url":"https:\/\/spontanedigital.com.tr\/wp-content\/uploads\/2026\/02\/WhatsApp-Image-2026-02-27-at-13.44.36-150x150.jpeg","contentUrl":"https:\/\/spontanedigital.com.tr\/wp-content\/uploads\/2026\/02\/WhatsApp-Image-2026-02-27-at-13.44.36-150x150.jpeg","caption":"\u0130smail Y\u0131ld\u0131z"},"description":"G\u00fcndelik hayat\u0131n pratik detaylar\u0131ndan yeni ke\u015ffedilecek seyahat rotalar\u0131na kadar geni\u015f bir yelpazede ara\u015ft\u0131rmalar yapan \u0130smail, ya\u015fam\u0131n i\u00e7inden ilham verici i\u00e7erikleri okuyucular\u0131m\u0131zla payla\u015f\u0131yor.","url":"https:\/\/spontanedigital.com.tr\/?author=2"}]}},"featured_image_urls":{"full":["https:\/\/spontanedigital.com.tr\/wp-content\/uploads\/2026\/03\/Ekran-goruntusu-2026-03-04-134013.png",1206,680,false],"thumbnail":["https:\/\/spontanedigital.com.tr\/wp-content\/uploads\/2026\/03\/Ekran-goruntusu-2026-03-04-134013-150x150.png",150,150,true],"medium":["https:\/\/spontanedigital.com.tr\/wp-content\/uploads\/2026\/03\/Ekran-goruntusu-2026-03-04-134013-300x169.png",300,169,true],"medium_large":["https:\/\/spontanedigital.com.tr\/wp-content\/uploads\/2026\/03\/Ekran-goruntusu-2026-03-04-134013-768x433.png",768,433,true],"large":["https:\/\/spontanedigital.com.tr\/wp-content\/uploads\/2026\/03\/Ekran-goruntusu-2026-03-04-134013-1024x577.png",800,451,true],"1536x1536":["https:\/\/spontanedigital.com.tr\/wp-content\/uploads\/2026\/03\/Ekran-goruntusu-2026-03-04-134013.png",1206,680,false],"2048x2048":["https:\/\/spontanedigital.com.tr\/wp-content\/uploads\/2026\/03\/Ekran-goruntusu-2026-03-04-134013.png",1206,680,false],"ultp_layout_landscape_large":["https:\/\/spontanedigital.com.tr\/wp-content\/uploads\/2026\/03\/Ekran-goruntusu-2026-03-04-134013-1200x680.png",1200,680,true],"ultp_layout_landscape":["https:\/\/spontanedigital.com.tr\/wp-content\/uploads\/2026\/03\/Ekran-goruntusu-2026-03-04-134013-870x570.png",870,570,true],"ultp_layout_portrait":["https:\/\/spontanedigital.com.tr\/wp-content\/uploads\/2026\/03\/Ekran-goruntusu-2026-03-04-134013-600x680.png",600,680,true],"ultp_layout_square":["https:\/\/spontanedigital.com.tr\/wp-content\/uploads\/2026\/03\/Ekran-goruntusu-2026-03-04-134013-600x600.png",600,600,true],"colormag-highlighted-post":["https:\/\/spontanedigital.com.tr\/wp-content\/uploads\/2026\/03\/Ekran-goruntusu-2026-03-04-134013-392x272.png",392,272,true],"colormag-featured-post-medium":["https:\/\/spontanedigital.com.tr\/wp-content\/uploads\/2026\/03\/Ekran-goruntusu-2026-03-04-134013-390x205.png",390,205,true],"colormag-featured-post-small":["https:\/\/spontanedigital.com.tr\/wp-content\/uploads\/2026\/03\/Ekran-goruntusu-2026-03-04-134013-130x90.png",130,90,true],"colormag-featured-image":["https:\/\/spontanedigital.com.tr\/wp-content\/uploads\/2026\/03\/Ekran-goruntusu-2026-03-04-134013-800x445.png",800,445,true],"colormag-default-news":["https:\/\/spontanedigital.com.tr\/wp-content\/uploads\/2026\/03\/Ekran-goruntusu-2026-03-04-134013-150x150.png",150,150,true],"colormag-featured-image-large":["https:\/\/spontanedigital.com.tr\/wp-content\/uploads\/2026\/03\/Ekran-goruntusu-2026-03-04-134013-1206x600.png",1206,600,true]},"author_info":{"info":["\u0130smail Y\u0131ld\u0131z"]},"category_info":"<a href=\"https:\/\/spontanedigital.com.tr\/?cat=19\" rel=\"category\">En Son Eklenen Makaleler<\/a> <a href=\"https:\/\/spontanedigital.com.tr\/?cat=1\" rel=\"category\">Genel<\/a> <a href=\"https:\/\/spontanedigital.com.tr\/?cat=8\" rel=\"category\">Turizm<\/a>","tag_info":"Turizm","comment_count":"0","jetpack_featured_media_url":"https:\/\/spontanedigital.com.tr\/wp-content\/uploads\/2026\/03\/Ekran-goruntusu-2026-03-04-134013.png","jetpack_sharing_enabled":true,"_links":{"self":[{"href":"https:\/\/spontanedigital.com.tr\/index.php?rest_route=\/wp\/v2\/posts\/2215","targetHints":{"allow":["GET"]}}],"collection":[{"href":"https:\/\/spontanedigital.com.tr\/index.php?rest_route=\/wp\/v2\/posts"}],"about":[{"href":"https:\/\/spontanedigital.com.tr\/index.php?rest_route=\/wp\/v2\/types\/post"}],"author":[{"embeddable":true,"href":"https:\/\/spontanedigital.com.tr\/index.php?rest_route=\/wp\/v2\/users\/2"}],"replies":[{"embeddable":true,"href":"https:\/\/spontanedigital.com.tr\/index.php?rest_route=%2Fwp%2Fv2%2Fcomments&post=2215"}],"version-history":[{"count":1,"href":"https:\/\/spontanedigital.com.tr\/index.php?rest_route=\/wp\/v2\/posts\/2215\/revisions"}],"predecessor-version":[{"id":2217,"href":"https:\/\/spontanedigital.com.tr\/index.php?rest_route=\/wp\/v2\/posts\/2215\/revisions\/2217"}],"wp:featuredmedia":[{"embeddable":true,"href":"https:\/\/spontanedigital.com.tr\/index.php?rest_route=\/wp\/v2\/media\/2216"}],"wp:attachment":[{"href":"https:\/\/spontanedigital.com.tr\/index.php?rest_route=%2Fwp%2Fv2%2Fmedia&parent=2215"}],"wp:term":[{"taxonomy":"category","embeddable":true,"href":"https:\/\/spontanedigital.com.tr\/index.php?rest_route=%2Fwp%2Fv2%2Fcategories&post=2215"},{"taxonomy":"post_tag","embeddable":true,"href":"https:\/\/spontanedigital.com.tr\/index.php?rest_route=%2Fwp%2Fv2%2Ftags&post=2215"}],"curies":[{"name":"wp","href":"https:\/\/api.w.org\/{rel}","templated":true}]}}