{"id":3267,"date":"2026-03-09T15:39:44","date_gmt":"2026-03-09T12:39:44","guid":{"rendered":"https:\/\/spontanedigital.com.tr\/?p=3267"},"modified":"2026-03-09T15:39:46","modified_gmt":"2026-03-09T12:39:46","slug":"turkiye-romanya-milli-maci-ne-zaman-milli-ara-olacak-mi","status":"publish","type":"post","link":"https:\/\/spontanedigital.com.tr\/?p=3267","title":{"rendered":"T\u00fcrkiye &#8211; Romanya milli ma\u00e7\u0131 Ne zaman? Milli ara Olacak M\u0131?"},"content":{"rendered":"\n<p>A Milli Futbol Tak\u0131m\u0131, 2026 FIFA D\u00fcnya Kupas\u0131 Avrupa Elemeleri Play-Off Yar\u0131 Finali&#8217;nde Romanya ile kritik bir m\u00fccadeleye \u00e7\u0131kacak. Futbolseverlerin merakla bekledi\u011fi milli ara ve ma\u00e7 detaylar\u0131 belli oldu. 2026 FIFA D\u00fcnya Kupas\u0131 Avrupa Elemeleri play-off turunda kader an\u0131 yakla\u015f\u0131rken, A Milli Futbol Tak\u0131m\u0131m\u0131z\u0131n yar\u0131 finaldeki rakibi Romanya ile oynayaca\u011f\u0131 dev ma\u00e7 b\u00fcy\u00fck \u00f6nem ta\u015f\u0131yor. Ay-y\u0131ld\u0131zl\u0131 ekibimizin \u0130stanbul&#8217;da taraftar deste\u011fiyle \u00e7\u0131kaca\u011f\u0131 bu tek ma\u00e7l\u0131k eleme m\u00fcsabakas\u0131, turnuvaya kat\u0131l\u0131m yolunda hayati bir e\u015fik olarak spor kamuoyunun oda\u011f\u0131na yerle\u015fti. Peki, T\u00fcrkiye \u2013 Romanya play-off ma\u00e7\u0131 ne zaman oynanacak, hangi kanalda, saat ka\u00e7ta?<\/p>\n\n\n\n<p>D\u00fcnya Kupas\u0131 hasretine son vermek isteyen A Milli Futbol Tak\u0131m\u0131m\u0131z, Play-Off C Yolu yar\u0131 finalinde Romanya ile kozlar\u0131n\u0131 payla\u015facak. Be\u015fikta\u015f Park&#8217;\u0131n ev sahipli\u011fi yapaca\u011f\u0131 ma\u00e7 D\u00fcnya Kupas\u0131\u2019na kat\u0131l\u0131m a\u00e7\u0131s\u0131ndan bir hayli \u00f6nem ta\u015f\u0131yor. Millilerimizin, tek ma\u00e7 usul\u00fcne g\u00f6re oynanacak bu kar\u015f\u0131la\u015fmadan mutlak galibiyetle ayr\u0131lmas\u0131 gerekiyor. Peki, Milli ma\u00e7 ne zaman? T\u00fcrkiye \u2013 Romanya play-off ma\u00e7\u0131 ne zaman oynanacak, hangi kanalda, saat ka\u00e7ta?<\/p>\n\n\n\n<figure class=\"wp-block-image size-full\"><img loading=\"lazy\" decoding=\"async\" width=\"750\" height=\"422\" src=\"https:\/\/spontanedigital.com.tr\/wp-content\/uploads\/2026\/03\/6989c31f2a72d5ba9c7e53dc.webp\" alt=\"\" class=\"wp-image-3269\" srcset=\"https:\/\/spontanedigital.com.tr\/wp-content\/uploads\/2026\/03\/6989c31f2a72d5ba9c7e53dc.webp 750w, https:\/\/spontanedigital.com.tr\/wp-content\/uploads\/2026\/03\/6989c31f2a72d5ba9c7e53dc-300x169.webp 300w\" sizes=\"auto, (max-width: 750px) 100vw, 750px\" \/><\/figure>\n\n\n\n<h2 class=\"wp-block-heading\">T\u00dcRK\u0130YE \u2013 ROMANYA M\u0130LL\u0130 MA\u00c7I NE ZAMAN?<\/h2>\n\n\n\n<p>A Milli Futbol Tak\u0131m\u0131m\u0131z 2026 FIFA D\u00fcnya Kupas\u0131 Elemeleri play-off turu yar\u0131 finalinde Romanya ile kendi sahas\u0131nda kar\u015f\u0131la\u015facak. T\u00fcrkiye Romanya ma\u00e7\u0131 \u0130stanbul&#8217;da oynayacak. Be\u015fikta\u015f Park&#8217;\u0131n ev sahipli\u011fi yapaca\u011f\u0131 ma\u00e7, 26 Mart 2026 Per\u015fembe g\u00fcn\u00fc saat 20.00&#8217;de ba\u015flayacak.<\/p>\n\n\n\n<figure class=\"wp-block-image size-full\"><img loading=\"lazy\" decoding=\"async\" width=\"750\" height=\"422\" src=\"https:\/\/spontanedigital.com.tr\/wp-content\/uploads\/2026\/03\/6989c31f2a72d5ba9c7e53df.webp\" alt=\"\" class=\"wp-image-3270\" srcset=\"https:\/\/spontanedigital.com.tr\/wp-content\/uploads\/2026\/03\/6989c31f2a72d5ba9c7e53df.webp 750w, https:\/\/spontanedigital.com.tr\/wp-content\/uploads\/2026\/03\/6989c31f2a72d5ba9c7e53df-300x169.webp 300w\" sizes=\"auto, (max-width: 750px) 100vw, 750px\" \/><\/figure>\n\n\n\n<h2 class=\"wp-block-heading\">T\u00dcRK\u0130YE \u2013 ROMANYA MA\u00c7I HANG\u0130 KANALDA YAYINLANACAK?<\/h2>\n\n\n\n<p>T\u00fcrkiye \u2013 Romanya ma\u00e7\u0131n\u0131n TRT 1 ekranlar\u0131ndan yay\u0131nlanmas\u0131 bekleniyor.<\/p>\n\n\n\n<figure class=\"wp-block-image size-full\"><img loading=\"lazy\" decoding=\"async\" width=\"750\" height=\"422\" src=\"https:\/\/spontanedigital.com.tr\/wp-content\/uploads\/2026\/03\/6989c33a2a72d5ba9c7e53ee.webp\" alt=\"\" class=\"wp-image-3271\" srcset=\"https:\/\/spontanedigital.com.tr\/wp-content\/uploads\/2026\/03\/6989c33a2a72d5ba9c7e53ee.webp 750w, https:\/\/spontanedigital.com.tr\/wp-content\/uploads\/2026\/03\/6989c33a2a72d5ba9c7e53ee-300x169.webp 300w\" sizes=\"auto, (max-width: 750px) 100vw, 750px\" \/><\/figure>\n\n\n\n<h2 class=\"wp-block-heading\">M\u0130LL\u0130 ARA NE ZAMAN?<\/h2>\n\n\n\n<p>Milli ara 16 Mart- 3 Nisan tarihleri aras\u0131nda ger\u00e7ekle\u015fecek. 2026 FIFA D\u00fcnya Kupas\u0131 Avrupa Elemeleri kapsam\u0131nda milli ma\u00e7lar belirli aral\u0131klarla oynanacak. Gruplardaki son iki ma\u00e7\u0131n Kas\u0131m ay\u0131nda yap\u0131laca\u011f\u0131 belirtilirken, 2026 D\u00fcnya Kupas\u0131 Elemeleri&#8217;nin Mart 2025&#8217;te ba\u015flay\u0131p Eyl\u00fcl 2025&#8217;te devam edece\u011fi bilgisi payla\u015f\u0131ld\u0131.<\/p>\n\n\n\n<p>Kaynak: <a href=\"https:\/\/www.hurriyet.com.tr\/sporarena\/galeri-milli-ara-ne-zaman-turkiye-romanya-milli-maci-ne-zaman-oynanacak-43124913\/4\" type=\"link\" id=\"https:\/\/www.hurriyet.com.tr\/sporarena\/galeri-milli-ara-ne-zaman-turkiye-romanya-milli-maci-ne-zaman-oynanacak-43124913\/4\">https:\/\/www.hurriyet.com.tr\/sporarena\/galeri-milli-ara-ne-zaman-turkiye-romanya-milli-maci-ne-zaman-oynanacak-43124913\/4<\/a><\/p>\n\n\n\n<p>Yay\u0131nlama Tarihi: 09.03.2026  Saati: 15:40<\/p>\n\n\n<div class=\"taxonomy-post_tag wp-block-post-terms\"><a href=\"https:\/\/spontanedigital.com.tr\/?tag=a-milli-takim\" rel=\"tag\">a milli tak\u0131m<\/a><span class=\"wp-block-post-terms__separator\">, <\/span><a href=\"https:\/\/spontanedigital.com.tr\/?tag=milli-ara-ne-zaman\" rel=\"tag\">milli ara ne zaman?<\/a><span class=\"wp-block-post-terms__separator\">, <\/span><a href=\"https:\/\/spontanedigital.com.tr\/?tag=romanya\" rel=\"tag\">romanya<\/a><span class=\"wp-block-post-terms__separator\">, <\/span><a href=\"https:\/\/spontanedigital.com.tr\/?tag=turkiye\" rel=\"tag\">t\u00fcrkiye<\/a><\/div>\n\n\n<p><\/p>\n","protected":false},"excerpt":{"rendered":"<p>A Milli Futbol Tak\u0131m\u0131, 2026 FIFA D\u00fcnya Kupas\u0131 Avrupa Elemeleri Play-Off Yar\u0131 Finali&#8217;nde Romanya ile kritik bir m\u00fccadeleye \u00e7\u0131kacak. Futbolseverlerin<\/p>\n","protected":false},"author":3,"featured_media":3268,"comment_status":"open","ping_status":"open","sticky":false,"template":"","format":"standard","meta":{"colormag_page_container_layout":"default_layout","colormag_page_sidebar_layout":"default_layout","_jetpack_memberships_contains_paid_content":false,"footnotes":""},"categories":[17,19,1,6],"tags":[1869,1871,1870,463],"class_list":["post-3267","post","type-post","status-publish","format-standard","has-post-thumbnail","hentry","category-editorun-secimi","category-en-son-eklenen-makaleler","category-genel","category-spor","tag-a-milli-takim","tag-milli-ara-ne-zaman","tag-romanya","tag-turkiye"],"magazineBlocksPostFeaturedMedia":{"thumbnail":"https:\/\/spontanedigital.com.tr\/wp-content\/uploads\/2026\/03\/6989c30f2a72d5ba9c7e53da-150x150.webp","medium":"https:\/\/spontanedigital.com.tr\/wp-content\/uploads\/2026\/03\/6989c30f2a72d5ba9c7e53da-300x169.webp","medium_large":"https:\/\/spontanedigital.com.tr\/wp-content\/uploads\/2026\/03\/6989c30f2a72d5ba9c7e53da.webp","large":"https:\/\/spontanedigital.com.tr\/wp-content\/uploads\/2026\/03\/6989c30f2a72d5ba9c7e53da.webp","1536x1536":"https:\/\/spontanedigital.com.tr\/wp-content\/uploads\/2026\/03\/6989c30f2a72d5ba9c7e53da.webp","2048x2048":"https:\/\/spontanedigital.com.tr\/wp-content\/uploads\/2026\/03\/6989c30f2a72d5ba9c7e53da.webp","ultp_layout_landscape_large":"https:\/\/spontanedigital.com.tr\/wp-content\/uploads\/2026\/03\/6989c30f2a72d5ba9c7e53da.webp","ultp_layout_landscape":"https:\/\/spontanedigital.com.tr\/wp-content\/uploads\/2026\/03\/6989c30f2a72d5ba9c7e53da.webp","ultp_layout_portrait":"https:\/\/spontanedigital.com.tr\/wp-content\/uploads\/2026\/03\/6989c30f2a72d5ba9c7e53da-600x422.webp","ultp_layout_square":"https:\/\/spontanedigital.com.tr\/wp-content\/uploads\/2026\/03\/6989c30f2a72d5ba9c7e53da-600x422.webp","colormag-highlighted-post":"https:\/\/spontanedigital.com.tr\/wp-content\/uploads\/2026\/03\/6989c30f2a72d5ba9c7e53da-392x272.webp","colormag-featured-post-medium":"https:\/\/spontanedigital.com.tr\/wp-content\/uploads\/2026\/03\/6989c30f2a72d5ba9c7e53da-390x205.webp","colormag-featured-post-small":"https:\/\/spontanedigital.com.tr\/wp-content\/uploads\/2026\/03\/6989c30f2a72d5ba9c7e53da-130x90.webp","colormag-featured-image":"https:\/\/spontanedigital.com.tr\/wp-content\/uploads\/2026\/03\/6989c30f2a72d5ba9c7e53da.webp","colormag-default-news":"https:\/\/spontanedigital.com.tr\/wp-content\/uploads\/2026\/03\/6989c30f2a72d5ba9c7e53da-150x150.webp","colormag-featured-image-large":"https:\/\/spontanedigital.com.tr\/wp-content\/uploads\/2026\/03\/6989c30f2a72d5ba9c7e53da.webp"},"magazineBlocksPostAuthor":{"name":"Fevzi Can \u015e\u0131\u011fva","avatar":"https:\/\/spontanedigital.com.tr\/wp-content\/uploads\/2026\/02\/WhatsApp-Image-2026-02-27-at-13.44.37-150x150.jpeg"},"magazineBlocksPostCommentsNumber":"0","magazineBlocksPostExcerpt":"A Milli Futbol Tak\u0131m\u0131, 2026 FIFA D\u00fcnya Kupas\u0131 Avrupa Elemeleri Play-Off Yar\u0131 Finali&#8217;nde Romanya ile kritik bir m\u00fccadeleye \u00e7\u0131kacak. Futbolseverlerin","magazineBlocksPostCategories":["Edit\u00f6r\u00fcn Se\u00e7imi","En Son Eklenen Makaleler","Genel","Spor"],"magazineBlocksPostViewCount":39,"magazineBlocksPostReadTime":2,"magazine_blocks_featured_image_url":{"full":["https:\/\/spontanedigital.com.tr\/wp-content\/uploads\/2026\/03\/6989c30f2a72d5ba9c7e53da.webp",750,422,false],"medium":["https:\/\/spontanedigital.com.tr\/wp-content\/uploads\/2026\/03\/6989c30f2a72d5ba9c7e53da-300x169.webp",300,169,true],"thumbnail":["https:\/\/spontanedigital.com.tr\/wp-content\/uploads\/2026\/03\/6989c30f2a72d5ba9c7e53da-150x150.webp",150,150,true]},"magazine_blocks_author":{"display_name":"Fevzi Can \u015e\u0131\u011fva","author_link":"https:\/\/spontanedigital.com.tr\/?author=3"},"magazine_blocks_comment":1,"magazine_blocks_author_image":"https:\/\/spontanedigital.com.tr\/wp-content\/uploads\/2026\/02\/WhatsApp-Image-2026-02-27-at-13.44.37-150x150.jpeg","magazine_blocks_category":"<a href=\"#\" class=\"category-link category-link-17\">Edit\u00f6r\u00fcn Se\u00e7imi<\/a> <a href=\"#\" class=\"category-link category-link-19\">En Son Eklenen Makaleler<\/a> <a href=\"#\" class=\"category-link category-link-1\">Genel<\/a> <a href=\"#\" class=\"category-link category-link-6\">Spor<\/a>","yoast_head":"<!-- This site is optimized with the Yoast SEO plugin v27.5 - https:\/\/yoast.com\/product\/yoast-seo-wordpress\/ -->\n<title>T\u00fcrkiye - Romanya milli ma\u00e7\u0131 Ne zaman? Milli ara Olacak M\u0131? &#8211; Spontane Digital<\/title>\n<meta name=\"description\" content=\"A Milli Futbol Tak\u0131m\u0131m\u0131z 2026 FIFA D\u00fcnya Kupas\u0131 Elemeleri play-off turu yar\u0131 finalinde Romanya ile kendi sahas\u0131nda kar\u015f\u0131la\u015facak.\" \/>\n<meta name=\"robots\" content=\"index, follow, max-snippet:-1, max-image-preview:large, max-video-preview:-1\" \/>\n<link rel=\"canonical\" href=\"https:\/\/spontanedigital.com.tr\/?p=3267\" \/>\n<meta property=\"og:locale\" content=\"tr_TR\" \/>\n<meta property=\"og:type\" content=\"article\" \/>\n<meta property=\"og:title\" content=\"T\u00fcrkiye - Romanya milli ma\u00e7\u0131 Ne zaman? Milli ara Olacak M\u0131? &#8211; Spontane Digital\" \/>\n<meta property=\"og:description\" content=\"A Milli Futbol Tak\u0131m\u0131m\u0131z 2026 FIFA D\u00fcnya Kupas\u0131 Elemeleri play-off turu yar\u0131 finalinde Romanya ile kendi sahas\u0131nda kar\u015f\u0131la\u015facak.\" \/>\n<meta property=\"og:url\" content=\"https:\/\/spontanedigital.com.tr\/?p=3267\" \/>\n<meta property=\"og:site_name\" content=\"Spontane Digital\" \/>\n<meta property=\"article:published_time\" content=\"2026-03-09T12:39:44+00:00\" \/>\n<meta property=\"article:modified_time\" content=\"2026-03-09T12:39:46+00:00\" \/>\n<meta property=\"og:image\" content=\"https:\/\/spontanedigital.com.tr\/wp-content\/uploads\/2026\/03\/6989c30f2a72d5ba9c7e53da.webp\" \/>\n\t<meta property=\"og:image:width\" content=\"750\" \/>\n\t<meta property=\"og:image:height\" content=\"422\" \/>\n\t<meta property=\"og:image:type\" content=\"image\/webp\" \/>\n<meta name=\"author\" content=\"Fevzi Can \u015e\u0131\u011fva\" \/>\n<meta name=\"twitter:card\" content=\"summary_large_image\" \/>\n<meta name=\"twitter:label1\" content=\"Yazan:\" \/>\n\t<meta name=\"twitter:data1\" content=\"Fevzi Can \u015e\u0131\u011fva\" \/>\n\t<meta name=\"twitter:label2\" content=\"Tahmini okuma s\u00fcresi\" \/>\n\t<meta name=\"twitter:data2\" content=\"3 dakika\" \/>\n<script type=\"application\/ld+json\" class=\"yoast-schema-graph\">{\"@context\":\"https:\\\/\\\/schema.org\",\"@graph\":[{\"@type\":\"Article\",\"@id\":\"https:\\\/\\\/spontanedigital.com.tr\\\/?p=3267#article\",\"isPartOf\":{\"@id\":\"https:\\\/\\\/spontanedigital.com.tr\\\/?p=3267\"},\"author\":{\"name\":\"Fevzi Can \u015e\u0131\u011fva\",\"@id\":\"https:\\\/\\\/spontanedigital.com.tr\\\/#\\\/schema\\\/person\\\/3b943e96b188e53110740f11f728ee4f\"},\"headline\":\"T\u00fcrkiye &#8211; Romanya milli ma\u00e7\u0131 Ne zaman? Milli ara Olacak M\u0131?\",\"datePublished\":\"2026-03-09T12:39:44+00:00\",\"dateModified\":\"2026-03-09T12:39:46+00:00\",\"mainEntityOfPage\":{\"@id\":\"https:\\\/\\\/spontanedigital.com.tr\\\/?p=3267\"},\"wordCount\":364,\"commentCount\":0,\"publisher\":{\"@id\":\"https:\\\/\\\/spontanedigital.com.tr\\\/#organization\"},\"image\":{\"@id\":\"https:\\\/\\\/spontanedigital.com.tr\\\/?p=3267#primaryimage\"},\"thumbnailUrl\":\"https:\\\/\\\/spontanedigital.com.tr\\\/wp-content\\\/uploads\\\/2026\\\/03\\\/6989c30f2a72d5ba9c7e53da.webp\",\"keywords\":[\"a milli tak\u0131m\",\"milli ara ne zaman?\",\"romanya\",\"t\u00fcrkiye\"],\"articleSection\":{\"0\":\"Edit\u00f6r\u00fcn Se\u00e7imi\",\"1\":\"En Son Eklenen Makaleler\",\"3\":\"Spor\"},\"inLanguage\":\"tr\",\"potentialAction\":[{\"@type\":\"CommentAction\",\"name\":\"Comment\",\"target\":[\"https:\\\/\\\/spontanedigital.com.tr\\\/?p=3267#respond\"]}]},{\"@type\":\"WebPage\",\"@id\":\"https:\\\/\\\/spontanedigital.com.tr\\\/?p=3267\",\"url\":\"https:\\\/\\\/spontanedigital.com.tr\\\/?p=3267\",\"name\":\"T\u00fcrkiye - Romanya milli ma\u00e7\u0131 Ne zaman? Milli ara Olacak M\u0131? &#8211; Spontane Digital\",\"isPartOf\":{\"@id\":\"https:\\\/\\\/spontanedigital.com.tr\\\/#website\"},\"primaryImageOfPage\":{\"@id\":\"https:\\\/\\\/spontanedigital.com.tr\\\/?p=3267#primaryimage\"},\"image\":{\"@id\":\"https:\\\/\\\/spontanedigital.com.tr\\\/?p=3267#primaryimage\"},\"thumbnailUrl\":\"https:\\\/\\\/spontanedigital.com.tr\\\/wp-content\\\/uploads\\\/2026\\\/03\\\/6989c30f2a72d5ba9c7e53da.webp\",\"datePublished\":\"2026-03-09T12:39:44+00:00\",\"dateModified\":\"2026-03-09T12:39:46+00:00\",\"description\":\"A Milli Futbol Tak\u0131m\u0131m\u0131z 2026 FIFA D\u00fcnya Kupas\u0131 Elemeleri play-off turu yar\u0131 finalinde Romanya ile kendi sahas\u0131nda kar\u015f\u0131la\u015facak.\",\"breadcrumb\":{\"@id\":\"https:\\\/\\\/spontanedigital.com.tr\\\/?p=3267#breadcrumb\"},\"inLanguage\":\"tr\",\"potentialAction\":[{\"@type\":\"ReadAction\",\"target\":[\"https:\\\/\\\/spontanedigital.com.tr\\\/?p=3267\"]}]},{\"@type\":\"ImageObject\",\"inLanguage\":\"tr\",\"@id\":\"https:\\\/\\\/spontanedigital.com.tr\\\/?p=3267#primaryimage\",\"url\":\"https:\\\/\\\/spontanedigital.com.tr\\\/wp-content\\\/uploads\\\/2026\\\/03\\\/6989c30f2a72d5ba9c7e53da.webp\",\"contentUrl\":\"https:\\\/\\\/spontanedigital.com.tr\\\/wp-content\\\/uploads\\\/2026\\\/03\\\/6989c30f2a72d5ba9c7e53da.webp\",\"width\":750,\"height\":422},{\"@type\":\"BreadcrumbList\",\"@id\":\"https:\\\/\\\/spontanedigital.com.tr\\\/?p=3267#breadcrumb\",\"itemListElement\":[{\"@type\":\"ListItem\",\"position\":1,\"name\":\"Anasayfa\",\"item\":\"https:\\\/\\\/spontanedigital.com.tr\\\/\"},{\"@type\":\"ListItem\",\"position\":2,\"name\":\"T\u00fcrkiye &#8211; Romanya milli ma\u00e7\u0131 Ne zaman? Milli ara Olacak M\u0131?\"}]},{\"@type\":\"WebSite\",\"@id\":\"https:\\\/\\\/spontanedigital.com.tr\\\/#website\",\"url\":\"https:\\\/\\\/spontanedigital.com.tr\\\/\",\"name\":\"Spontane Digital\",\"description\":\"Dijitalde Spontanite\",\"publisher\":{\"@id\":\"https:\\\/\\\/spontanedigital.com.tr\\\/#organization\"},\"potentialAction\":[{\"@type\":\"SearchAction\",\"target\":{\"@type\":\"EntryPoint\",\"urlTemplate\":\"https:\\\/\\\/spontanedigital.com.tr\\\/?s={search_term_string}\"},\"query-input\":{\"@type\":\"PropertyValueSpecification\",\"valueRequired\":true,\"valueName\":\"search_term_string\"}}],\"inLanguage\":\"tr\"},{\"@type\":\"Organization\",\"@id\":\"https:\\\/\\\/spontanedigital.com.tr\\\/#organization\",\"name\":\"Spontane Digital\",\"url\":\"https:\\\/\\\/spontanedigital.com.tr\\\/\",\"logo\":{\"@type\":\"ImageObject\",\"inLanguage\":\"tr\",\"@id\":\"https:\\\/\\\/spontanedigital.com.tr\\\/#\\\/schema\\\/logo\\\/image\\\/\",\"url\":\"https:\\\/\\\/spontanedigital.com.tr\\\/wp-content\\\/uploads\\\/2026\\\/02\\\/Spontane-Beyaz-1.png\",\"contentUrl\":\"https:\\\/\\\/spontanedigital.com.tr\\\/wp-content\\\/uploads\\\/2026\\\/02\\\/Spontane-Beyaz-1.png\",\"width\":1772,\"height\":900,\"caption\":\"Spontane Digital\"},\"image\":{\"@id\":\"https:\\\/\\\/spontanedigital.com.tr\\\/#\\\/schema\\\/logo\\\/image\\\/\"}},{\"@type\":\"Person\",\"@id\":\"https:\\\/\\\/spontanedigital.com.tr\\\/#\\\/schema\\\/person\\\/3b943e96b188e53110740f11f728ee4f\",\"name\":\"Fevzi Can \u015e\u0131\u011fva\",\"image\":{\"@type\":\"ImageObject\",\"inLanguage\":\"tr\",\"@id\":\"https:\\\/\\\/spontanedigital.com.tr\\\/wp-content\\\/uploads\\\/2026\\\/02\\\/WhatsApp-Image-2026-02-27-at-13.44.37-150x150.jpeg\",\"url\":\"https:\\\/\\\/spontanedigital.com.tr\\\/wp-content\\\/uploads\\\/2026\\\/02\\\/WhatsApp-Image-2026-02-27-at-13.44.37-150x150.jpeg\",\"contentUrl\":\"https:\\\/\\\/spontanedigital.com.tr\\\/wp-content\\\/uploads\\\/2026\\\/02\\\/WhatsApp-Image-2026-02-27-at-13.44.37-150x150.jpeg\",\"caption\":\"Fevzi Can \u015e\u0131\u011fva\"},\"description\":\"Dijital oyun d\u00fcnyas\u0131ndaki en son trendleri ve spor camias\u0131ndaki dinamik geli\u015fmeleri takip eden Fevzi Can, rekabetin ve e\u011flencenin nabz\u0131n\u0131 tutan i\u00e7eriklerle okurlar\u0131m\u0131za ula\u015f\u0131yor.\",\"url\":\"https:\\\/\\\/spontanedigital.com.tr\\\/?author=3\"}]}<\/script>\n<!-- \/ Yoast SEO plugin. -->","yoast_head_json":{"title":"T\u00fcrkiye - Romanya milli ma\u00e7\u0131 Ne zaman? Milli ara Olacak M\u0131? &#8211; Spontane Digital","description":"A Milli Futbol Tak\u0131m\u0131m\u0131z 2026 FIFA D\u00fcnya Kupas\u0131 Elemeleri play-off turu yar\u0131 finalinde Romanya ile kendi sahas\u0131nda kar\u015f\u0131la\u015facak.","robots":{"index":"index","follow":"follow","max-snippet":"max-snippet:-1","max-image-preview":"max-image-preview:large","max-video-preview":"max-video-preview:-1"},"canonical":"https:\/\/spontanedigital.com.tr\/?p=3267","og_locale":"tr_TR","og_type":"article","og_title":"T\u00fcrkiye - Romanya milli ma\u00e7\u0131 Ne zaman? Milli ara Olacak M\u0131? &#8211; Spontane Digital","og_description":"A Milli Futbol Tak\u0131m\u0131m\u0131z 2026 FIFA D\u00fcnya Kupas\u0131 Elemeleri play-off turu yar\u0131 finalinde Romanya ile kendi sahas\u0131nda kar\u015f\u0131la\u015facak.","og_url":"https:\/\/spontanedigital.com.tr\/?p=3267","og_site_name":"Spontane Digital","article_published_time":"2026-03-09T12:39:44+00:00","article_modified_time":"2026-03-09T12:39:46+00:00","og_image":[{"width":750,"height":422,"url":"https:\/\/spontanedigital.com.tr\/wp-content\/uploads\/2026\/03\/6989c30f2a72d5ba9c7e53da.webp","type":"image\/webp"}],"author":"Fevzi Can \u015e\u0131\u011fva","twitter_card":"summary_large_image","twitter_misc":{"Yazan:":"Fevzi Can \u015e\u0131\u011fva","Tahmini okuma s\u00fcresi":"3 dakika"},"schema":{"@context":"https:\/\/schema.org","@graph":[{"@type":"Article","@id":"https:\/\/spontanedigital.com.tr\/?p=3267#article","isPartOf":{"@id":"https:\/\/spontanedigital.com.tr\/?p=3267"},"author":{"name":"Fevzi Can \u015e\u0131\u011fva","@id":"https:\/\/spontanedigital.com.tr\/#\/schema\/person\/3b943e96b188e53110740f11f728ee4f"},"headline":"T\u00fcrkiye &#8211; Romanya milli ma\u00e7\u0131 Ne zaman? Milli ara Olacak M\u0131?","datePublished":"2026-03-09T12:39:44+00:00","dateModified":"2026-03-09T12:39:46+00:00","mainEntityOfPage":{"@id":"https:\/\/spontanedigital.com.tr\/?p=3267"},"wordCount":364,"commentCount":0,"publisher":{"@id":"https:\/\/spontanedigital.com.tr\/#organization"},"image":{"@id":"https:\/\/spontanedigital.com.tr\/?p=3267#primaryimage"},"thumbnailUrl":"https:\/\/spontanedigital.com.tr\/wp-content\/uploads\/2026\/03\/6989c30f2a72d5ba9c7e53da.webp","keywords":["a milli tak\u0131m","milli ara ne zaman?","romanya","t\u00fcrkiye"],"articleSection":{"0":"Edit\u00f6r\u00fcn Se\u00e7imi","1":"En Son Eklenen Makaleler","3":"Spor"},"inLanguage":"tr","potentialAction":[{"@type":"CommentAction","name":"Comment","target":["https:\/\/spontanedigital.com.tr\/?p=3267#respond"]}]},{"@type":"WebPage","@id":"https:\/\/spontanedigital.com.tr\/?p=3267","url":"https:\/\/spontanedigital.com.tr\/?p=3267","name":"T\u00fcrkiye - Romanya milli ma\u00e7\u0131 Ne zaman? Milli ara Olacak M\u0131? &#8211; Spontane Digital","isPartOf":{"@id":"https:\/\/spontanedigital.com.tr\/#website"},"primaryImageOfPage":{"@id":"https:\/\/spontanedigital.com.tr\/?p=3267#primaryimage"},"image":{"@id":"https:\/\/spontanedigital.com.tr\/?p=3267#primaryimage"},"thumbnailUrl":"https:\/\/spontanedigital.com.tr\/wp-content\/uploads\/2026\/03\/6989c30f2a72d5ba9c7e53da.webp","datePublished":"2026-03-09T12:39:44+00:00","dateModified":"2026-03-09T12:39:46+00:00","description":"A Milli Futbol Tak\u0131m\u0131m\u0131z 2026 FIFA D\u00fcnya Kupas\u0131 Elemeleri play-off turu yar\u0131 finalinde Romanya ile kendi sahas\u0131nda kar\u015f\u0131la\u015facak.","breadcrumb":{"@id":"https:\/\/spontanedigital.com.tr\/?p=3267#breadcrumb"},"inLanguage":"tr","potentialAction":[{"@type":"ReadAction","target":["https:\/\/spontanedigital.com.tr\/?p=3267"]}]},{"@type":"ImageObject","inLanguage":"tr","@id":"https:\/\/spontanedigital.com.tr\/?p=3267#primaryimage","url":"https:\/\/spontanedigital.com.tr\/wp-content\/uploads\/2026\/03\/6989c30f2a72d5ba9c7e53da.webp","contentUrl":"https:\/\/spontanedigital.com.tr\/wp-content\/uploads\/2026\/03\/6989c30f2a72d5ba9c7e53da.webp","width":750,"height":422},{"@type":"BreadcrumbList","@id":"https:\/\/spontanedigital.com.tr\/?p=3267#breadcrumb","itemListElement":[{"@type":"ListItem","position":1,"name":"Anasayfa","item":"https:\/\/spontanedigital.com.tr\/"},{"@type":"ListItem","position":2,"name":"T\u00fcrkiye &#8211; Romanya milli ma\u00e7\u0131 Ne zaman? Milli ara Olacak M\u0131?"}]},{"@type":"WebSite","@id":"https:\/\/spontanedigital.com.tr\/#website","url":"https:\/\/spontanedigital.com.tr\/","name":"Spontane Digital","description":"Dijitalde Spontanite","publisher":{"@id":"https:\/\/spontanedigital.com.tr\/#organization"},"potentialAction":[{"@type":"SearchAction","target":{"@type":"EntryPoint","urlTemplate":"https:\/\/spontanedigital.com.tr\/?s={search_term_string}"},"query-input":{"@type":"PropertyValueSpecification","valueRequired":true,"valueName":"search_term_string"}}],"inLanguage":"tr"},{"@type":"Organization","@id":"https:\/\/spontanedigital.com.tr\/#organization","name":"Spontane Digital","url":"https:\/\/spontanedigital.com.tr\/","logo":{"@type":"ImageObject","inLanguage":"tr","@id":"https:\/\/spontanedigital.com.tr\/#\/schema\/logo\/image\/","url":"https:\/\/spontanedigital.com.tr\/wp-content\/uploads\/2026\/02\/Spontane-Beyaz-1.png","contentUrl":"https:\/\/spontanedigital.com.tr\/wp-content\/uploads\/2026\/02\/Spontane-Beyaz-1.png","width":1772,"height":900,"caption":"Spontane Digital"},"image":{"@id":"https:\/\/spontanedigital.com.tr\/#\/schema\/logo\/image\/"}},{"@type":"Person","@id":"https:\/\/spontanedigital.com.tr\/#\/schema\/person\/3b943e96b188e53110740f11f728ee4f","name":"Fevzi Can \u015e\u0131\u011fva","image":{"@type":"ImageObject","inLanguage":"tr","@id":"https:\/\/spontanedigital.com.tr\/wp-content\/uploads\/2026\/02\/WhatsApp-Image-2026-02-27-at-13.44.37-150x150.jpeg","url":"https:\/\/spontanedigital.com.tr\/wp-content\/uploads\/2026\/02\/WhatsApp-Image-2026-02-27-at-13.44.37-150x150.jpeg","contentUrl":"https:\/\/spontanedigital.com.tr\/wp-content\/uploads\/2026\/02\/WhatsApp-Image-2026-02-27-at-13.44.37-150x150.jpeg","caption":"Fevzi Can \u015e\u0131\u011fva"},"description":"Dijital oyun d\u00fcnyas\u0131ndaki en son trendleri ve spor camias\u0131ndaki dinamik geli\u015fmeleri takip eden Fevzi Can, rekabetin ve e\u011flencenin nabz\u0131n\u0131 tutan i\u00e7eriklerle okurlar\u0131m\u0131za ula\u015f\u0131yor.","url":"https:\/\/spontanedigital.com.tr\/?author=3"}]}},"featured_image_urls":{"full":["https:\/\/spontanedigital.com.tr\/wp-content\/uploads\/2026\/03\/6989c30f2a72d5ba9c7e53da.webp",750,422,false],"thumbnail":["https:\/\/spontanedigital.com.tr\/wp-content\/uploads\/2026\/03\/6989c30f2a72d5ba9c7e53da-150x150.webp",150,150,true],"medium":["https:\/\/spontanedigital.com.tr\/wp-content\/uploads\/2026\/03\/6989c30f2a72d5ba9c7e53da-300x169.webp",300,169,true],"medium_large":["https:\/\/spontanedigital.com.tr\/wp-content\/uploads\/2026\/03\/6989c30f2a72d5ba9c7e53da.webp",750,422,false],"large":["https:\/\/spontanedigital.com.tr\/wp-content\/uploads\/2026\/03\/6989c30f2a72d5ba9c7e53da.webp",750,422,false],"1536x1536":["https:\/\/spontanedigital.com.tr\/wp-content\/uploads\/2026\/03\/6989c30f2a72d5ba9c7e53da.webp",750,422,false],"2048x2048":["https:\/\/spontanedigital.com.tr\/wp-content\/uploads\/2026\/03\/6989c30f2a72d5ba9c7e53da.webp",750,422,false],"ultp_layout_landscape_large":["https:\/\/spontanedigital.com.tr\/wp-content\/uploads\/2026\/03\/6989c30f2a72d5ba9c7e53da.webp",750,422,false],"ultp_layout_landscape":["https:\/\/spontanedigital.com.tr\/wp-content\/uploads\/2026\/03\/6989c30f2a72d5ba9c7e53da.webp",750,422,false],"ultp_layout_portrait":["https:\/\/spontanedigital.com.tr\/wp-content\/uploads\/2026\/03\/6989c30f2a72d5ba9c7e53da-600x422.webp",600,422,true],"ultp_layout_square":["https:\/\/spontanedigital.com.tr\/wp-content\/uploads\/2026\/03\/6989c30f2a72d5ba9c7e53da-600x422.webp",600,422,true],"colormag-highlighted-post":["https:\/\/spontanedigital.com.tr\/wp-content\/uploads\/2026\/03\/6989c30f2a72d5ba9c7e53da-392x272.webp",392,272,true],"colormag-featured-post-medium":["https:\/\/spontanedigital.com.tr\/wp-content\/uploads\/2026\/03\/6989c30f2a72d5ba9c7e53da-390x205.webp",390,205,true],"colormag-featured-post-small":["https:\/\/spontanedigital.com.tr\/wp-content\/uploads\/2026\/03\/6989c30f2a72d5ba9c7e53da-130x90.webp",130,90,true],"colormag-featured-image":["https:\/\/spontanedigital.com.tr\/wp-content\/uploads\/2026\/03\/6989c30f2a72d5ba9c7e53da.webp",750,422,false],"colormag-default-news":["https:\/\/spontanedigital.com.tr\/wp-content\/uploads\/2026\/03\/6989c30f2a72d5ba9c7e53da-150x150.webp",150,150,true],"colormag-featured-image-large":["https:\/\/spontanedigital.com.tr\/wp-content\/uploads\/2026\/03\/6989c30f2a72d5ba9c7e53da.webp",750,422,false]},"author_info":{"info":["Fevzi Can \u015e\u0131\u011fva"]},"category_info":"<a href=\"https:\/\/spontanedigital.com.tr\/?cat=17\" rel=\"category\">Edit\u00f6r\u00fcn Se\u00e7imi<\/a> <a href=\"https:\/\/spontanedigital.com.tr\/?cat=19\" rel=\"category\">En Son Eklenen Makaleler<\/a> <a href=\"https:\/\/spontanedigital.com.tr\/?cat=1\" rel=\"category\">Genel<\/a> <a href=\"https:\/\/spontanedigital.com.tr\/?cat=6\" rel=\"category\">Spor<\/a>","tag_info":"Spor","comment_count":"0","jetpack_featured_media_url":"https:\/\/spontanedigital.com.tr\/wp-content\/uploads\/2026\/03\/6989c30f2a72d5ba9c7e53da.webp","jetpack_sharing_enabled":true,"_links":{"self":[{"href":"https:\/\/spontanedigital.com.tr\/index.php?rest_route=\/wp\/v2\/posts\/3267","targetHints":{"allow":["GET"]}}],"collection":[{"href":"https:\/\/spontanedigital.com.tr\/index.php?rest_route=\/wp\/v2\/posts"}],"about":[{"href":"https:\/\/spontanedigital.com.tr\/index.php?rest_route=\/wp\/v2\/types\/post"}],"author":[{"embeddable":true,"href":"https:\/\/spontanedigital.com.tr\/index.php?rest_route=\/wp\/v2\/users\/3"}],"replies":[{"embeddable":true,"href":"https:\/\/spontanedigital.com.tr\/index.php?rest_route=%2Fwp%2Fv2%2Fcomments&post=3267"}],"version-history":[{"count":1,"href":"https:\/\/spontanedigital.com.tr\/index.php?rest_route=\/wp\/v2\/posts\/3267\/revisions"}],"predecessor-version":[{"id":3273,"href":"https:\/\/spontanedigital.com.tr\/index.php?rest_route=\/wp\/v2\/posts\/3267\/revisions\/3273"}],"wp:featuredmedia":[{"embeddable":true,"href":"https:\/\/spontanedigital.com.tr\/index.php?rest_route=\/wp\/v2\/media\/3268"}],"wp:attachment":[{"href":"https:\/\/spontanedigital.com.tr\/index.php?rest_route=%2Fwp%2Fv2%2Fmedia&parent=3267"}],"wp:term":[{"taxonomy":"category","embeddable":true,"href":"https:\/\/spontanedigital.com.tr\/index.php?rest_route=%2Fwp%2Fv2%2Fcategories&post=3267"},{"taxonomy":"post_tag","embeddable":true,"href":"https:\/\/spontanedigital.com.tr\/index.php?rest_route=%2Fwp%2Fv2%2Ftags&post=3267"}],"curies":[{"name":"wp","href":"https:\/\/api.w.org\/{rel}","templated":true}]}}