{"id":3645,"date":"2026-03-11T15:46:36","date_gmt":"2026-03-11T12:46:36","guid":{"rendered":"https:\/\/spontanedigital.com.tr\/?p=3645"},"modified":"2026-03-11T15:46:39","modified_gmt":"2026-03-11T12:46:39","slug":"kuresel-capta-ki-gerilimler-turizm-tercihlerini-degistirdi-turk-turistler-ispanyaya-yoneliyor","status":"publish","type":"post","link":"https:\/\/spontanedigital.com.tr\/?p=3645","title":{"rendered":"K\u00fcresel \u00c7apta ki Gerilimler Turizm Tercihlerini De\u011fi\u015ftirdi: T\u00fcrk Turistler \u0130spanya\u2019ya Y\u00f6neliyor!"},"content":{"rendered":"\n<h2 class=\"wp-block-heading\">Orta Do\u011fu\u2019daki gerilim turizm tercihlerini etkiledi.<\/h2>\n\n\n\n<p>ABD ve \u0130srail\u2019in \u0130ran\u2019a y\u00f6nelik sald\u0131r\u0131lar\u0131 sonras\u0131 b\u00f6lgede ya\u015fanan geli\u015fmeler turizm sekt\u00f6r\u00fcn\u00fc de etkiledi. Baz\u0131 havalimanlar\u0131n\u0131n kapanmas\u0131 ve u\u00e7u\u015flar\u0131n aksamas\u0131 nedeniyle seyahat planlar\u0131nda de\u011fi\u015fiklik ya\u015fan\u0131rken, \u00f6zellikle K\u00f6rfez ve Orta Do\u011fu\u2019da tatil yapmay\u0131 planlayan T\u00fcrk turistler farkl\u0131 destinasyonlara y\u00f6nelmeye ba\u015flad\u0131. Yakla\u015fan Ramazan Bayram\u0131 ve yaz tatili \u00f6ncesinde Avrupa, Balkanlar ve Uzak Do\u011fu rotalar\u0131na ilgi art\u0131\u015f g\u00f6sterdi.<\/p>\n\n\n\n<h2 class=\"wp-block-heading\">Avrupa ve Uzak Do\u011fu turlar\u0131 \u00f6ne \u00e7\u0131kt\u0131<\/h2>\n\n\n\n<p>Tur operat\u00f6rlerinin verdi\u011fi bilgilere g\u00f6re fiyatlar\u0131n benzer seviyelerde olmas\u0131 nedeniyle Avrupa turlar\u0131 T\u00fcrk tatilciler i\u00e7in daha cazip hale geldi. \u0130talya, Paris, Yunanistan gibi destinasyonlar\u0131n yan\u0131 s\u0131ra Singapur, Endonezya, Malezya ve Phuket gibi Uzak Do\u011fu noktalar\u0131na y\u00f6nelik talepte de art\u0131\u015f ya\u015fand\u0131.<\/p>\n\n\n\n<h2 class=\"wp-block-heading\">\u0130spanya\u2019ya ilgi y\u00fckseldi<\/h2>\n\n\n\n<p>Turizm sekt\u00f6r\u00fcnden gelen bilgilere g\u00f6re \u0130spanya Ba\u015fbakan\u0131 Pedro S\u00e1nchez\u2019in sava\u015f kar\u015f\u0131t\u0131 a\u00e7\u0131klamalar\u0131 T\u00fcrk kamuoyunda dikkat \u00e7ekerken, bu durum \u0130spanya\u2019ya olan turistik talebin artmas\u0131na da katk\u0131 sa\u011flad\u0131. Tur operat\u00f6rleri son g\u00fcnlerde T\u00fcrkiye\u2019den \u0130spanya\u2019ya y\u00f6nelik rezervasyonlarda hareketlilik ya\u015fand\u0131\u011f\u0131n\u0131 ifade ediyor.<\/p>\n\n\n\n<h2 class=\"wp-block-heading\">K\u00f6rfez ve Orta Do\u011fu turlar\u0131nda iptaller<\/h2>\n\n\n\n<p>Turizm sekt\u00f6r\u00fcnde faaliyet g\u00f6steren isimler, daha \u00f6nce K\u00f6rfez \u00fclkeleri i\u00e7in planlanan bir\u00e7ok tur paketinin iptal edildi\u011fini belirtiyor. \u00d6zellikle Dubai ve M\u0131s\u0131r gibi destinasyonlara y\u00f6nelik rezervasyonlar\u0131n bir k\u0131sm\u0131 iptal edilirken baz\u0131 tatil planlar\u0131n\u0131n Avrupa veya Uzak Do\u011fu rotalar\u0131na \u00e7evrildi\u011fi ifade ediliyor.<\/p>\n\n\n\n<h2 class=\"wp-block-heading\">U\u00e7u\u015f iptalleri turizmi de etkiledi<\/h2>\n\n\n\n<p>Orta Do\u011fu\u2019da hava sahalar\u0131n\u0131n kapanmas\u0131 ve u\u00e7u\u015flar\u0131n iptal edilmesi sadece turizmi de\u011fil, b\u00f6lgedeki seyahat planlar\u0131n\u0131 da do\u011frudan etkiledi. Bu geli\u015fmeler nedeniyle baz\u0131 \u00fclkelerden yap\u0131lmas\u0131 planlanan tur gruplar\u0131n\u0131n da iptal edildi\u011fi belirtiliyor.<\/p>\n\n\n\n<p>Kaynak Karde\u015f Haber: <a href=\"https:\/\/dumendenhaber.com.tr\/2026\/03\/11\/jeopolitik-gelismeler-turizm-rotalarini-degistirdi-turk-tatilciler-ispanyaya-yoneliyor\/\">https:\/\/dumendenhaber.com.tr\/2026\/03\/11\/jeopolitik-gelismeler-turizm-rotalarini-degistirdi-turk-tatilciler-ispanyaya-yoneliyor\/<\/a><br>G\u00f6rsel: <a href=\"https:\/\/dumendenhaber.com.tr\/wp-content\/uploads\/2026\/03\/ispanyaya-akin-akin-gelen-turistlere-tepki-halk-ev-bulamiyor-kent-merkezinden-cikmak-zorunda-birakiliyor-kldy.jpg\">https:\/\/dumendenhaber.com.tr\/wp-content\/uploads\/2026\/03\/ispanyaya-akin-akin-gelen-turistlere-tepki-halk-ev-bulamiyor-kent-merkezinden-cikmak-zorunda-birakiliyor-kldy.jpg<\/a><br>Tarih: 11.03.2026 15:41<\/p>\n\n\n<div class=\"taxonomy-post_tag wp-block-post-terms\"><span class=\"wp-block-post-terms__prefix\">\ud83d\udccc<\/span><a href=\"https:\/\/spontanedigital.com.tr\/?tag=abd\" rel=\"tag\">abd<\/a><span class=\"wp-block-post-terms__separator\">, <\/span><a href=\"https:\/\/spontanedigital.com.tr\/?tag=amerika\" rel=\"tag\">Amerika<\/a><span class=\"wp-block-post-terms__separator\">, <\/span><a href=\"https:\/\/spontanedigital.com.tr\/?tag=amerika-birlesik-devletleri\" rel=\"tag\">amerika birle\u015fik devletleri<\/a><span class=\"wp-block-post-terms__separator\">, <\/span><a href=\"https:\/\/spontanedigital.com.tr\/?tag=avrupa\" rel=\"tag\">avrupa<\/a><span class=\"wp-block-post-terms__separator\">, <\/span><a href=\"https:\/\/spontanedigital.com.tr\/?tag=dunya\" rel=\"tag\">d\u00fcnya<\/a><span class=\"wp-block-post-terms__separator\">, <\/span><a href=\"https:\/\/spontanedigital.com.tr\/?tag=gerilim\" rel=\"tag\">gerilim<\/a><span class=\"wp-block-post-terms__separator\">, <\/span><a href=\"https:\/\/spontanedigital.com.tr\/?tag=gezi\" rel=\"tag\">gezi<\/a><span class=\"wp-block-post-terms__separator\">, <\/span><a href=\"https:\/\/spontanedigital.com.tr\/?tag=gezi-plani\" rel=\"tag\">gezi plan\u0131<\/a><span class=\"wp-block-post-terms__separator\">, <\/span><a href=\"https:\/\/spontanedigital.com.tr\/?tag=gezi-tercihi\" rel=\"tag\">gezi tercihi<\/a><span class=\"wp-block-post-terms__separator\">, <\/span><a href=\"https:\/\/spontanedigital.com.tr\/?tag=iran\" rel=\"tag\">iran<\/a><span class=\"wp-block-post-terms__separator\">, <\/span><a href=\"https:\/\/spontanedigital.com.tr\/?tag=ispanya\" rel=\"tag\">ispanya<\/a><span class=\"wp-block-post-terms__separator\">, <\/span><a href=\"https:\/\/spontanedigital.com.tr\/?tag=ortadogu\" rel=\"tag\">ortado\u011fu<\/a><span class=\"wp-block-post-terms__separator\">, <\/span><a href=\"https:\/\/spontanedigital.com.tr\/?tag=pedro-sanchez\" rel=\"tag\">pedro sanchez<\/a><span class=\"wp-block-post-terms__separator\">, <\/span><a href=\"https:\/\/spontanedigital.com.tr\/?tag=plan\" rel=\"tag\">plan<\/a><span class=\"wp-block-post-terms__separator\">, <\/span><a href=\"https:\/\/spontanedigital.com.tr\/?tag=rota\" rel=\"tag\">rota<\/a><span class=\"wp-block-post-terms__separator\">, <\/span><a href=\"https:\/\/spontanedigital.com.tr\/?tag=savas\" rel=\"tag\">sava\u015f<\/a><span class=\"wp-block-post-terms__separator\">, <\/span><a href=\"https:\/\/spontanedigital.com.tr\/?tag=seyahat-plani\" rel=\"tag\">seyahat plan\u0131<\/a><span class=\"wp-block-post-terms__separator\">, <\/span><a href=\"https:\/\/spontanedigital.com.tr\/?tag=seyahat-tercihi\" rel=\"tag\">seyahat tercihi<\/a><span class=\"wp-block-post-terms__separator\">, <\/span><a href=\"https:\/\/spontanedigital.com.tr\/?tag=tatil\" rel=\"tag\">tatil<\/a><span class=\"wp-block-post-terms__separator\">, <\/span><a href=\"https:\/\/spontanedigital.com.tr\/?tag=tatil-plani\" rel=\"tag\">tatil plan\u0131<\/a><span class=\"wp-block-post-terms__separator\">, <\/span><a href=\"https:\/\/spontanedigital.com.tr\/?tag=tatil-tercihi\" rel=\"tag\">tatil tercihi<\/a><span class=\"wp-block-post-terms__separator\">, <\/span><a href=\"https:\/\/spontanedigital.com.tr\/?tag=turist\" rel=\"tag\">turist<\/a><span class=\"wp-block-post-terms__separator\">, <\/span><a href=\"https:\/\/spontanedigital.com.tr\/?tag=turizm\" rel=\"tag\">turizm<\/a><span class=\"wp-block-post-terms__separator\">, <\/span><a href=\"https:\/\/spontanedigital.com.tr\/?tag=turizm-sektoru\" rel=\"tag\">turizm sekt\u00f6r\u00fc<\/a><span class=\"wp-block-post-terms__separator\">, <\/span><a href=\"https:\/\/spontanedigital.com.tr\/?tag=ucus\" rel=\"tag\">u\u00e7u\u015f<\/a><span class=\"wp-block-post-terms__separator\">, <\/span><a href=\"https:\/\/spontanedigital.com.tr\/?tag=ucus-plani\" rel=\"tag\">u\u00e7u\u015f plan\u0131<\/a><span class=\"wp-block-post-terms__separator\">, <\/span><a href=\"https:\/\/spontanedigital.com.tr\/?tag=uluslararasi\" rel=\"tag\">uluslararas\u0131<\/a><\/div>\n\n\n<p><\/p>\n","protected":false},"excerpt":{"rendered":"<p>Orta Do\u011fu\u2019daki gerilim turizm tercihlerini etkiledi. ABD ve \u0130srail\u2019in \u0130ran\u2019a y\u00f6nelik sald\u0131r\u0131lar\u0131 sonras\u0131 b\u00f6lgede ya\u015fanan geli\u015fmeler turizm sekt\u00f6r\u00fcn\u00fc de etkiledi.<\/p>\n","protected":false},"author":2,"featured_media":3646,"comment_status":"open","ping_status":"open","sticky":false,"template":"","format":"standard","meta":{"colormag_page_container_layout":"default_layout","colormag_page_sidebar_layout":"default_layout","_jetpack_memberships_contains_paid_content":false,"footnotes":""},"categories":[19,1,8],"tags":[69,665,2144,275,410,2093,77,2147,2148,497,73,487,1408,1526,76,1162,2146,2149,680,2089,2145,75,30,657,239,2150,272],"class_list":["post-3645","post","type-post","status-publish","format-standard","has-post-thumbnail","hentry","category-en-son-eklenen-makaleler","category-genel","category-turizm","tag-abd","tag-amerika","tag-amerika-birlesik-devletleri","tag-avrupa","tag-dunya","tag-gerilim","tag-gezi","tag-gezi-plani","tag-gezi-tercihi","tag-iran","tag-ispanya","tag-ortadogu","tag-pedro-sanchez","tag-plan","tag-rota","tag-savas","tag-seyahat-plani","tag-seyahat-tercihi","tag-tatil","tag-tatil-plani","tag-tatil-tercihi","tag-turist","tag-turizm","tag-turizm-sektoru","tag-ucus","tag-ucus-plani","tag-uluslararasi"],"magazineBlocksPostFeaturedMedia":{"thumbnail":"https:\/\/spontanedigital.com.tr\/wp-content\/uploads\/2026\/03\/ispanyaya-akin-akin-gelen-turist-150x150.png","medium":"https:\/\/spontanedigital.com.tr\/wp-content\/uploads\/2026\/03\/ispanyaya-akin-akin-gelen-turist-300x169.png","medium_large":"https:\/\/spontanedigital.com.tr\/wp-content\/uploads\/2026\/03\/ispanyaya-akin-akin-gelen-turist-768x432.png","large":"https:\/\/spontanedigital.com.tr\/wp-content\/uploads\/2026\/03\/ispanyaya-akin-akin-gelen-turist.png","1536x1536":"https:\/\/spontanedigital.com.tr\/wp-content\/uploads\/2026\/03\/ispanyaya-akin-akin-gelen-turist.png","2048x2048":"https:\/\/spontanedigital.com.tr\/wp-content\/uploads\/2026\/03\/ispanyaya-akin-akin-gelen-turist.png","ultp_layout_landscape_large":"https:\/\/spontanedigital.com.tr\/wp-content\/uploads\/2026\/03\/ispanyaya-akin-akin-gelen-turist.png","ultp_layout_landscape":"https:\/\/spontanedigital.com.tr\/wp-content\/uploads\/2026\/03\/ispanyaya-akin-akin-gelen-turist.png","ultp_layout_portrait":"https:\/\/spontanedigital.com.tr\/wp-content\/uploads\/2026\/03\/ispanyaya-akin-akin-gelen-turist-600x478.png","ultp_layout_square":"https:\/\/spontanedigital.com.tr\/wp-content\/uploads\/2026\/03\/ispanyaya-akin-akin-gelen-turist-600x478.png","colormag-highlighted-post":"https:\/\/spontanedigital.com.tr\/wp-content\/uploads\/2026\/03\/ispanyaya-akin-akin-gelen-turist-392x272.png","colormag-featured-post-medium":"https:\/\/spontanedigital.com.tr\/wp-content\/uploads\/2026\/03\/ispanyaya-akin-akin-gelen-turist-390x205.png","colormag-featured-post-small":"https:\/\/spontanedigital.com.tr\/wp-content\/uploads\/2026\/03\/ispanyaya-akin-akin-gelen-turist-130x90.png","colormag-featured-image":"https:\/\/spontanedigital.com.tr\/wp-content\/uploads\/2026\/03\/ispanyaya-akin-akin-gelen-turist-800x445.png","colormag-default-news":"https:\/\/spontanedigital.com.tr\/wp-content\/uploads\/2026\/03\/ispanyaya-akin-akin-gelen-turist-150x150.png","colormag-featured-image-large":"https:\/\/spontanedigital.com.tr\/wp-content\/uploads\/2026\/03\/ispanyaya-akin-akin-gelen-turist.png"},"magazineBlocksPostAuthor":{"name":"\u0130smail Y\u0131ld\u0131z","avatar":"https:\/\/spontanedigital.com.tr\/wp-content\/uploads\/2026\/02\/WhatsApp-Image-2026-02-27-at-13.44.36-150x150.jpeg"},"magazineBlocksPostCommentsNumber":"0","magazineBlocksPostExcerpt":"Orta Do\u011fu\u2019daki gerilim turizm tercihlerini etkiledi. ABD ve \u0130srail\u2019in \u0130ran\u2019a y\u00f6nelik sald\u0131r\u0131lar\u0131 sonras\u0131 b\u00f6lgede ya\u015fanan geli\u015fmeler turizm sekt\u00f6r\u00fcn\u00fc de etkiledi.","magazineBlocksPostCategories":["En Son Eklenen Makaleler","Genel","Turizm"],"magazineBlocksPostViewCount":49,"magazineBlocksPostReadTime":2,"magazine_blocks_featured_image_url":{"full":["https:\/\/spontanedigital.com.tr\/wp-content\/uploads\/2026\/03\/ispanyaya-akin-akin-gelen-turist.png",850,478,false],"medium":["https:\/\/spontanedigital.com.tr\/wp-content\/uploads\/2026\/03\/ispanyaya-akin-akin-gelen-turist-300x169.png",300,169,true],"thumbnail":["https:\/\/spontanedigital.com.tr\/wp-content\/uploads\/2026\/03\/ispanyaya-akin-akin-gelen-turist-150x150.png",150,150,true]},"magazine_blocks_author":{"display_name":"\u0130smail Y\u0131ld\u0131z","author_link":"https:\/\/spontanedigital.com.tr\/?author=2"},"magazine_blocks_comment":0,"magazine_blocks_author_image":"https:\/\/spontanedigital.com.tr\/wp-content\/uploads\/2026\/02\/WhatsApp-Image-2026-02-27-at-13.44.36-150x150.jpeg","magazine_blocks_category":"<a href=\"#\" class=\"category-link category-link-19\">En Son Eklenen Makaleler<\/a> <a href=\"#\" class=\"category-link category-link-1\">Genel<\/a> <a href=\"#\" class=\"category-link category-link-8\">Turizm<\/a>","yoast_head":"<!-- This site is optimized with the Yoast SEO plugin v27.5 - https:\/\/yoast.com\/product\/yoast-seo-wordpress\/ -->\n<title>K\u00fcresel \u00c7apta ki Gerilimler Turizm Tercihlerini De\u011fi\u015ftirdi: T\u00fcrk Turistler \u0130spanya\u2019ya Y\u00f6neliyor! &#8211; Spontane Digital<\/title>\n<meta name=\"robots\" content=\"index, follow, max-snippet:-1, max-image-preview:large, max-video-preview:-1\" \/>\n<link rel=\"canonical\" href=\"https:\/\/spontanedigital.com.tr\/?p=3645\" \/>\n<meta property=\"og:locale\" content=\"tr_TR\" \/>\n<meta property=\"og:type\" content=\"article\" \/>\n<meta property=\"og:title\" content=\"K\u00fcresel \u00c7apta ki Gerilimler Turizm Tercihlerini De\u011fi\u015ftirdi: T\u00fcrk Turistler \u0130spanya\u2019ya Y\u00f6neliyor! &#8211; Spontane Digital\" \/>\n<meta property=\"og:description\" content=\"Orta Do\u011fu\u2019daki gerilim turizm tercihlerini etkiledi. ABD ve \u0130srail\u2019in \u0130ran\u2019a y\u00f6nelik sald\u0131r\u0131lar\u0131 sonras\u0131 b\u00f6lgede ya\u015fanan geli\u015fmeler turizm sekt\u00f6r\u00fcn\u00fc de etkiledi.\" \/>\n<meta property=\"og:url\" content=\"https:\/\/spontanedigital.com.tr\/?p=3645\" \/>\n<meta property=\"og:site_name\" content=\"Spontane Digital\" \/>\n<meta property=\"article:published_time\" content=\"2026-03-11T12:46:36+00:00\" \/>\n<meta property=\"article:modified_time\" content=\"2026-03-11T12:46:39+00:00\" \/>\n<meta property=\"og:image\" content=\"https:\/\/spontanedigital.com.tr\/wp-content\/uploads\/2026\/03\/ispanyaya-akin-akin-gelen-turist.png\" \/>\n\t<meta property=\"og:image:width\" content=\"850\" \/>\n\t<meta property=\"og:image:height\" content=\"478\" \/>\n\t<meta property=\"og:image:type\" content=\"image\/png\" \/>\n<meta name=\"author\" content=\"\u0130smail Y\u0131ld\u0131z\" \/>\n<meta name=\"twitter:card\" content=\"summary_large_image\" \/>\n<meta name=\"twitter:label1\" content=\"Yazan:\" \/>\n\t<meta name=\"twitter:data1\" content=\"\u0130smail Y\u0131ld\u0131z\" \/>\n\t<meta name=\"twitter:label2\" content=\"Tahmini okuma s\u00fcresi\" \/>\n\t<meta name=\"twitter:data2\" content=\"2 dakika\" \/>\n<script type=\"application\/ld+json\" class=\"yoast-schema-graph\">{\"@context\":\"https:\\\/\\\/schema.org\",\"@graph\":[{\"@type\":\"Article\",\"@id\":\"https:\\\/\\\/spontanedigital.com.tr\\\/?p=3645#article\",\"isPartOf\":{\"@id\":\"https:\\\/\\\/spontanedigital.com.tr\\\/?p=3645\"},\"author\":{\"name\":\"\u0130smail Y\u0131ld\u0131z\",\"@id\":\"https:\\\/\\\/spontanedigital.com.tr\\\/#\\\/schema\\\/person\\\/0fe013d23e14b15cfb52afb8a74dc9ae\"},\"headline\":\"K\u00fcresel \u00c7apta ki Gerilimler Turizm Tercihlerini De\u011fi\u015ftirdi: T\u00fcrk Turistler \u0130spanya\u2019ya Y\u00f6neliyor!\",\"datePublished\":\"2026-03-11T12:46:36+00:00\",\"dateModified\":\"2026-03-11T12:46:39+00:00\",\"mainEntityOfPage\":{\"@id\":\"https:\\\/\\\/spontanedigital.com.tr\\\/?p=3645\"},\"wordCount\":371,\"commentCount\":0,\"publisher\":{\"@id\":\"https:\\\/\\\/spontanedigital.com.tr\\\/#organization\"},\"image\":{\"@id\":\"https:\\\/\\\/spontanedigital.com.tr\\\/?p=3645#primaryimage\"},\"thumbnailUrl\":\"https:\\\/\\\/spontanedigital.com.tr\\\/wp-content\\\/uploads\\\/2026\\\/03\\\/ispanyaya-akin-akin-gelen-turist.png\",\"keywords\":[\"abd\",\"Amerika\",\"amerika birle\u015fik devletleri\",\"avrupa\",\"d\u00fcnya\",\"gerilim\",\"gezi\",\"gezi plan\u0131\",\"gezi tercihi\",\"iran\",\"ispanya\",\"ortado\u011fu\",\"pedro sanchez\",\"plan\",\"rota\",\"sava\u015f\",\"seyahat plan\u0131\",\"seyahat tercihi\",\"tatil\",\"tatil plan\u0131\",\"tatil tercihi\",\"turist\",\"turizm\",\"turizm sekt\u00f6r\u00fc\",\"u\u00e7u\u015f\",\"u\u00e7u\u015f plan\u0131\",\"uluslararas\u0131\"],\"articleSection\":{\"0\":\"En Son Eklenen Makaleler\",\"2\":\"Turizm\"},\"inLanguage\":\"tr\",\"potentialAction\":[{\"@type\":\"CommentAction\",\"name\":\"Comment\",\"target\":[\"https:\\\/\\\/spontanedigital.com.tr\\\/?p=3645#respond\"]}]},{\"@type\":\"WebPage\",\"@id\":\"https:\\\/\\\/spontanedigital.com.tr\\\/?p=3645\",\"url\":\"https:\\\/\\\/spontanedigital.com.tr\\\/?p=3645\",\"name\":\"K\u00fcresel \u00c7apta ki Gerilimler Turizm Tercihlerini De\u011fi\u015ftirdi: T\u00fcrk Turistler \u0130spanya\u2019ya Y\u00f6neliyor! &#8211; Spontane Digital\",\"isPartOf\":{\"@id\":\"https:\\\/\\\/spontanedigital.com.tr\\\/#website\"},\"primaryImageOfPage\":{\"@id\":\"https:\\\/\\\/spontanedigital.com.tr\\\/?p=3645#primaryimage\"},\"image\":{\"@id\":\"https:\\\/\\\/spontanedigital.com.tr\\\/?p=3645#primaryimage\"},\"thumbnailUrl\":\"https:\\\/\\\/spontanedigital.com.tr\\\/wp-content\\\/uploads\\\/2026\\\/03\\\/ispanyaya-akin-akin-gelen-turist.png\",\"datePublished\":\"2026-03-11T12:46:36+00:00\",\"dateModified\":\"2026-03-11T12:46:39+00:00\",\"breadcrumb\":{\"@id\":\"https:\\\/\\\/spontanedigital.com.tr\\\/?p=3645#breadcrumb\"},\"inLanguage\":\"tr\",\"potentialAction\":[{\"@type\":\"ReadAction\",\"target\":[\"https:\\\/\\\/spontanedigital.com.tr\\\/?p=3645\"]}]},{\"@type\":\"ImageObject\",\"inLanguage\":\"tr\",\"@id\":\"https:\\\/\\\/spontanedigital.com.tr\\\/?p=3645#primaryimage\",\"url\":\"https:\\\/\\\/spontanedigital.com.tr\\\/wp-content\\\/uploads\\\/2026\\\/03\\\/ispanyaya-akin-akin-gelen-turist.png\",\"contentUrl\":\"https:\\\/\\\/spontanedigital.com.tr\\\/wp-content\\\/uploads\\\/2026\\\/03\\\/ispanyaya-akin-akin-gelen-turist.png\",\"width\":850,\"height\":478},{\"@type\":\"BreadcrumbList\",\"@id\":\"https:\\\/\\\/spontanedigital.com.tr\\\/?p=3645#breadcrumb\",\"itemListElement\":[{\"@type\":\"ListItem\",\"position\":1,\"name\":\"Anasayfa\",\"item\":\"https:\\\/\\\/spontanedigital.com.tr\\\/\"},{\"@type\":\"ListItem\",\"position\":2,\"name\":\"K\u00fcresel \u00c7apta ki Gerilimler Turizm Tercihlerini De\u011fi\u015ftirdi: T\u00fcrk Turistler \u0130spanya\u2019ya Y\u00f6neliyor!\"}]},{\"@type\":\"WebSite\",\"@id\":\"https:\\\/\\\/spontanedigital.com.tr\\\/#website\",\"url\":\"https:\\\/\\\/spontanedigital.com.tr\\\/\",\"name\":\"Spontane Digital\",\"description\":\"Dijitalde Spontanite\",\"publisher\":{\"@id\":\"https:\\\/\\\/spontanedigital.com.tr\\\/#organization\"},\"potentialAction\":[{\"@type\":\"SearchAction\",\"target\":{\"@type\":\"EntryPoint\",\"urlTemplate\":\"https:\\\/\\\/spontanedigital.com.tr\\\/?s={search_term_string}\"},\"query-input\":{\"@type\":\"PropertyValueSpecification\",\"valueRequired\":true,\"valueName\":\"search_term_string\"}}],\"inLanguage\":\"tr\"},{\"@type\":\"Organization\",\"@id\":\"https:\\\/\\\/spontanedigital.com.tr\\\/#organization\",\"name\":\"Spontane Digital\",\"url\":\"https:\\\/\\\/spontanedigital.com.tr\\\/\",\"logo\":{\"@type\":\"ImageObject\",\"inLanguage\":\"tr\",\"@id\":\"https:\\\/\\\/spontanedigital.com.tr\\\/#\\\/schema\\\/logo\\\/image\\\/\",\"url\":\"https:\\\/\\\/spontanedigital.com.tr\\\/wp-content\\\/uploads\\\/2026\\\/02\\\/Spontane-Beyaz-1.png\",\"contentUrl\":\"https:\\\/\\\/spontanedigital.com.tr\\\/wp-content\\\/uploads\\\/2026\\\/02\\\/Spontane-Beyaz-1.png\",\"width\":1772,\"height\":900,\"caption\":\"Spontane Digital\"},\"image\":{\"@id\":\"https:\\\/\\\/spontanedigital.com.tr\\\/#\\\/schema\\\/logo\\\/image\\\/\"}},{\"@type\":\"Person\",\"@id\":\"https:\\\/\\\/spontanedigital.com.tr\\\/#\\\/schema\\\/person\\\/0fe013d23e14b15cfb52afb8a74dc9ae\",\"name\":\"\u0130smail Y\u0131ld\u0131z\",\"image\":{\"@type\":\"ImageObject\",\"inLanguage\":\"tr\",\"@id\":\"https:\\\/\\\/spontanedigital.com.tr\\\/wp-content\\\/uploads\\\/2026\\\/02\\\/WhatsApp-Image-2026-02-27-at-13.44.36-150x150.jpeg\",\"url\":\"https:\\\/\\\/spontanedigital.com.tr\\\/wp-content\\\/uploads\\\/2026\\\/02\\\/WhatsApp-Image-2026-02-27-at-13.44.36-150x150.jpeg\",\"contentUrl\":\"https:\\\/\\\/spontanedigital.com.tr\\\/wp-content\\\/uploads\\\/2026\\\/02\\\/WhatsApp-Image-2026-02-27-at-13.44.36-150x150.jpeg\",\"caption\":\"\u0130smail Y\u0131ld\u0131z\"},\"description\":\"G\u00fcndelik hayat\u0131n pratik detaylar\u0131ndan yeni ke\u015ffedilecek seyahat rotalar\u0131na kadar geni\u015f bir yelpazede ara\u015ft\u0131rmalar yapan \u0130smail, ya\u015fam\u0131n i\u00e7inden ilham verici i\u00e7erikleri okuyucular\u0131m\u0131zla payla\u015f\u0131yor.\",\"url\":\"https:\\\/\\\/spontanedigital.com.tr\\\/?author=2\"}]}<\/script>\n<!-- \/ Yoast SEO plugin. -->","yoast_head_json":{"title":"K\u00fcresel \u00c7apta ki Gerilimler Turizm Tercihlerini De\u011fi\u015ftirdi: T\u00fcrk Turistler \u0130spanya\u2019ya Y\u00f6neliyor! &#8211; Spontane Digital","robots":{"index":"index","follow":"follow","max-snippet":"max-snippet:-1","max-image-preview":"max-image-preview:large","max-video-preview":"max-video-preview:-1"},"canonical":"https:\/\/spontanedigital.com.tr\/?p=3645","og_locale":"tr_TR","og_type":"article","og_title":"K\u00fcresel \u00c7apta ki Gerilimler Turizm Tercihlerini De\u011fi\u015ftirdi: T\u00fcrk Turistler \u0130spanya\u2019ya Y\u00f6neliyor! &#8211; Spontane Digital","og_description":"Orta Do\u011fu\u2019daki gerilim turizm tercihlerini etkiledi. ABD ve \u0130srail\u2019in \u0130ran\u2019a y\u00f6nelik sald\u0131r\u0131lar\u0131 sonras\u0131 b\u00f6lgede ya\u015fanan geli\u015fmeler turizm sekt\u00f6r\u00fcn\u00fc de etkiledi.","og_url":"https:\/\/spontanedigital.com.tr\/?p=3645","og_site_name":"Spontane Digital","article_published_time":"2026-03-11T12:46:36+00:00","article_modified_time":"2026-03-11T12:46:39+00:00","og_image":[{"width":850,"height":478,"url":"https:\/\/spontanedigital.com.tr\/wp-content\/uploads\/2026\/03\/ispanyaya-akin-akin-gelen-turist.png","type":"image\/png"}],"author":"\u0130smail Y\u0131ld\u0131z","twitter_card":"summary_large_image","twitter_misc":{"Yazan:":"\u0130smail Y\u0131ld\u0131z","Tahmini okuma s\u00fcresi":"2 dakika"},"schema":{"@context":"https:\/\/schema.org","@graph":[{"@type":"Article","@id":"https:\/\/spontanedigital.com.tr\/?p=3645#article","isPartOf":{"@id":"https:\/\/spontanedigital.com.tr\/?p=3645"},"author":{"name":"\u0130smail Y\u0131ld\u0131z","@id":"https:\/\/spontanedigital.com.tr\/#\/schema\/person\/0fe013d23e14b15cfb52afb8a74dc9ae"},"headline":"K\u00fcresel \u00c7apta ki Gerilimler Turizm Tercihlerini De\u011fi\u015ftirdi: T\u00fcrk Turistler \u0130spanya\u2019ya Y\u00f6neliyor!","datePublished":"2026-03-11T12:46:36+00:00","dateModified":"2026-03-11T12:46:39+00:00","mainEntityOfPage":{"@id":"https:\/\/spontanedigital.com.tr\/?p=3645"},"wordCount":371,"commentCount":0,"publisher":{"@id":"https:\/\/spontanedigital.com.tr\/#organization"},"image":{"@id":"https:\/\/spontanedigital.com.tr\/?p=3645#primaryimage"},"thumbnailUrl":"https:\/\/spontanedigital.com.tr\/wp-content\/uploads\/2026\/03\/ispanyaya-akin-akin-gelen-turist.png","keywords":["abd","Amerika","amerika birle\u015fik devletleri","avrupa","d\u00fcnya","gerilim","gezi","gezi plan\u0131","gezi tercihi","iran","ispanya","ortado\u011fu","pedro sanchez","plan","rota","sava\u015f","seyahat plan\u0131","seyahat tercihi","tatil","tatil plan\u0131","tatil tercihi","turist","turizm","turizm sekt\u00f6r\u00fc","u\u00e7u\u015f","u\u00e7u\u015f plan\u0131","uluslararas\u0131"],"articleSection":{"0":"En Son Eklenen Makaleler","2":"Turizm"},"inLanguage":"tr","potentialAction":[{"@type":"CommentAction","name":"Comment","target":["https:\/\/spontanedigital.com.tr\/?p=3645#respond"]}]},{"@type":"WebPage","@id":"https:\/\/spontanedigital.com.tr\/?p=3645","url":"https:\/\/spontanedigital.com.tr\/?p=3645","name":"K\u00fcresel \u00c7apta ki Gerilimler Turizm Tercihlerini De\u011fi\u015ftirdi: T\u00fcrk Turistler \u0130spanya\u2019ya Y\u00f6neliyor! &#8211; Spontane Digital","isPartOf":{"@id":"https:\/\/spontanedigital.com.tr\/#website"},"primaryImageOfPage":{"@id":"https:\/\/spontanedigital.com.tr\/?p=3645#primaryimage"},"image":{"@id":"https:\/\/spontanedigital.com.tr\/?p=3645#primaryimage"},"thumbnailUrl":"https:\/\/spontanedigital.com.tr\/wp-content\/uploads\/2026\/03\/ispanyaya-akin-akin-gelen-turist.png","datePublished":"2026-03-11T12:46:36+00:00","dateModified":"2026-03-11T12:46:39+00:00","breadcrumb":{"@id":"https:\/\/spontanedigital.com.tr\/?p=3645#breadcrumb"},"inLanguage":"tr","potentialAction":[{"@type":"ReadAction","target":["https:\/\/spontanedigital.com.tr\/?p=3645"]}]},{"@type":"ImageObject","inLanguage":"tr","@id":"https:\/\/spontanedigital.com.tr\/?p=3645#primaryimage","url":"https:\/\/spontanedigital.com.tr\/wp-content\/uploads\/2026\/03\/ispanyaya-akin-akin-gelen-turist.png","contentUrl":"https:\/\/spontanedigital.com.tr\/wp-content\/uploads\/2026\/03\/ispanyaya-akin-akin-gelen-turist.png","width":850,"height":478},{"@type":"BreadcrumbList","@id":"https:\/\/spontanedigital.com.tr\/?p=3645#breadcrumb","itemListElement":[{"@type":"ListItem","position":1,"name":"Anasayfa","item":"https:\/\/spontanedigital.com.tr\/"},{"@type":"ListItem","position":2,"name":"K\u00fcresel \u00c7apta ki Gerilimler Turizm Tercihlerini De\u011fi\u015ftirdi: T\u00fcrk Turistler \u0130spanya\u2019ya Y\u00f6neliyor!"}]},{"@type":"WebSite","@id":"https:\/\/spontanedigital.com.tr\/#website","url":"https:\/\/spontanedigital.com.tr\/","name":"Spontane Digital","description":"Dijitalde Spontanite","publisher":{"@id":"https:\/\/spontanedigital.com.tr\/#organization"},"potentialAction":[{"@type":"SearchAction","target":{"@type":"EntryPoint","urlTemplate":"https:\/\/spontanedigital.com.tr\/?s={search_term_string}"},"query-input":{"@type":"PropertyValueSpecification","valueRequired":true,"valueName":"search_term_string"}}],"inLanguage":"tr"},{"@type":"Organization","@id":"https:\/\/spontanedigital.com.tr\/#organization","name":"Spontane Digital","url":"https:\/\/spontanedigital.com.tr\/","logo":{"@type":"ImageObject","inLanguage":"tr","@id":"https:\/\/spontanedigital.com.tr\/#\/schema\/logo\/image\/","url":"https:\/\/spontanedigital.com.tr\/wp-content\/uploads\/2026\/02\/Spontane-Beyaz-1.png","contentUrl":"https:\/\/spontanedigital.com.tr\/wp-content\/uploads\/2026\/02\/Spontane-Beyaz-1.png","width":1772,"height":900,"caption":"Spontane Digital"},"image":{"@id":"https:\/\/spontanedigital.com.tr\/#\/schema\/logo\/image\/"}},{"@type":"Person","@id":"https:\/\/spontanedigital.com.tr\/#\/schema\/person\/0fe013d23e14b15cfb52afb8a74dc9ae","name":"\u0130smail Y\u0131ld\u0131z","image":{"@type":"ImageObject","inLanguage":"tr","@id":"https:\/\/spontanedigital.com.tr\/wp-content\/uploads\/2026\/02\/WhatsApp-Image-2026-02-27-at-13.44.36-150x150.jpeg","url":"https:\/\/spontanedigital.com.tr\/wp-content\/uploads\/2026\/02\/WhatsApp-Image-2026-02-27-at-13.44.36-150x150.jpeg","contentUrl":"https:\/\/spontanedigital.com.tr\/wp-content\/uploads\/2026\/02\/WhatsApp-Image-2026-02-27-at-13.44.36-150x150.jpeg","caption":"\u0130smail Y\u0131ld\u0131z"},"description":"G\u00fcndelik hayat\u0131n pratik detaylar\u0131ndan yeni ke\u015ffedilecek seyahat rotalar\u0131na kadar geni\u015f bir yelpazede ara\u015ft\u0131rmalar yapan \u0130smail, ya\u015fam\u0131n i\u00e7inden ilham verici i\u00e7erikleri okuyucular\u0131m\u0131zla payla\u015f\u0131yor.","url":"https:\/\/spontanedigital.com.tr\/?author=2"}]}},"featured_image_urls":{"full":["https:\/\/spontanedigital.com.tr\/wp-content\/uploads\/2026\/03\/ispanyaya-akin-akin-gelen-turist.png",850,478,false],"thumbnail":["https:\/\/spontanedigital.com.tr\/wp-content\/uploads\/2026\/03\/ispanyaya-akin-akin-gelen-turist-150x150.png",150,150,true],"medium":["https:\/\/spontanedigital.com.tr\/wp-content\/uploads\/2026\/03\/ispanyaya-akin-akin-gelen-turist-300x169.png",300,169,true],"medium_large":["https:\/\/spontanedigital.com.tr\/wp-content\/uploads\/2026\/03\/ispanyaya-akin-akin-gelen-turist-768x432.png",768,432,true],"large":["https:\/\/spontanedigital.com.tr\/wp-content\/uploads\/2026\/03\/ispanyaya-akin-akin-gelen-turist.png",800,450,false],"1536x1536":["https:\/\/spontanedigital.com.tr\/wp-content\/uploads\/2026\/03\/ispanyaya-akin-akin-gelen-turist.png",850,478,false],"2048x2048":["https:\/\/spontanedigital.com.tr\/wp-content\/uploads\/2026\/03\/ispanyaya-akin-akin-gelen-turist.png",850,478,false],"ultp_layout_landscape_large":["https:\/\/spontanedigital.com.tr\/wp-content\/uploads\/2026\/03\/ispanyaya-akin-akin-gelen-turist.png",850,478,false],"ultp_layout_landscape":["https:\/\/spontanedigital.com.tr\/wp-content\/uploads\/2026\/03\/ispanyaya-akin-akin-gelen-turist.png",850,478,false],"ultp_layout_portrait":["https:\/\/spontanedigital.com.tr\/wp-content\/uploads\/2026\/03\/ispanyaya-akin-akin-gelen-turist-600x478.png",600,478,true],"ultp_layout_square":["https:\/\/spontanedigital.com.tr\/wp-content\/uploads\/2026\/03\/ispanyaya-akin-akin-gelen-turist-600x478.png",600,478,true],"colormag-highlighted-post":["https:\/\/spontanedigital.com.tr\/wp-content\/uploads\/2026\/03\/ispanyaya-akin-akin-gelen-turist-392x272.png",392,272,true],"colormag-featured-post-medium":["https:\/\/spontanedigital.com.tr\/wp-content\/uploads\/2026\/03\/ispanyaya-akin-akin-gelen-turist-390x205.png",390,205,true],"colormag-featured-post-small":["https:\/\/spontanedigital.com.tr\/wp-content\/uploads\/2026\/03\/ispanyaya-akin-akin-gelen-turist-130x90.png",130,90,true],"colormag-featured-image":["https:\/\/spontanedigital.com.tr\/wp-content\/uploads\/2026\/03\/ispanyaya-akin-akin-gelen-turist-800x445.png",800,445,true],"colormag-default-news":["https:\/\/spontanedigital.com.tr\/wp-content\/uploads\/2026\/03\/ispanyaya-akin-akin-gelen-turist-150x150.png",150,150,true],"colormag-featured-image-large":["https:\/\/spontanedigital.com.tr\/wp-content\/uploads\/2026\/03\/ispanyaya-akin-akin-gelen-turist.png",850,478,false]},"author_info":{"info":["\u0130smail Y\u0131ld\u0131z"]},"category_info":"<a href=\"https:\/\/spontanedigital.com.tr\/?cat=19\" rel=\"category\">En Son Eklenen Makaleler<\/a> <a href=\"https:\/\/spontanedigital.com.tr\/?cat=1\" rel=\"category\">Genel<\/a> <a href=\"https:\/\/spontanedigital.com.tr\/?cat=8\" rel=\"category\">Turizm<\/a>","tag_info":"Turizm","comment_count":"0","jetpack_featured_media_url":"https:\/\/spontanedigital.com.tr\/wp-content\/uploads\/2026\/03\/ispanyaya-akin-akin-gelen-turist.png","jetpack_sharing_enabled":true,"_links":{"self":[{"href":"https:\/\/spontanedigital.com.tr\/index.php?rest_route=\/wp\/v2\/posts\/3645","targetHints":{"allow":["GET"]}}],"collection":[{"href":"https:\/\/spontanedigital.com.tr\/index.php?rest_route=\/wp\/v2\/posts"}],"about":[{"href":"https:\/\/spontanedigital.com.tr\/index.php?rest_route=\/wp\/v2\/types\/post"}],"author":[{"embeddable":true,"href":"https:\/\/spontanedigital.com.tr\/index.php?rest_route=\/wp\/v2\/users\/2"}],"replies":[{"embeddable":true,"href":"https:\/\/spontanedigital.com.tr\/index.php?rest_route=%2Fwp%2Fv2%2Fcomments&post=3645"}],"version-history":[{"count":1,"href":"https:\/\/spontanedigital.com.tr\/index.php?rest_route=\/wp\/v2\/posts\/3645\/revisions"}],"predecessor-version":[{"id":3649,"href":"https:\/\/spontanedigital.com.tr\/index.php?rest_route=\/wp\/v2\/posts\/3645\/revisions\/3649"}],"wp:featuredmedia":[{"embeddable":true,"href":"https:\/\/spontanedigital.com.tr\/index.php?rest_route=\/wp\/v2\/media\/3646"}],"wp:attachment":[{"href":"https:\/\/spontanedigital.com.tr\/index.php?rest_route=%2Fwp%2Fv2%2Fmedia&parent=3645"}],"wp:term":[{"taxonomy":"category","embeddable":true,"href":"https:\/\/spontanedigital.com.tr\/index.php?rest_route=%2Fwp%2Fv2%2Fcategories&post=3645"},{"taxonomy":"post_tag","embeddable":true,"href":"https:\/\/spontanedigital.com.tr\/index.php?rest_route=%2Fwp%2Fv2%2Ftags&post=3645"}],"curies":[{"name":"wp","href":"https:\/\/api.w.org\/{rel}","templated":true}]}}