{"id":6915,"date":"2026-03-31T21:20:11","date_gmt":"2026-03-31T18:20:11","guid":{"rendered":"https:\/\/spontanedigital.com.tr\/?p=6915"},"modified":"2026-03-31T21:20:15","modified_gmt":"2026-03-31T18:20:15","slug":"gok-yuzunde-bahar-soleni-2026-pembe-dolunay-ne-zaman-ve-nasil-izlenecek","status":"publish","type":"post","link":"https:\/\/spontanedigital.com.tr\/?p=6915","title":{"rendered":"G\u00f6k y\u00fcz\u00fcnde bahar \u015f\u00f6leni: 2026 Pembe Dolunay ne zaman ve nas\u0131l izlenecek?"},"content":{"rendered":"\n<p>Nisan ay\u0131n\u0131n en b\u00fcy\u00fcleyici g\u00f6ky\u00fcz\u00fc olaylar\u0131ndan biri olan \u201cPembe Dolunay\u201d i\u00e7in geri say\u0131m ba\u015flad\u0131. Ad\u0131n\u0131 nadir bulunan bir renkten de\u011fil, do\u011fan\u0131n uyan\u0131\u015f\u0131ndan alan bu astronomik olay, hem g\u00f6ky\u00fcz\u00fc merakl\u0131lar\u0131 hem de astroloji takip\u00e7ileri i\u00e7in g\u00f6rsel bir \u015f\u00f6len sunmaya haz\u0131rlan\u0131yor. 2026 y\u0131l\u0131 bahar takviminde \u00f6nemli bir yer tutan bu dolunay, D\u00fcnya\u2019ya olan yak\u0131nl\u0131\u011f\u0131 ve parlakl\u0131\u011f\u0131yla b\u00fcy\u00fcleyici bir atmosfer yaratacak.<\/p>\n\n\n\n<hr class=\"wp-block-separator has-alpha-channel-opacity\"\/>\n\n\n\n<h4 class=\"wp-block-heading\">\u0130smi nereden geliyor? Ger\u00e7ekten pembe mi g\u00f6r\u00fcnecek?<\/h4>\n\n\n\n<p>\u201cPembe Dolunay\u201d ismi, asl\u0131nda Ay\u2019\u0131n rengindeki bir de\u011fi\u015fimden kaynaklanm\u0131yor. Bu isim, Kuzey Amerika\u2019da bahar\u0131n ilk habercilerinden biri olan ve nisan ay\u0131nda \u00e7i\u00e7ek a\u00e7an \u201cPhlox subulata\u201d (yabani pembe \u00e7i\u00e7ek) bitkisinden geliyor. Yerli halklar\u0131n mevsimsel d\u00f6ng\u00fcleri takip etmek i\u00e7in verdi\u011fi bu isim, g\u00fcn\u00fcm\u00fczde k\u00fcresel bir fenomen haline gelmi\u015f durumda. Ay, g\u00f6ky\u00fcz\u00fcnde her zamanki g\u00fcm\u00fc\u015fi beyaz renginde veya ufka yak\u0131nken hafif turuncu tonlar\u0131nda g\u00f6r\u00fcnecek ancak parlakl\u0131\u011f\u0131 normalden \u00e7ok daha etkileyici olacak.<\/p>\n\n\n\n<hr class=\"wp-block-separator has-alpha-channel-opacity\"\/>\n\n\n\n<h4 class=\"wp-block-heading\">2026 Pembe Dolunay saati ve en iyi izleme noktalar\u0131<\/h4>\n\n\n\n<p>2026 y\u0131l\u0131 verilerine g\u00f6re Pembe Dolunay,&nbsp;<strong>3 Nisan 2026 Cuma<\/strong>&nbsp;gecesi en g\u00f6rkemli haliyle izlenebilecek. T\u00fcrkiye saatiyle ak\u015fam\u00fczeri ufuk \u00e7izgisinden y\u00fckselmeye ba\u015flayacak olan Ay, gece yar\u0131s\u0131na do\u011fru tam dolunay evresine ula\u015farak g\u00f6ky\u00fcz\u00fcn\u00fcn en y\u00fcksek noktas\u0131nda parlayacak. Bu g\u00f6rsel \u015f\u00f6leni izlemek i\u00e7in herhangi bir teleskop veya profesyonel ekipmana ihtiya\u00e7 duyulmasa da, \u015fehir \u0131\u015f\u0131klar\u0131ndan uzak, a\u00e7\u0131k hava alanlar\u0131 en net g\u00f6r\u00fc\u015f\u00fc sa\u011flayacakt\u0131r.<\/p>\n\n\n\n<hr class=\"wp-block-separator has-alpha-channel-opacity\"\/>\n\n\n\n<h4 class=\"wp-block-heading\">Mevsimsel d\u00f6n\u00fc\u015f\u00fcm ve do\u011fadaki yans\u0131malar\u0131<\/h4>\n\n\n\n<p>Pembe Dolunay, sadece bir g\u00f6rsel olay de\u011fil, ayn\u0131 zamanda tar\u0131m ve do\u011fa takviminde bir d\u00f6n\u00fcm noktas\u0131n\u0131 temsil ediyor. Topra\u011f\u0131n \u0131s\u0131nmaya ba\u015flad\u0131\u011f\u0131, tohumlar\u0131n filizlendi\u011fi ve k\u0131\u015f uykusundaki canl\u0131lar\u0131n uyand\u0131\u011f\u0131 bu d\u00f6nem, bir\u00e7ok k\u00fclt\u00fcrde \u201cYeniden Do\u011fu\u015f\u201d dolunay\u0131 olarak da adland\u0131r\u0131l\u0131yor. Denizlerdeki gelgit olaylar\u0131n\u0131 da etkileyen bu g\u00fc\u00e7l\u00fc evre, do\u011fan\u0131n kendi i\u00e7indeki ritmini ve dengesini bir kez daha hat\u0131rlat\u0131yor.<\/p>\n\n\n\n<blockquote class=\"wp-block-quote is-layout-flow wp-block-quote-is-layout-flow\">\n<p>Karde\u015f Haber: <a href=\"https:\/\/checkinhaber.com\/2026\/03\/31\/gok-yuzunde-bahar-soleni-2026-pembe-dolunay-ne-zaman-ve-nasil-izlenecek\/\" type=\"link\" id=\"https:\/\/checkinhaber.com\/2026\/03\/31\/gok-yuzunde-bahar-soleni-2026-pembe-dolunay-ne-zaman-ve-nasil-izlenecek\/\">https:\/\/checkinhaber.com\/2026\/03\/31\/gok-yuzunde-bahar-soleni-2026-pembe-dolunay-ne-zaman-ve-nasil-izlenecek\/<\/a><\/p>\n\n\n\n<p>Kaynak: <a href=\"https:\/\/www.cumhuriyet.com.tr\/yasam\/pembe-dolunay-nedir-pembe-dolunay-ne-zaman-saat-kacta-gorulecek-2491067\" type=\"link\" id=\"https:\/\/www.cumhuriyet.com.tr\/yasam\/pembe-dolunay-nedir-pembe-dolunay-ne-zaman-saat-kacta-gorulecek-2491067\">https:\/\/www.cumhuriyet.com.tr\/yasam\/pembe-dolunay-nedir-pembe-dolunay-ne-zaman-saat-kacta-gorulecek-2491067<\/a><\/p>\n<\/blockquote>\n\n\n\n<p>D\u00fczenlenme Tarihi: 31.03.2026,21:20<\/p>\n","protected":false},"excerpt":{"rendered":"<p>Nisan ay\u0131n\u0131n en b\u00fcy\u00fcleyici g\u00f6ky\u00fcz\u00fc olaylar\u0131ndan biri olan \u201cPembe Dolunay\u201d i\u00e7in geri say\u0131m ba\u015flad\u0131. Ad\u0131n\u0131 nadir bulunan bir renkten de\u011fil,<\/p>\n","protected":false},"author":4,"featured_media":6916,"comment_status":"open","ping_status":"open","sticky":false,"template":"","format":"standard","meta":{"colormag_page_container_layout":"default_layout","colormag_page_sidebar_layout":"default_layout","_jetpack_memberships_contains_paid_content":false,"footnotes":""},"categories":[15,1],"tags":[],"class_list":["post-6915","post","type-post","status-publish","format-standard","has-post-thumbnail","hentry","category-dunya","category-genel"],"magazineBlocksPostFeaturedMedia":{"thumbnail":"https:\/\/spontanedigital.com.tr\/wp-content\/uploads\/2026\/03\/pembeee-150x150.webp","medium":"https:\/\/spontanedigital.com.tr\/wp-content\/uploads\/2026\/03\/pembeee-300x169.webp","medium_large":"https:\/\/spontanedigital.com.tr\/wp-content\/uploads\/2026\/03\/pembeee.webp","large":"https:\/\/spontanedigital.com.tr\/wp-content\/uploads\/2026\/03\/pembeee.webp","1536x1536":"https:\/\/spontanedigital.com.tr\/wp-content\/uploads\/2026\/03\/pembeee.webp","2048x2048":"https:\/\/spontanedigital.com.tr\/wp-content\/uploads\/2026\/03\/pembeee.webp","ultp_layout_landscape_large":"https:\/\/spontanedigital.com.tr\/wp-content\/uploads\/2026\/03\/pembeee.webp","ultp_layout_landscape":"https:\/\/spontanedigital.com.tr\/wp-content\/uploads\/2026\/03\/pembeee.webp","ultp_layout_portrait":"https:\/\/spontanedigital.com.tr\/wp-content\/uploads\/2026\/03\/pembeee.webp","ultp_layout_square":"https:\/\/spontanedigital.com.tr\/wp-content\/uploads\/2026\/03\/pembeee.webp","colormag-highlighted-post":"https:\/\/spontanedigital.com.tr\/wp-content\/uploads\/2026\/03\/pembeee-392x272.webp","colormag-featured-post-medium":"https:\/\/spontanedigital.com.tr\/wp-content\/uploads\/2026\/03\/pembeee-390x205.webp","colormag-featured-post-small":"https:\/\/spontanedigital.com.tr\/wp-content\/uploads\/2026\/03\/pembeee-130x90.webp","colormag-featured-image":"https:\/\/spontanedigital.com.tr\/wp-content\/uploads\/2026\/03\/pembeee.webp","colormag-default-news":"https:\/\/spontanedigital.com.tr\/wp-content\/uploads\/2026\/03\/pembeee-150x150.webp","colormag-featured-image-large":"https:\/\/spontanedigital.com.tr\/wp-content\/uploads\/2026\/03\/pembeee.webp"},"magazineBlocksPostAuthor":{"name":"Zehra \u0130laslan","avatar":"https:\/\/spontanedigital.com.tr\/wp-content\/uploads\/2026\/02\/WhatsApp-Image-2026-02-27-at-13.44.33-150x150.jpeg"},"magazineBlocksPostCommentsNumber":"0","magazineBlocksPostExcerpt":"Nisan ay\u0131n\u0131n en b\u00fcy\u00fcleyici g\u00f6ky\u00fcz\u00fc olaylar\u0131ndan biri olan \u201cPembe Dolunay\u201d i\u00e7in geri say\u0131m ba\u015flad\u0131. Ad\u0131n\u0131 nadir bulunan bir renkten de\u011fil,","magazineBlocksPostCategories":["D\u00fcnya","Genel"],"magazineBlocksPostViewCount":34,"magazineBlocksPostReadTime":2,"magazine_blocks_featured_image_url":{"full":["https:\/\/spontanedigital.com.tr\/wp-content\/uploads\/2026\/03\/pembeee.webp",600,338,false],"medium":["https:\/\/spontanedigital.com.tr\/wp-content\/uploads\/2026\/03\/pembeee-300x169.webp",300,169,true],"thumbnail":["https:\/\/spontanedigital.com.tr\/wp-content\/uploads\/2026\/03\/pembeee-150x150.webp",150,150,true]},"magazine_blocks_author":{"display_name":"Zehra \u0130laslan","author_link":"https:\/\/spontanedigital.com.tr\/?author=4"},"magazine_blocks_comment":0,"magazine_blocks_author_image":"https:\/\/spontanedigital.com.tr\/wp-content\/uploads\/2026\/02\/WhatsApp-Image-2026-02-27-at-13.44.33-150x150.jpeg","magazine_blocks_category":"<a href=\"#\" class=\"category-link category-link-15\">D\u00fcnya<\/a> <a href=\"#\" class=\"category-link category-link-1\">Genel<\/a>","yoast_head":"<!-- This site is optimized with the Yoast SEO plugin v27.4 - https:\/\/yoast.com\/product\/yoast-seo-wordpress\/ -->\n<title>G\u00f6k y\u00fcz\u00fcnde bahar \u015f\u00f6leni: 2026 Pembe Dolunay ne zaman ve nas\u0131l izlenecek? &#8211; Spontane Digital<\/title>\n<meta name=\"robots\" content=\"index, follow, max-snippet:-1, max-image-preview:large, max-video-preview:-1\" \/>\n<link rel=\"canonical\" href=\"https:\/\/spontanedigital.com.tr\/?p=6915\" \/>\n<meta property=\"og:locale\" content=\"tr_TR\" \/>\n<meta property=\"og:type\" content=\"article\" \/>\n<meta property=\"og:title\" content=\"G\u00f6k y\u00fcz\u00fcnde bahar \u015f\u00f6leni: 2026 Pembe Dolunay ne zaman ve nas\u0131l izlenecek? &#8211; Spontane Digital\" \/>\n<meta property=\"og:description\" content=\"Nisan ay\u0131n\u0131n en b\u00fcy\u00fcleyici g\u00f6ky\u00fcz\u00fc olaylar\u0131ndan biri olan \u201cPembe Dolunay\u201d i\u00e7in geri say\u0131m ba\u015flad\u0131. Ad\u0131n\u0131 nadir bulunan bir renkten de\u011fil,\" \/>\n<meta property=\"og:url\" content=\"https:\/\/spontanedigital.com.tr\/?p=6915\" \/>\n<meta property=\"og:site_name\" content=\"Spontane Digital\" \/>\n<meta property=\"article:published_time\" content=\"2026-03-31T18:20:11+00:00\" \/>\n<meta property=\"article:modified_time\" content=\"2026-03-31T18:20:15+00:00\" \/>\n<meta property=\"og:image\" content=\"https:\/\/spontanedigital.com.tr\/wp-content\/uploads\/2026\/03\/pembeee.webp\" \/>\n\t<meta property=\"og:image:width\" content=\"600\" \/>\n\t<meta property=\"og:image:height\" content=\"338\" \/>\n\t<meta property=\"og:image:type\" content=\"image\/webp\" \/>\n<meta name=\"author\" content=\"Zehra \u0130laslan\" \/>\n<meta name=\"twitter:card\" content=\"summary_large_image\" \/>\n<meta name=\"twitter:label1\" content=\"Yazan:\" \/>\n\t<meta name=\"twitter:data1\" content=\"Zehra \u0130laslan\" \/>\n\t<meta name=\"twitter:label2\" content=\"Tahmini okuma s\u00fcresi\" \/>\n\t<meta name=\"twitter:data2\" content=\"2 dakika\" \/>\n<script type=\"application\/ld+json\" class=\"yoast-schema-graph\">{\"@context\":\"https:\\\/\\\/schema.org\",\"@graph\":[{\"@type\":\"Article\",\"@id\":\"https:\\\/\\\/spontanedigital.com.tr\\\/?p=6915#article\",\"isPartOf\":{\"@id\":\"https:\\\/\\\/spontanedigital.com.tr\\\/?p=6915\"},\"author\":{\"name\":\"Zehra \u0130laslan\",\"@id\":\"https:\\\/\\\/spontanedigital.com.tr\\\/#\\\/schema\\\/person\\\/1c2e4274f4a632f9cdd206f97861d319\"},\"headline\":\"G\u00f6k y\u00fcz\u00fcnde bahar \u015f\u00f6leni: 2026 Pembe Dolunay ne zaman ve nas\u0131l izlenecek?\",\"datePublished\":\"2026-03-31T18:20:11+00:00\",\"dateModified\":\"2026-03-31T18:20:15+00:00\",\"mainEntityOfPage\":{\"@id\":\"https:\\\/\\\/spontanedigital.com.tr\\\/?p=6915\"},\"wordCount\":413,\"commentCount\":0,\"publisher\":{\"@id\":\"https:\\\/\\\/spontanedigital.com.tr\\\/#organization\"},\"image\":{\"@id\":\"https:\\\/\\\/spontanedigital.com.tr\\\/?p=6915#primaryimage\"},\"thumbnailUrl\":\"https:\\\/\\\/spontanedigital.com.tr\\\/wp-content\\\/uploads\\\/2026\\\/03\\\/pembeee.webp\",\"articleSection\":[\"D\u00fcnya\"],\"inLanguage\":\"tr\",\"potentialAction\":[{\"@type\":\"CommentAction\",\"name\":\"Comment\",\"target\":[\"https:\\\/\\\/spontanedigital.com.tr\\\/?p=6915#respond\"]}]},{\"@type\":\"WebPage\",\"@id\":\"https:\\\/\\\/spontanedigital.com.tr\\\/?p=6915\",\"url\":\"https:\\\/\\\/spontanedigital.com.tr\\\/?p=6915\",\"name\":\"G\u00f6k y\u00fcz\u00fcnde bahar \u015f\u00f6leni: 2026 Pembe Dolunay ne zaman ve nas\u0131l izlenecek? &#8211; Spontane Digital\",\"isPartOf\":{\"@id\":\"https:\\\/\\\/spontanedigital.com.tr\\\/#website\"},\"primaryImageOfPage\":{\"@id\":\"https:\\\/\\\/spontanedigital.com.tr\\\/?p=6915#primaryimage\"},\"image\":{\"@id\":\"https:\\\/\\\/spontanedigital.com.tr\\\/?p=6915#primaryimage\"},\"thumbnailUrl\":\"https:\\\/\\\/spontanedigital.com.tr\\\/wp-content\\\/uploads\\\/2026\\\/03\\\/pembeee.webp\",\"datePublished\":\"2026-03-31T18:20:11+00:00\",\"dateModified\":\"2026-03-31T18:20:15+00:00\",\"breadcrumb\":{\"@id\":\"https:\\\/\\\/spontanedigital.com.tr\\\/?p=6915#breadcrumb\"},\"inLanguage\":\"tr\",\"potentialAction\":[{\"@type\":\"ReadAction\",\"target\":[\"https:\\\/\\\/spontanedigital.com.tr\\\/?p=6915\"]}]},{\"@type\":\"ImageObject\",\"inLanguage\":\"tr\",\"@id\":\"https:\\\/\\\/spontanedigital.com.tr\\\/?p=6915#primaryimage\",\"url\":\"https:\\\/\\\/spontanedigital.com.tr\\\/wp-content\\\/uploads\\\/2026\\\/03\\\/pembeee.webp\",\"contentUrl\":\"https:\\\/\\\/spontanedigital.com.tr\\\/wp-content\\\/uploads\\\/2026\\\/03\\\/pembeee.webp\",\"width\":600,\"height\":338},{\"@type\":\"BreadcrumbList\",\"@id\":\"https:\\\/\\\/spontanedigital.com.tr\\\/?p=6915#breadcrumb\",\"itemListElement\":[{\"@type\":\"ListItem\",\"position\":1,\"name\":\"Anasayfa\",\"item\":\"https:\\\/\\\/spontanedigital.com.tr\\\/\"},{\"@type\":\"ListItem\",\"position\":2,\"name\":\"G\u00f6k y\u00fcz\u00fcnde bahar \u015f\u00f6leni: 2026 Pembe Dolunay ne zaman ve nas\u0131l izlenecek?\"}]},{\"@type\":\"WebSite\",\"@id\":\"https:\\\/\\\/spontanedigital.com.tr\\\/#website\",\"url\":\"https:\\\/\\\/spontanedigital.com.tr\\\/\",\"name\":\"Spontane Digital\",\"description\":\"Dijitalde Spontanite\",\"publisher\":{\"@id\":\"https:\\\/\\\/spontanedigital.com.tr\\\/#organization\"},\"potentialAction\":[{\"@type\":\"SearchAction\",\"target\":{\"@type\":\"EntryPoint\",\"urlTemplate\":\"https:\\\/\\\/spontanedigital.com.tr\\\/?s={search_term_string}\"},\"query-input\":{\"@type\":\"PropertyValueSpecification\",\"valueRequired\":true,\"valueName\":\"search_term_string\"}}],\"inLanguage\":\"tr\"},{\"@type\":\"Organization\",\"@id\":\"https:\\\/\\\/spontanedigital.com.tr\\\/#organization\",\"name\":\"Spontane Digital\",\"url\":\"https:\\\/\\\/spontanedigital.com.tr\\\/\",\"logo\":{\"@type\":\"ImageObject\",\"inLanguage\":\"tr\",\"@id\":\"https:\\\/\\\/spontanedigital.com.tr\\\/#\\\/schema\\\/logo\\\/image\\\/\",\"url\":\"https:\\\/\\\/spontanedigital.com.tr\\\/wp-content\\\/uploads\\\/2026\\\/02\\\/Spontane-Beyaz-1.png\",\"contentUrl\":\"https:\\\/\\\/spontanedigital.com.tr\\\/wp-content\\\/uploads\\\/2026\\\/02\\\/Spontane-Beyaz-1.png\",\"width\":1772,\"height\":900,\"caption\":\"Spontane Digital\"},\"image\":{\"@id\":\"https:\\\/\\\/spontanedigital.com.tr\\\/#\\\/schema\\\/logo\\\/image\\\/\"}},{\"@type\":\"Person\",\"@id\":\"https:\\\/\\\/spontanedigital.com.tr\\\/#\\\/schema\\\/person\\\/1c2e4274f4a632f9cdd206f97861d319\",\"name\":\"Zehra \u0130laslan\",\"image\":{\"@type\":\"ImageObject\",\"inLanguage\":\"tr\",\"@id\":\"https:\\\/\\\/spontanedigital.com.tr\\\/wp-content\\\/uploads\\\/2026\\\/02\\\/WhatsApp-Image-2026-02-27-at-13.44.33-150x150.jpeg\",\"url\":\"https:\\\/\\\/spontanedigital.com.tr\\\/wp-content\\\/uploads\\\/2026\\\/02\\\/WhatsApp-Image-2026-02-27-at-13.44.33-150x150.jpeg\",\"contentUrl\":\"https:\\\/\\\/spontanedigital.com.tr\\\/wp-content\\\/uploads\\\/2026\\\/02\\\/WhatsApp-Image-2026-02-27-at-13.44.33-150x150.jpeg\",\"caption\":\"Zehra \u0130laslan\"},\"description\":\"K\u00fcresel geli\u015fmeleri ve e\u011fitim d\u00fcnyas\u0131ndaki de\u011fi\u015fimleri oda\u011f\u0131na alan Zehra, ufuk a\u00e7an geli\u015fmeleri ve d\u00fcnyadan \u00f6nemli haberleri okuyucular\u0131m\u0131za ula\u015ft\u0131r\u0131yor.\",\"url\":\"https:\\\/\\\/spontanedigital.com.tr\\\/?author=4\"}]}<\/script>\n<!-- \/ Yoast SEO plugin. -->","yoast_head_json":{"title":"G\u00f6k y\u00fcz\u00fcnde bahar \u015f\u00f6leni: 2026 Pembe Dolunay ne zaman ve nas\u0131l izlenecek? &#8211; Spontane Digital","robots":{"index":"index","follow":"follow","max-snippet":"max-snippet:-1","max-image-preview":"max-image-preview:large","max-video-preview":"max-video-preview:-1"},"canonical":"https:\/\/spontanedigital.com.tr\/?p=6915","og_locale":"tr_TR","og_type":"article","og_title":"G\u00f6k y\u00fcz\u00fcnde bahar \u015f\u00f6leni: 2026 Pembe Dolunay ne zaman ve nas\u0131l izlenecek? &#8211; Spontane Digital","og_description":"Nisan ay\u0131n\u0131n en b\u00fcy\u00fcleyici g\u00f6ky\u00fcz\u00fc olaylar\u0131ndan biri olan \u201cPembe Dolunay\u201d i\u00e7in geri say\u0131m ba\u015flad\u0131. Ad\u0131n\u0131 nadir bulunan bir renkten de\u011fil,","og_url":"https:\/\/spontanedigital.com.tr\/?p=6915","og_site_name":"Spontane Digital","article_published_time":"2026-03-31T18:20:11+00:00","article_modified_time":"2026-03-31T18:20:15+00:00","og_image":[{"width":600,"height":338,"url":"https:\/\/spontanedigital.com.tr\/wp-content\/uploads\/2026\/03\/pembeee.webp","type":"image\/webp"}],"author":"Zehra \u0130laslan","twitter_card":"summary_large_image","twitter_misc":{"Yazan:":"Zehra \u0130laslan","Tahmini okuma s\u00fcresi":"2 dakika"},"schema":{"@context":"https:\/\/schema.org","@graph":[{"@type":"Article","@id":"https:\/\/spontanedigital.com.tr\/?p=6915#article","isPartOf":{"@id":"https:\/\/spontanedigital.com.tr\/?p=6915"},"author":{"name":"Zehra \u0130laslan","@id":"https:\/\/spontanedigital.com.tr\/#\/schema\/person\/1c2e4274f4a632f9cdd206f97861d319"},"headline":"G\u00f6k y\u00fcz\u00fcnde bahar \u015f\u00f6leni: 2026 Pembe Dolunay ne zaman ve nas\u0131l izlenecek?","datePublished":"2026-03-31T18:20:11+00:00","dateModified":"2026-03-31T18:20:15+00:00","mainEntityOfPage":{"@id":"https:\/\/spontanedigital.com.tr\/?p=6915"},"wordCount":413,"commentCount":0,"publisher":{"@id":"https:\/\/spontanedigital.com.tr\/#organization"},"image":{"@id":"https:\/\/spontanedigital.com.tr\/?p=6915#primaryimage"},"thumbnailUrl":"https:\/\/spontanedigital.com.tr\/wp-content\/uploads\/2026\/03\/pembeee.webp","articleSection":["D\u00fcnya"],"inLanguage":"tr","potentialAction":[{"@type":"CommentAction","name":"Comment","target":["https:\/\/spontanedigital.com.tr\/?p=6915#respond"]}]},{"@type":"WebPage","@id":"https:\/\/spontanedigital.com.tr\/?p=6915","url":"https:\/\/spontanedigital.com.tr\/?p=6915","name":"G\u00f6k y\u00fcz\u00fcnde bahar \u015f\u00f6leni: 2026 Pembe Dolunay ne zaman ve nas\u0131l izlenecek? &#8211; Spontane Digital","isPartOf":{"@id":"https:\/\/spontanedigital.com.tr\/#website"},"primaryImageOfPage":{"@id":"https:\/\/spontanedigital.com.tr\/?p=6915#primaryimage"},"image":{"@id":"https:\/\/spontanedigital.com.tr\/?p=6915#primaryimage"},"thumbnailUrl":"https:\/\/spontanedigital.com.tr\/wp-content\/uploads\/2026\/03\/pembeee.webp","datePublished":"2026-03-31T18:20:11+00:00","dateModified":"2026-03-31T18:20:15+00:00","breadcrumb":{"@id":"https:\/\/spontanedigital.com.tr\/?p=6915#breadcrumb"},"inLanguage":"tr","potentialAction":[{"@type":"ReadAction","target":["https:\/\/spontanedigital.com.tr\/?p=6915"]}]},{"@type":"ImageObject","inLanguage":"tr","@id":"https:\/\/spontanedigital.com.tr\/?p=6915#primaryimage","url":"https:\/\/spontanedigital.com.tr\/wp-content\/uploads\/2026\/03\/pembeee.webp","contentUrl":"https:\/\/spontanedigital.com.tr\/wp-content\/uploads\/2026\/03\/pembeee.webp","width":600,"height":338},{"@type":"BreadcrumbList","@id":"https:\/\/spontanedigital.com.tr\/?p=6915#breadcrumb","itemListElement":[{"@type":"ListItem","position":1,"name":"Anasayfa","item":"https:\/\/spontanedigital.com.tr\/"},{"@type":"ListItem","position":2,"name":"G\u00f6k y\u00fcz\u00fcnde bahar \u015f\u00f6leni: 2026 Pembe Dolunay ne zaman ve nas\u0131l izlenecek?"}]},{"@type":"WebSite","@id":"https:\/\/spontanedigital.com.tr\/#website","url":"https:\/\/spontanedigital.com.tr\/","name":"Spontane Digital","description":"Dijitalde Spontanite","publisher":{"@id":"https:\/\/spontanedigital.com.tr\/#organization"},"potentialAction":[{"@type":"SearchAction","target":{"@type":"EntryPoint","urlTemplate":"https:\/\/spontanedigital.com.tr\/?s={search_term_string}"},"query-input":{"@type":"PropertyValueSpecification","valueRequired":true,"valueName":"search_term_string"}}],"inLanguage":"tr"},{"@type":"Organization","@id":"https:\/\/spontanedigital.com.tr\/#organization","name":"Spontane Digital","url":"https:\/\/spontanedigital.com.tr\/","logo":{"@type":"ImageObject","inLanguage":"tr","@id":"https:\/\/spontanedigital.com.tr\/#\/schema\/logo\/image\/","url":"https:\/\/spontanedigital.com.tr\/wp-content\/uploads\/2026\/02\/Spontane-Beyaz-1.png","contentUrl":"https:\/\/spontanedigital.com.tr\/wp-content\/uploads\/2026\/02\/Spontane-Beyaz-1.png","width":1772,"height":900,"caption":"Spontane Digital"},"image":{"@id":"https:\/\/spontanedigital.com.tr\/#\/schema\/logo\/image\/"}},{"@type":"Person","@id":"https:\/\/spontanedigital.com.tr\/#\/schema\/person\/1c2e4274f4a632f9cdd206f97861d319","name":"Zehra \u0130laslan","image":{"@type":"ImageObject","inLanguage":"tr","@id":"https:\/\/spontanedigital.com.tr\/wp-content\/uploads\/2026\/02\/WhatsApp-Image-2026-02-27-at-13.44.33-150x150.jpeg","url":"https:\/\/spontanedigital.com.tr\/wp-content\/uploads\/2026\/02\/WhatsApp-Image-2026-02-27-at-13.44.33-150x150.jpeg","contentUrl":"https:\/\/spontanedigital.com.tr\/wp-content\/uploads\/2026\/02\/WhatsApp-Image-2026-02-27-at-13.44.33-150x150.jpeg","caption":"Zehra \u0130laslan"},"description":"K\u00fcresel geli\u015fmeleri ve e\u011fitim d\u00fcnyas\u0131ndaki de\u011fi\u015fimleri oda\u011f\u0131na alan Zehra, ufuk a\u00e7an geli\u015fmeleri ve d\u00fcnyadan \u00f6nemli haberleri okuyucular\u0131m\u0131za ula\u015ft\u0131r\u0131yor.","url":"https:\/\/spontanedigital.com.tr\/?author=4"}]}},"featured_image_urls":{"full":["https:\/\/spontanedigital.com.tr\/wp-content\/uploads\/2026\/03\/pembeee.webp",600,338,false],"thumbnail":["https:\/\/spontanedigital.com.tr\/wp-content\/uploads\/2026\/03\/pembeee-150x150.webp",150,150,true],"medium":["https:\/\/spontanedigital.com.tr\/wp-content\/uploads\/2026\/03\/pembeee-300x169.webp",300,169,true],"medium_large":["https:\/\/spontanedigital.com.tr\/wp-content\/uploads\/2026\/03\/pembeee.webp",600,338,false],"large":["https:\/\/spontanedigital.com.tr\/wp-content\/uploads\/2026\/03\/pembeee.webp",600,338,false],"1536x1536":["https:\/\/spontanedigital.com.tr\/wp-content\/uploads\/2026\/03\/pembeee.webp",600,338,false],"2048x2048":["https:\/\/spontanedigital.com.tr\/wp-content\/uploads\/2026\/03\/pembeee.webp",600,338,false],"ultp_layout_landscape_large":["https:\/\/spontanedigital.com.tr\/wp-content\/uploads\/2026\/03\/pembeee.webp",600,338,false],"ultp_layout_landscape":["https:\/\/spontanedigital.com.tr\/wp-content\/uploads\/2026\/03\/pembeee.webp",600,338,false],"ultp_layout_portrait":["https:\/\/spontanedigital.com.tr\/wp-content\/uploads\/2026\/03\/pembeee.webp",600,338,false],"ultp_layout_square":["https:\/\/spontanedigital.com.tr\/wp-content\/uploads\/2026\/03\/pembeee.webp",600,338,false],"colormag-highlighted-post":["https:\/\/spontanedigital.com.tr\/wp-content\/uploads\/2026\/03\/pembeee-392x272.webp",392,272,true],"colormag-featured-post-medium":["https:\/\/spontanedigital.com.tr\/wp-content\/uploads\/2026\/03\/pembeee-390x205.webp",390,205,true],"colormag-featured-post-small":["https:\/\/spontanedigital.com.tr\/wp-content\/uploads\/2026\/03\/pembeee-130x90.webp",130,90,true],"colormag-featured-image":["https:\/\/spontanedigital.com.tr\/wp-content\/uploads\/2026\/03\/pembeee.webp",600,338,false],"colormag-default-news":["https:\/\/spontanedigital.com.tr\/wp-content\/uploads\/2026\/03\/pembeee-150x150.webp",150,150,true],"colormag-featured-image-large":["https:\/\/spontanedigital.com.tr\/wp-content\/uploads\/2026\/03\/pembeee.webp",600,338,false]},"author_info":{"info":["Zehra \u0130laslan"]},"category_info":"<a href=\"https:\/\/spontanedigital.com.tr\/?cat=15\" rel=\"category\">D\u00fcnya<\/a> <a href=\"https:\/\/spontanedigital.com.tr\/?cat=1\" rel=\"category\">Genel<\/a>","tag_info":"Genel","comment_count":"0","jetpack_featured_media_url":"https:\/\/spontanedigital.com.tr\/wp-content\/uploads\/2026\/03\/pembeee.webp","jetpack_sharing_enabled":true,"_links":{"self":[{"href":"https:\/\/spontanedigital.com.tr\/index.php?rest_route=\/wp\/v2\/posts\/6915","targetHints":{"allow":["GET"]}}],"collection":[{"href":"https:\/\/spontanedigital.com.tr\/index.php?rest_route=\/wp\/v2\/posts"}],"about":[{"href":"https:\/\/spontanedigital.com.tr\/index.php?rest_route=\/wp\/v2\/types\/post"}],"author":[{"embeddable":true,"href":"https:\/\/spontanedigital.com.tr\/index.php?rest_route=\/wp\/v2\/users\/4"}],"replies":[{"embeddable":true,"href":"https:\/\/spontanedigital.com.tr\/index.php?rest_route=%2Fwp%2Fv2%2Fcomments&post=6915"}],"version-history":[{"count":1,"href":"https:\/\/spontanedigital.com.tr\/index.php?rest_route=\/wp\/v2\/posts\/6915\/revisions"}],"predecessor-version":[{"id":6918,"href":"https:\/\/spontanedigital.com.tr\/index.php?rest_route=\/wp\/v2\/posts\/6915\/revisions\/6918"}],"wp:featuredmedia":[{"embeddable":true,"href":"https:\/\/spontanedigital.com.tr\/index.php?rest_route=\/wp\/v2\/media\/6916"}],"wp:attachment":[{"href":"https:\/\/spontanedigital.com.tr\/index.php?rest_route=%2Fwp%2Fv2%2Fmedia&parent=6915"}],"wp:term":[{"taxonomy":"category","embeddable":true,"href":"https:\/\/spontanedigital.com.tr\/index.php?rest_route=%2Fwp%2Fv2%2Fcategories&post=6915"},{"taxonomy":"post_tag","embeddable":true,"href":"https:\/\/spontanedigital.com.tr\/index.php?rest_route=%2Fwp%2Fv2%2Ftags&post=6915"}],"curies":[{"name":"wp","href":"https:\/\/api.w.org\/{rel}","templated":true}]}}