{"id":9884,"date":"2026-04-25T18:39:42","date_gmt":"2026-04-25T15:39:42","guid":{"rendered":"https:\/\/spontanedigital.com.tr\/?p=9884"},"modified":"2026-04-25T18:39:47","modified_gmt":"2026-04-25T15:39:47","slug":"einstein-yine-hakli-cikti-uzay-ve-zamanin-bukuldugu-o-tarihi-an","status":"publish","type":"post","link":"https:\/\/spontanedigital.com.tr\/?p=9884","title":{"rendered":"Einstein Yine Hakl\u0131 \u00c7\u0131kt\u0131: Uzay ve Zaman\u0131n B\u00fck\u00fcld\u00fc\u011f\u00fc O Tarihi An!"},"content":{"rendered":"\n<h2 class=\"wp-block-heading\">SN 2024afav s\u00fcpernovas\u0131n\u0131 inceleyen astronomlar, bir magnetar\u0131n do\u011fumuna ilk kez \u015fahitlik etti. I\u015f\u0131ktaki tuhaf titre\u015fimler, Einstein&#8217;\u0131n &#8220;uzay-zaman s\u00fcr\u00fcklenmesi&#8221; teorisini do\u011frulad\u0131. H\u0131zla d\u00f6nen magnetar\u0131n uzay\u0131 bir bal gibi s\u00fcr\u00fckleyerek b\u00fckmesi, evrenin en u\u00e7 fizi\u011fini ilk kez do\u011frudan kan\u0131tlad\u0131<\/h2>\n\n\n\n<p><a href=\"https:\/\/i.gazeteoksijen.com\/storage\/files\/images\/2026\/03\/12\/uzay-ve-zamanin-bukuldugu-an-ilk-kez-goruntulendi-einsteinin-teorisi-bir-yildizin-olumunde-kanitlandi-1vyz.jpg\"><\/a><\/p>\n\n\n\n<p>Astronomlar, evrenin en u\u00e7 ve gizemli cisimlerinden biri olan magnetar\u0131n do\u011fumunu ilk kez do\u011frudan g\u00f6zlemledi. S\u00f6z konusu ke\u015fif, bu s\u0131ra d\u0131\u015f\u0131 g\u00f6k cisimlerinin evrendeki en parlak patlamalardan baz\u0131lar\u0131n\u0131 nas\u0131l g\u00fc\u00e7lendirdi\u011fine dair \u015fimdiye kadarki en g\u00fc\u00e7l\u00fc kan\u0131t\u0131 sa\u011flad\u0131.<\/p>\n\n\n\n<p><em><strong>The Times&#8217;\u0131n haberine g\u00f6re<\/strong><\/em>&nbsp;g\u00f6zlemler, bu cisimlerin Einstein\u2019\u0131n genel g\u00f6relilik kuram\u0131na uygun \u015fekilde&nbsp;<a href=\"https:\/\/gazeteoksijen.com\/haberleri\/uzay\" target=\"_blank\" rel=\"noreferrer noopener\">uzay<\/a>-zaman dokusunu adeta b\u00fckebildi\u011fini de g\u00f6sterdi.<\/p>\n\n\n\n<p>Ara\u015ft\u0131rmac\u0131lar, Aral\u0131k 2024\u2019te ke\u015ffedilen ve yakla\u015f\u0131k 1 milyar \u0131\u015f\u0131k y\u0131l\u0131 uzakl\u0131kta bulunan&nbsp;<em><strong>SN 2024afav adl\u0131 s\u00fcper parlak s\u00fcpernovay\u0131 200 g\u00fcnden uzun s\u00fcre boyunca g\u00f6zlemledi.<\/strong><\/em>Bu y\u0131ld\u0131z patlamas\u0131, normal bir s\u00fcpernovadan en az 10 kat daha parlak \u0131\u015f\u0131k yay\u0131yor.<\/p>\n\n\n\n<h2 class=\"wp-block-heading\">Bir y\u0131ld\u0131z\u0131n sonu nas\u0131l magnetara d\u00f6n\u00fc\u015f\u00fcyor?<\/h2>\n\n\n\n<p>B\u00fcy\u00fck bir y\u0131ld\u0131z ya\u015fam\u0131n\u0131n sonuna ula\u015ft\u0131\u011f\u0131nda, \u00e7ekirde\u011fi kendi k\u00fctle \u00e7ekimi alt\u0131nda \u00e7\u00f6ker. Bu s\u0131rada y\u0131ld\u0131z\u0131n d\u0131\u015f katmanlar\u0131 uzaya do\u011fru savrularak bir s\u00fcpernova patlamas\u0131 olu\u015fturur. Merkezde ise son derece yo\u011fun bir kal\u0131nt\u0131 ortaya \u00e7\u0131kar.&nbsp;<em><strong>Bu kal\u0131nt\u0131n\u0131n yo\u011funlu\u011fu o kadar fazlad\u0131r ki, yaln\u0131zca bir \u00e7ay ka\u015f\u0131\u011f\u0131 madde milyarlarca ton a\u011f\u0131rl\u0131\u011f\u0131nda olabilir.<\/strong><\/em><\/p>\n\n\n\n<p>Baz\u0131 durumlarda bu kal\u0131nt\u0131 inan\u0131lmaz h\u0131zlarda d\u00f6nmeye ba\u015flar ve D\u00fcnya\u2019n\u0131n manyetik alan\u0131ndan trilyonlarca kat daha g\u00fc\u00e7l\u00fc bir manyetik alanla \u00e7evrilir. A<em><strong>stronomlar bu t\u00fcr nesnelere magnetar ad\u0131n\u0131 veriyor.<\/strong><\/em><\/p>\n\n\n\n<h2 class=\"wp-block-heading\">I\u015f\u0131ktaki tuhaf titre\u015fimler ipucu verdi<\/h2>\n\n\n\n<p>Normalde bir s\u00fcpernova patlamas\u0131n\u0131n \u0131\u015f\u0131\u011f\u0131 zirve parlakl\u0131\u011fa ula\u015ft\u0131ktan sonra d\u00fczenli bi\u00e7imde azal\u0131r. Ancak SN 2024afav\u2019dan gelen \u0131\u015f\u0131k, zirveden sonra s\u00f6n\u00fcmlenirken k\u00fc\u00e7\u00fck parlama at\u0131mlar\u0131yla titre\u015fimli bir \u015fekilde azald\u0131.<\/p>\n\n\n\n<p>Ara\u015ft\u0131rmac\u0131lar bunun nedeninin, patlamadan f\u0131rlayan baz\u0131 maddelerin tamamen uzaya ka\u00e7amay\u0131p geri d\u00fc\u015fmesi oldu\u011funu d\u00fc\u015f\u00fcn\u00fcyor. Bu maddeler, magnetar\u0131n \u00e7evresinde d\u00f6nen bir gaz diski olu\u015fturmu\u015f olabilir.<\/p>\n\n\n\n<p>G\u00f6zlenen tuhaf radyasyon sal\u0131n\u0131mlar\u0131, bu diskin d\u00f6n\u00fc\u015f ekseninin e\u011fik oldu\u011funu g\u00f6sterdi. Einstein\u2019\u0131n g\u00f6relilik kuram\u0131na g\u00f6re, b\u00fcy\u00fck ve h\u0131zla d\u00f6nen bir k\u00fctle uzay-zaman\u0131 da birlikte s\u00fcr\u00fckler. Bu etki, g\u00f6zlenen titre\u015fimlerin olas\u0131 a\u00e7\u0131klamas\u0131 olarak g\u00f6r\u00fcl\u00fcyor.<\/p>\n\n\n\n<h2 class=\"wp-block-heading\">\u201cMagnetar olu\u015fumuna dair kesin kan\u0131t\u201d<\/h2>\n\n\n\n<p>Bu g\u00f6zlemler, patlama sonras\u0131 geni\u015fleyen y\u0131ld\u0131z kal\u0131nt\u0131s\u0131n\u0131n i\u00e7inde bir magnetar\u0131n d\u00f6nerek enerji pompalad\u0131\u011f\u0131 fikrini g\u00fc\u00e7lendirdi.<\/p>\n\n\n\n<p><em>\u00c7al\u0131\u015fman\u0131n ortak yazarlar\u0131ndan, California \u00dcniversitesi Berkeley kamp\u00fcs\u00fcnden astronomi profes\u00f6r\u00fc Alex Filippenko, bulgular\u0131n \u00f6nemini \u015f\u00f6yle de\u011ferlendirdi:<\/em><\/p>\n\n\n\n<p><em><strong>\u201cBu, s\u00fcper parlak bir s\u00fcpernovan\u0131n \u00e7ekirdek \u00e7\u00f6kmesi sonucu bir magnetar\u0131n olu\u015ftu\u011funa dair kesin kan\u0131t.\u201d<\/strong><\/em><\/p>\n\n\n\n<p><em><strong>Filippenko ayr\u0131ca, \u201cEinstein\u2019\u0131n genel g\u00f6relilik kuram\u0131n\u0131n a\u00e7\u0131k bir etkisini g\u00f6rmek her zaman heyecan verici. Bunu ilk kez bir s\u00fcpernovada g\u00f6rmek \u00f6zellikle tatmin edici\u201d s\u00f6zlerini kulland\u0131.<\/strong><\/em><\/p>\n\n\n\n<h2 class=\"wp-block-heading\">Yeni teleskoplarla daha fazla ke\u015fif bekleniyor<\/h2>\n\n\n\n<p>Ara\u015ft\u0131rma ekibine g\u00f6re, g\u00f6ky\u00fcz\u00fcn\u00fc \u00e7ok daha ayr\u0131nt\u0131l\u0131 bi\u00e7imde tarayabilecek yeni teleskoplar\u0131n devreye girmesiyle benzer ke\u015fifler yak\u0131nda daha s\u0131k yap\u0131labilir.<\/p>\n\n\n\n<p>\u00c7al\u0131\u015fmaya kat\u0131lan UC Santa Barbara\u2019dan Joseph Farah, ke\u015ffin kendisi i\u00e7in ne ifade etti\u011fini \u015fu s\u00f6zlerle dile getirdi:<\/p>\n\n\n\n<p><em>\u201cHayat\u0131mda par\u00e7as\u0131 olma ayr\u0131cal\u0131\u011f\u0131na sahip oldu\u011fum en heyecan verici \u015fey bu. \u00c7ocukken hayalini kurdu\u011fum bilim tam olarak buydu. Evren bize y\u00fcksek sesle \u015funu s\u00f6yl\u00fcyor: Onu hala tam olarak anlam\u0131yoruz ve bize bunu a\u00e7\u0131klama meydan okumas\u0131 yap\u0131yor.\u201d<\/em><\/p>\n\n\n\n<h2 class=\"wp-block-heading\">D\u00fcnyan\u0131n manyetik g\u00fcc\u00fcnden 300 trilyon kat fazla<\/h2>\n\n\n\n<p>\u00d6te yandan bu ke\u015fif, UC Berkeley fizik\u00e7isi Dan Kasen\u2019in 2010 y\u0131l\u0131nda ortaya att\u0131\u011f\u0131 &#8220;m\u0131knat\u0131s y\u0131ld\u0131z&#8221; teorisini tam 16 y\u0131l sonra do\u011frulam\u0131\u015f oldu.<\/p>\n\n\n\n<p>Ara\u015ft\u0131rmac\u0131lar, yeni do\u011fan magnetar\u0131n kendi ekseni etraf\u0131ndaki d\u00f6n\u00fc\u015f s\u00fcresini 4,2 milisaniye olarak hesaplarken, manyetik alan g\u00fcc\u00fcn\u00fcn ise D\u00fcnya\u2019n\u0131nkinden 300 trilyon kat daha fazla oldu\u011funu saptad\u0131.<\/p>\n\n\n\n<p>Bilim literat\u00fcr\u00fcne &#8220;chirp&#8221; (c\u0131v\u0131lt\u0131) olarak ge\u00e7en bu yeni fenomende, patlamadan yay\u0131lan \u0131\u015f\u0131\u011f\u0131n frekans\u0131, t\u0131pk\u0131 bir ku\u015fun \u00f6t\u00fc\u015f\u00fc gibi giderek artan bir tempoda titre\u015fiyor.<\/p>\n\n\n\n<p><em><strong>Berkeley&#8217;in sitesinde yay\u0131nlanan a\u00e7\u0131klamaya g\u00f6re bu durum, Einstein\u2019\u0131n genel g\u00f6relilik kuram\u0131nda yer alan ve &#8220;Lense-Thirring Presesyonu&#8221; olarak bilinen, d\u00f6nen k\u00fctlelerin uzay-zaman\u0131 s\u00fcr\u00fcklemesi etkisinin bir s\u00fcpernovada ilk kez g\u00f6zlemlenmesiyle a\u00e7\u0131kland\u0131.<\/strong><\/em><\/p>\n\n\n\n<blockquote class=\"wp-block-quote is-layout-flow wp-block-quote-is-layout-flow\">\n<p>Kaynak: <a href=\"https:\/\/gazeteoksijen.com\/bilim-ve-teknoloji\/uzay-ve-zamanin-bukuldugu-an-ilk-kez-goruntulendi-einsteinin-teorisi-bir-yildizin-olumunde-kanitlandi-268489\" type=\"link\" id=\"https:\/\/gazeteoksijen.com\/bilim-ve-teknoloji\/uzay-ve-zamanin-bukuldugu-an-ilk-kez-goruntulendi-einsteinin-teorisi-bir-yildizin-olumunde-kanitlandi-268489\">gazeteoksijen<\/a><\/p>\n<\/blockquote>\n\n\n\n<p>D\u00fczenlenme Tarihi: 25.04.2026,18:40<\/p>\n","protected":false},"excerpt":{"rendered":"<p>SN 2024afav s\u00fcpernovas\u0131n\u0131 inceleyen astronomlar, bir magnetar\u0131n do\u011fumuna ilk kez \u015fahitlik etti. I\u015f\u0131ktaki tuhaf titre\u015fimler, Einstein&#8217;\u0131n &#8220;uzay-zaman s\u00fcr\u00fcklenmesi&#8221; teorisini do\u011frulad\u0131.<\/p>\n","protected":false},"author":4,"featured_media":9885,"comment_status":"open","ping_status":"open","sticky":false,"template":"","format":"standard","meta":{"colormag_page_container_layout":"default_layout","colormag_page_sidebar_layout":"default_layout","_jetpack_memberships_contains_paid_content":false,"footnotes":""},"categories":[15,1],"tags":[],"class_list":["post-9884","post","type-post","status-publish","format-standard","has-post-thumbnail","hentry","category-dunya","category-genel"],"magazineBlocksPostFeaturedMedia":{"thumbnail":"https:\/\/spontanedigital.com.tr\/wp-content\/uploads\/2026\/04\/wwww-150x150.jpg","medium":"https:\/\/spontanedigital.com.tr\/wp-content\/uploads\/2026\/04\/wwww-300x169.jpg","medium_large":"https:\/\/spontanedigital.com.tr\/wp-content\/uploads\/2026\/04\/wwww-768x432.jpg","large":"https:\/\/spontanedigital.com.tr\/wp-content\/uploads\/2026\/04\/wwww.jpg","1536x1536":"https:\/\/spontanedigital.com.tr\/wp-content\/uploads\/2026\/04\/wwww.jpg","2048x2048":"https:\/\/spontanedigital.com.tr\/wp-content\/uploads\/2026\/04\/wwww.jpg","ultp_layout_landscape_large":"https:\/\/spontanedigital.com.tr\/wp-content\/uploads\/2026\/04\/wwww.jpg","ultp_layout_landscape":"https:\/\/spontanedigital.com.tr\/wp-content\/uploads\/2026\/04\/wwww.jpg","ultp_layout_portrait":"https:\/\/spontanedigital.com.tr\/wp-content\/uploads\/2026\/04\/wwww-600x478.jpg","ultp_layout_square":"https:\/\/spontanedigital.com.tr\/wp-content\/uploads\/2026\/04\/wwww-600x478.jpg","colormag-highlighted-post":"https:\/\/spontanedigital.com.tr\/wp-content\/uploads\/2026\/04\/wwww-392x272.jpg","colormag-featured-post-medium":"https:\/\/spontanedigital.com.tr\/wp-content\/uploads\/2026\/04\/wwww-390x205.jpg","colormag-featured-post-small":"https:\/\/spontanedigital.com.tr\/wp-content\/uploads\/2026\/04\/wwww-130x90.jpg","colormag-featured-image":"https:\/\/spontanedigital.com.tr\/wp-content\/uploads\/2026\/04\/wwww-800x445.jpg","colormag-default-news":"https:\/\/spontanedigital.com.tr\/wp-content\/uploads\/2026\/04\/wwww-150x150.jpg","colormag-featured-image-large":"https:\/\/spontanedigital.com.tr\/wp-content\/uploads\/2026\/04\/wwww.jpg"},"magazineBlocksPostAuthor":{"name":"Zehra \u0130laslan","avatar":"https:\/\/spontanedigital.com.tr\/wp-content\/uploads\/2026\/02\/WhatsApp-Image-2026-02-27-at-13.44.33-150x150.jpeg"},"magazineBlocksPostCommentsNumber":"0","magazineBlocksPostExcerpt":"SN 2024afav s\u00fcpernovas\u0131n\u0131 inceleyen astronomlar, bir magnetar\u0131n do\u011fumuna ilk kez \u015fahitlik etti. I\u015f\u0131ktaki tuhaf titre\u015fimler, Einstein&#8217;\u0131n &#8220;uzay-zaman s\u00fcr\u00fcklenmesi&#8221; teorisini do\u011frulad\u0131.","magazineBlocksPostCategories":["D\u00fcnya","Genel"],"magazineBlocksPostViewCount":7,"magazineBlocksPostReadTime":5,"magazine_blocks_featured_image_url":{"full":["https:\/\/spontanedigital.com.tr\/wp-content\/uploads\/2026\/04\/wwww.jpg",850,478,false],"medium":["https:\/\/spontanedigital.com.tr\/wp-content\/uploads\/2026\/04\/wwww-300x169.jpg",300,169,true],"thumbnail":["https:\/\/spontanedigital.com.tr\/wp-content\/uploads\/2026\/04\/wwww-150x150.jpg",150,150,true]},"magazine_blocks_author":{"display_name":"Zehra \u0130laslan","author_link":"https:\/\/spontanedigital.com.tr\/?author=4"},"magazine_blocks_comment":0,"magazine_blocks_author_image":"https:\/\/spontanedigital.com.tr\/wp-content\/uploads\/2026\/02\/WhatsApp-Image-2026-02-27-at-13.44.33-150x150.jpeg","magazine_blocks_category":"<a href=\"#\" class=\"category-link category-link-15\">D\u00fcnya<\/a> <a href=\"#\" class=\"category-link category-link-1\">Genel<\/a>","yoast_head":"<!-- This site is optimized with the Yoast SEO plugin v27.4 - https:\/\/yoast.com\/product\/yoast-seo-wordpress\/ -->\n<title>Einstein Yine Hakl\u0131 \u00c7\u0131kt\u0131: Uzay ve Zaman\u0131n B\u00fck\u00fcld\u00fc\u011f\u00fc O Tarihi An! &#8211; Spontane Digital<\/title>\n<meta name=\"robots\" content=\"index, follow, max-snippet:-1, max-image-preview:large, max-video-preview:-1\" \/>\n<link rel=\"canonical\" href=\"https:\/\/spontanedigital.com.tr\/?p=9884\" \/>\n<meta property=\"og:locale\" content=\"tr_TR\" \/>\n<meta property=\"og:type\" content=\"article\" \/>\n<meta property=\"og:title\" content=\"Einstein Yine Hakl\u0131 \u00c7\u0131kt\u0131: Uzay ve Zaman\u0131n B\u00fck\u00fcld\u00fc\u011f\u00fc O Tarihi An! &#8211; Spontane Digital\" \/>\n<meta property=\"og:description\" content=\"SN 2024afav s\u00fcpernovas\u0131n\u0131 inceleyen astronomlar, bir magnetar\u0131n do\u011fumuna ilk kez \u015fahitlik etti. I\u015f\u0131ktaki tuhaf titre\u015fimler, Einstein&#8217;\u0131n &#8220;uzay-zaman s\u00fcr\u00fcklenmesi&#8221; teorisini do\u011frulad\u0131.\" \/>\n<meta property=\"og:url\" content=\"https:\/\/spontanedigital.com.tr\/?p=9884\" \/>\n<meta property=\"og:site_name\" content=\"Spontane Digital\" \/>\n<meta property=\"article:published_time\" content=\"2026-04-25T15:39:42+00:00\" \/>\n<meta property=\"article:modified_time\" content=\"2026-04-25T15:39:47+00:00\" \/>\n<meta property=\"og:image\" content=\"https:\/\/spontanedigital.com.tr\/wp-content\/uploads\/2026\/04\/wwww.jpg\" \/>\n\t<meta property=\"og:image:width\" content=\"850\" \/>\n\t<meta property=\"og:image:height\" content=\"478\" \/>\n\t<meta property=\"og:image:type\" content=\"image\/jpeg\" \/>\n<meta name=\"author\" content=\"Zehra \u0130laslan\" \/>\n<meta name=\"twitter:card\" content=\"summary_large_image\" \/>\n<meta name=\"twitter:label1\" content=\"Yazan:\" \/>\n\t<meta name=\"twitter:data1\" content=\"Zehra \u0130laslan\" \/>\n\t<meta name=\"twitter:label2\" content=\"Tahmini okuma s\u00fcresi\" \/>\n\t<meta name=\"twitter:data2\" content=\"4 dakika\" \/>\n<script type=\"application\/ld+json\" class=\"yoast-schema-graph\">{\"@context\":\"https:\\\/\\\/schema.org\",\"@graph\":[{\"@type\":\"Article\",\"@id\":\"https:\\\/\\\/spontanedigital.com.tr\\\/?p=9884#article\",\"isPartOf\":{\"@id\":\"https:\\\/\\\/spontanedigital.com.tr\\\/?p=9884\"},\"author\":{\"name\":\"Zehra \u0130laslan\",\"@id\":\"https:\\\/\\\/spontanedigital.com.tr\\\/#\\\/schema\\\/person\\\/1c2e4274f4a632f9cdd206f97861d319\"},\"headline\":\"Einstein Yine Hakl\u0131 \u00c7\u0131kt\u0131: Uzay ve Zaman\u0131n B\u00fck\u00fcld\u00fc\u011f\u00fc O Tarihi An!\",\"datePublished\":\"2026-04-25T15:39:42+00:00\",\"dateModified\":\"2026-04-25T15:39:47+00:00\",\"mainEntityOfPage\":{\"@id\":\"https:\\\/\\\/spontanedigital.com.tr\\\/?p=9884\"},\"wordCount\":865,\"commentCount\":0,\"publisher\":{\"@id\":\"https:\\\/\\\/spontanedigital.com.tr\\\/#organization\"},\"image\":{\"@id\":\"https:\\\/\\\/spontanedigital.com.tr\\\/?p=9884#primaryimage\"},\"thumbnailUrl\":\"https:\\\/\\\/spontanedigital.com.tr\\\/wp-content\\\/uploads\\\/2026\\\/04\\\/wwww.jpg\",\"articleSection\":[\"D\u00fcnya\"],\"inLanguage\":\"tr\",\"potentialAction\":[{\"@type\":\"CommentAction\",\"name\":\"Comment\",\"target\":[\"https:\\\/\\\/spontanedigital.com.tr\\\/?p=9884#respond\"]}]},{\"@type\":\"WebPage\",\"@id\":\"https:\\\/\\\/spontanedigital.com.tr\\\/?p=9884\",\"url\":\"https:\\\/\\\/spontanedigital.com.tr\\\/?p=9884\",\"name\":\"Einstein Yine Hakl\u0131 \u00c7\u0131kt\u0131: Uzay ve Zaman\u0131n B\u00fck\u00fcld\u00fc\u011f\u00fc O Tarihi An! &#8211; Spontane Digital\",\"isPartOf\":{\"@id\":\"https:\\\/\\\/spontanedigital.com.tr\\\/#website\"},\"primaryImageOfPage\":{\"@id\":\"https:\\\/\\\/spontanedigital.com.tr\\\/?p=9884#primaryimage\"},\"image\":{\"@id\":\"https:\\\/\\\/spontanedigital.com.tr\\\/?p=9884#primaryimage\"},\"thumbnailUrl\":\"https:\\\/\\\/spontanedigital.com.tr\\\/wp-content\\\/uploads\\\/2026\\\/04\\\/wwww.jpg\",\"datePublished\":\"2026-04-25T15:39:42+00:00\",\"dateModified\":\"2026-04-25T15:39:47+00:00\",\"breadcrumb\":{\"@id\":\"https:\\\/\\\/spontanedigital.com.tr\\\/?p=9884#breadcrumb\"},\"inLanguage\":\"tr\",\"potentialAction\":[{\"@type\":\"ReadAction\",\"target\":[\"https:\\\/\\\/spontanedigital.com.tr\\\/?p=9884\"]}]},{\"@type\":\"ImageObject\",\"inLanguage\":\"tr\",\"@id\":\"https:\\\/\\\/spontanedigital.com.tr\\\/?p=9884#primaryimage\",\"url\":\"https:\\\/\\\/spontanedigital.com.tr\\\/wp-content\\\/uploads\\\/2026\\\/04\\\/wwww.jpg\",\"contentUrl\":\"https:\\\/\\\/spontanedigital.com.tr\\\/wp-content\\\/uploads\\\/2026\\\/04\\\/wwww.jpg\",\"width\":850,\"height\":478},{\"@type\":\"BreadcrumbList\",\"@id\":\"https:\\\/\\\/spontanedigital.com.tr\\\/?p=9884#breadcrumb\",\"itemListElement\":[{\"@type\":\"ListItem\",\"position\":1,\"name\":\"Anasayfa\",\"item\":\"https:\\\/\\\/spontanedigital.com.tr\\\/\"},{\"@type\":\"ListItem\",\"position\":2,\"name\":\"Einstein Yine Hakl\u0131 \u00c7\u0131kt\u0131: Uzay ve Zaman\u0131n B\u00fck\u00fcld\u00fc\u011f\u00fc O Tarihi An!\"}]},{\"@type\":\"WebSite\",\"@id\":\"https:\\\/\\\/spontanedigital.com.tr\\\/#website\",\"url\":\"https:\\\/\\\/spontanedigital.com.tr\\\/\",\"name\":\"Spontane Digital\",\"description\":\"Dijitalde Spontanite\",\"publisher\":{\"@id\":\"https:\\\/\\\/spontanedigital.com.tr\\\/#organization\"},\"potentialAction\":[{\"@type\":\"SearchAction\",\"target\":{\"@type\":\"EntryPoint\",\"urlTemplate\":\"https:\\\/\\\/spontanedigital.com.tr\\\/?s={search_term_string}\"},\"query-input\":{\"@type\":\"PropertyValueSpecification\",\"valueRequired\":true,\"valueName\":\"search_term_string\"}}],\"inLanguage\":\"tr\"},{\"@type\":\"Organization\",\"@id\":\"https:\\\/\\\/spontanedigital.com.tr\\\/#organization\",\"name\":\"Spontane Digital\",\"url\":\"https:\\\/\\\/spontanedigital.com.tr\\\/\",\"logo\":{\"@type\":\"ImageObject\",\"inLanguage\":\"tr\",\"@id\":\"https:\\\/\\\/spontanedigital.com.tr\\\/#\\\/schema\\\/logo\\\/image\\\/\",\"url\":\"https:\\\/\\\/spontanedigital.com.tr\\\/wp-content\\\/uploads\\\/2026\\\/02\\\/Spontane-Beyaz-1.png\",\"contentUrl\":\"https:\\\/\\\/spontanedigital.com.tr\\\/wp-content\\\/uploads\\\/2026\\\/02\\\/Spontane-Beyaz-1.png\",\"width\":1772,\"height\":900,\"caption\":\"Spontane Digital\"},\"image\":{\"@id\":\"https:\\\/\\\/spontanedigital.com.tr\\\/#\\\/schema\\\/logo\\\/image\\\/\"}},{\"@type\":\"Person\",\"@id\":\"https:\\\/\\\/spontanedigital.com.tr\\\/#\\\/schema\\\/person\\\/1c2e4274f4a632f9cdd206f97861d319\",\"name\":\"Zehra \u0130laslan\",\"image\":{\"@type\":\"ImageObject\",\"inLanguage\":\"tr\",\"@id\":\"https:\\\/\\\/spontanedigital.com.tr\\\/wp-content\\\/uploads\\\/2026\\\/02\\\/WhatsApp-Image-2026-02-27-at-13.44.33-150x150.jpeg\",\"url\":\"https:\\\/\\\/spontanedigital.com.tr\\\/wp-content\\\/uploads\\\/2026\\\/02\\\/WhatsApp-Image-2026-02-27-at-13.44.33-150x150.jpeg\",\"contentUrl\":\"https:\\\/\\\/spontanedigital.com.tr\\\/wp-content\\\/uploads\\\/2026\\\/02\\\/WhatsApp-Image-2026-02-27-at-13.44.33-150x150.jpeg\",\"caption\":\"Zehra \u0130laslan\"},\"description\":\"K\u00fcresel geli\u015fmeleri ve e\u011fitim d\u00fcnyas\u0131ndaki de\u011fi\u015fimleri oda\u011f\u0131na alan Zehra, ufuk a\u00e7an geli\u015fmeleri ve d\u00fcnyadan \u00f6nemli haberleri okuyucular\u0131m\u0131za ula\u015ft\u0131r\u0131yor.\",\"url\":\"https:\\\/\\\/spontanedigital.com.tr\\\/?author=4\"}]}<\/script>\n<!-- \/ Yoast SEO plugin. -->","yoast_head_json":{"title":"Einstein Yine Hakl\u0131 \u00c7\u0131kt\u0131: Uzay ve Zaman\u0131n B\u00fck\u00fcld\u00fc\u011f\u00fc O Tarihi An! &#8211; Spontane Digital","robots":{"index":"index","follow":"follow","max-snippet":"max-snippet:-1","max-image-preview":"max-image-preview:large","max-video-preview":"max-video-preview:-1"},"canonical":"https:\/\/spontanedigital.com.tr\/?p=9884","og_locale":"tr_TR","og_type":"article","og_title":"Einstein Yine Hakl\u0131 \u00c7\u0131kt\u0131: Uzay ve Zaman\u0131n B\u00fck\u00fcld\u00fc\u011f\u00fc O Tarihi An! &#8211; Spontane Digital","og_description":"SN 2024afav s\u00fcpernovas\u0131n\u0131 inceleyen astronomlar, bir magnetar\u0131n do\u011fumuna ilk kez \u015fahitlik etti. I\u015f\u0131ktaki tuhaf titre\u015fimler, Einstein&#8217;\u0131n &#8220;uzay-zaman s\u00fcr\u00fcklenmesi&#8221; teorisini do\u011frulad\u0131.","og_url":"https:\/\/spontanedigital.com.tr\/?p=9884","og_site_name":"Spontane Digital","article_published_time":"2026-04-25T15:39:42+00:00","article_modified_time":"2026-04-25T15:39:47+00:00","og_image":[{"width":850,"height":478,"url":"https:\/\/spontanedigital.com.tr\/wp-content\/uploads\/2026\/04\/wwww.jpg","type":"image\/jpeg"}],"author":"Zehra \u0130laslan","twitter_card":"summary_large_image","twitter_misc":{"Yazan:":"Zehra \u0130laslan","Tahmini okuma s\u00fcresi":"4 dakika"},"schema":{"@context":"https:\/\/schema.org","@graph":[{"@type":"Article","@id":"https:\/\/spontanedigital.com.tr\/?p=9884#article","isPartOf":{"@id":"https:\/\/spontanedigital.com.tr\/?p=9884"},"author":{"name":"Zehra \u0130laslan","@id":"https:\/\/spontanedigital.com.tr\/#\/schema\/person\/1c2e4274f4a632f9cdd206f97861d319"},"headline":"Einstein Yine Hakl\u0131 \u00c7\u0131kt\u0131: Uzay ve Zaman\u0131n B\u00fck\u00fcld\u00fc\u011f\u00fc O Tarihi An!","datePublished":"2026-04-25T15:39:42+00:00","dateModified":"2026-04-25T15:39:47+00:00","mainEntityOfPage":{"@id":"https:\/\/spontanedigital.com.tr\/?p=9884"},"wordCount":865,"commentCount":0,"publisher":{"@id":"https:\/\/spontanedigital.com.tr\/#organization"},"image":{"@id":"https:\/\/spontanedigital.com.tr\/?p=9884#primaryimage"},"thumbnailUrl":"https:\/\/spontanedigital.com.tr\/wp-content\/uploads\/2026\/04\/wwww.jpg","articleSection":["D\u00fcnya"],"inLanguage":"tr","potentialAction":[{"@type":"CommentAction","name":"Comment","target":["https:\/\/spontanedigital.com.tr\/?p=9884#respond"]}]},{"@type":"WebPage","@id":"https:\/\/spontanedigital.com.tr\/?p=9884","url":"https:\/\/spontanedigital.com.tr\/?p=9884","name":"Einstein Yine Hakl\u0131 \u00c7\u0131kt\u0131: Uzay ve Zaman\u0131n B\u00fck\u00fcld\u00fc\u011f\u00fc O Tarihi An! &#8211; Spontane Digital","isPartOf":{"@id":"https:\/\/spontanedigital.com.tr\/#website"},"primaryImageOfPage":{"@id":"https:\/\/spontanedigital.com.tr\/?p=9884#primaryimage"},"image":{"@id":"https:\/\/spontanedigital.com.tr\/?p=9884#primaryimage"},"thumbnailUrl":"https:\/\/spontanedigital.com.tr\/wp-content\/uploads\/2026\/04\/wwww.jpg","datePublished":"2026-04-25T15:39:42+00:00","dateModified":"2026-04-25T15:39:47+00:00","breadcrumb":{"@id":"https:\/\/spontanedigital.com.tr\/?p=9884#breadcrumb"},"inLanguage":"tr","potentialAction":[{"@type":"ReadAction","target":["https:\/\/spontanedigital.com.tr\/?p=9884"]}]},{"@type":"ImageObject","inLanguage":"tr","@id":"https:\/\/spontanedigital.com.tr\/?p=9884#primaryimage","url":"https:\/\/spontanedigital.com.tr\/wp-content\/uploads\/2026\/04\/wwww.jpg","contentUrl":"https:\/\/spontanedigital.com.tr\/wp-content\/uploads\/2026\/04\/wwww.jpg","width":850,"height":478},{"@type":"BreadcrumbList","@id":"https:\/\/spontanedigital.com.tr\/?p=9884#breadcrumb","itemListElement":[{"@type":"ListItem","position":1,"name":"Anasayfa","item":"https:\/\/spontanedigital.com.tr\/"},{"@type":"ListItem","position":2,"name":"Einstein Yine Hakl\u0131 \u00c7\u0131kt\u0131: Uzay ve Zaman\u0131n B\u00fck\u00fcld\u00fc\u011f\u00fc O Tarihi An!"}]},{"@type":"WebSite","@id":"https:\/\/spontanedigital.com.tr\/#website","url":"https:\/\/spontanedigital.com.tr\/","name":"Spontane Digital","description":"Dijitalde Spontanite","publisher":{"@id":"https:\/\/spontanedigital.com.tr\/#organization"},"potentialAction":[{"@type":"SearchAction","target":{"@type":"EntryPoint","urlTemplate":"https:\/\/spontanedigital.com.tr\/?s={search_term_string}"},"query-input":{"@type":"PropertyValueSpecification","valueRequired":true,"valueName":"search_term_string"}}],"inLanguage":"tr"},{"@type":"Organization","@id":"https:\/\/spontanedigital.com.tr\/#organization","name":"Spontane Digital","url":"https:\/\/spontanedigital.com.tr\/","logo":{"@type":"ImageObject","inLanguage":"tr","@id":"https:\/\/spontanedigital.com.tr\/#\/schema\/logo\/image\/","url":"https:\/\/spontanedigital.com.tr\/wp-content\/uploads\/2026\/02\/Spontane-Beyaz-1.png","contentUrl":"https:\/\/spontanedigital.com.tr\/wp-content\/uploads\/2026\/02\/Spontane-Beyaz-1.png","width":1772,"height":900,"caption":"Spontane Digital"},"image":{"@id":"https:\/\/spontanedigital.com.tr\/#\/schema\/logo\/image\/"}},{"@type":"Person","@id":"https:\/\/spontanedigital.com.tr\/#\/schema\/person\/1c2e4274f4a632f9cdd206f97861d319","name":"Zehra \u0130laslan","image":{"@type":"ImageObject","inLanguage":"tr","@id":"https:\/\/spontanedigital.com.tr\/wp-content\/uploads\/2026\/02\/WhatsApp-Image-2026-02-27-at-13.44.33-150x150.jpeg","url":"https:\/\/spontanedigital.com.tr\/wp-content\/uploads\/2026\/02\/WhatsApp-Image-2026-02-27-at-13.44.33-150x150.jpeg","contentUrl":"https:\/\/spontanedigital.com.tr\/wp-content\/uploads\/2026\/02\/WhatsApp-Image-2026-02-27-at-13.44.33-150x150.jpeg","caption":"Zehra \u0130laslan"},"description":"K\u00fcresel geli\u015fmeleri ve e\u011fitim d\u00fcnyas\u0131ndaki de\u011fi\u015fimleri oda\u011f\u0131na alan Zehra, ufuk a\u00e7an geli\u015fmeleri ve d\u00fcnyadan \u00f6nemli haberleri okuyucular\u0131m\u0131za ula\u015ft\u0131r\u0131yor.","url":"https:\/\/spontanedigital.com.tr\/?author=4"}]}},"featured_image_urls":{"full":["https:\/\/spontanedigital.com.tr\/wp-content\/uploads\/2026\/04\/wwww.jpg",850,478,false],"thumbnail":["https:\/\/spontanedigital.com.tr\/wp-content\/uploads\/2026\/04\/wwww-150x150.jpg",150,150,true],"medium":["https:\/\/spontanedigital.com.tr\/wp-content\/uploads\/2026\/04\/wwww-300x169.jpg",300,169,true],"medium_large":["https:\/\/spontanedigital.com.tr\/wp-content\/uploads\/2026\/04\/wwww-768x432.jpg",768,432,true],"large":["https:\/\/spontanedigital.com.tr\/wp-content\/uploads\/2026\/04\/wwww.jpg",800,450,false],"1536x1536":["https:\/\/spontanedigital.com.tr\/wp-content\/uploads\/2026\/04\/wwww.jpg",850,478,false],"2048x2048":["https:\/\/spontanedigital.com.tr\/wp-content\/uploads\/2026\/04\/wwww.jpg",850,478,false],"ultp_layout_landscape_large":["https:\/\/spontanedigital.com.tr\/wp-content\/uploads\/2026\/04\/wwww.jpg",850,478,false],"ultp_layout_landscape":["https:\/\/spontanedigital.com.tr\/wp-content\/uploads\/2026\/04\/wwww.jpg",850,478,false],"ultp_layout_portrait":["https:\/\/spontanedigital.com.tr\/wp-content\/uploads\/2026\/04\/wwww-600x478.jpg",600,478,true],"ultp_layout_square":["https:\/\/spontanedigital.com.tr\/wp-content\/uploads\/2026\/04\/wwww-600x478.jpg",600,478,true],"colormag-highlighted-post":["https:\/\/spontanedigital.com.tr\/wp-content\/uploads\/2026\/04\/wwww-392x272.jpg",392,272,true],"colormag-featured-post-medium":["https:\/\/spontanedigital.com.tr\/wp-content\/uploads\/2026\/04\/wwww-390x205.jpg",390,205,true],"colormag-featured-post-small":["https:\/\/spontanedigital.com.tr\/wp-content\/uploads\/2026\/04\/wwww-130x90.jpg",130,90,true],"colormag-featured-image":["https:\/\/spontanedigital.com.tr\/wp-content\/uploads\/2026\/04\/wwww-800x445.jpg",800,445,true],"colormag-default-news":["https:\/\/spontanedigital.com.tr\/wp-content\/uploads\/2026\/04\/wwww-150x150.jpg",150,150,true],"colormag-featured-image-large":["https:\/\/spontanedigital.com.tr\/wp-content\/uploads\/2026\/04\/wwww.jpg",850,478,false]},"author_info":{"info":["Zehra \u0130laslan"]},"category_info":"<a href=\"https:\/\/spontanedigital.com.tr\/?cat=15\" rel=\"category\">D\u00fcnya<\/a> <a href=\"https:\/\/spontanedigital.com.tr\/?cat=1\" rel=\"category\">Genel<\/a>","tag_info":"Genel","comment_count":"0","jetpack_featured_media_url":"https:\/\/spontanedigital.com.tr\/wp-content\/uploads\/2026\/04\/wwww.jpg","jetpack_sharing_enabled":true,"_links":{"self":[{"href":"https:\/\/spontanedigital.com.tr\/index.php?rest_route=\/wp\/v2\/posts\/9884","targetHints":{"allow":["GET"]}}],"collection":[{"href":"https:\/\/spontanedigital.com.tr\/index.php?rest_route=\/wp\/v2\/posts"}],"about":[{"href":"https:\/\/spontanedigital.com.tr\/index.php?rest_route=\/wp\/v2\/types\/post"}],"author":[{"embeddable":true,"href":"https:\/\/spontanedigital.com.tr\/index.php?rest_route=\/wp\/v2\/users\/4"}],"replies":[{"embeddable":true,"href":"https:\/\/spontanedigital.com.tr\/index.php?rest_route=%2Fwp%2Fv2%2Fcomments&post=9884"}],"version-history":[{"count":1,"href":"https:\/\/spontanedigital.com.tr\/index.php?rest_route=\/wp\/v2\/posts\/9884\/revisions"}],"predecessor-version":[{"id":9886,"href":"https:\/\/spontanedigital.com.tr\/index.php?rest_route=\/wp\/v2\/posts\/9884\/revisions\/9886"}],"wp:featuredmedia":[{"embeddable":true,"href":"https:\/\/spontanedigital.com.tr\/index.php?rest_route=\/wp\/v2\/media\/9885"}],"wp:attachment":[{"href":"https:\/\/spontanedigital.com.tr\/index.php?rest_route=%2Fwp%2Fv2%2Fmedia&parent=9884"}],"wp:term":[{"taxonomy":"category","embeddable":true,"href":"https:\/\/spontanedigital.com.tr\/index.php?rest_route=%2Fwp%2Fv2%2Fcategories&post=9884"},{"taxonomy":"post_tag","embeddable":true,"href":"https:\/\/spontanedigital.com.tr\/index.php?rest_route=%2Fwp%2Fv2%2Ftags&post=9884"}],"curies":[{"name":"wp","href":"https:\/\/api.w.org\/{rel}","templated":true}]}}