{"id":9959,"date":"2026-04-26T18:55:28","date_gmt":"2026-04-26T15:55:28","guid":{"rendered":"https:\/\/spontanedigital.com.tr\/?p=9959"},"modified":"2026-04-26T18:55:32","modified_gmt":"2026-04-26T15:55:32","slug":"kulturel-miras-alaninda-yeni-takvimin-ziyaretci-kabulu-gerceklesti","status":"publish","type":"post","link":"https:\/\/spontanedigital.com.tr\/?p=9959","title":{"rendered":"K\u00fclt\u00fcrel Miras Alan\u0131nda Yeni Takvimin Ziyaret\u00e7i Kabul\u00fc Ger\u00e7ekle\u015fti"},"content":{"rendered":"\n<p><strong>Milli park stat\u00fcs\u00fcndeki antik havza, otuz as\u0131rl\u0131k miras\u0131yla do\u011fan\u0131n uyan\u0131\u015f\u0131na paralel olarak yo\u011fun ilgi g\u00f6r\u00fcrken; termometrelerin y\u00fckselmesi neticesinde b\u00f6lgede g\u00fcncel gezi takvimi start ald\u0131.<\/strong><\/p>\n\n\n\n<p>Afyonkarahisar ile birlikte Eski\u015fehir ve K\u00fctahya s\u0131n\u0131rlar\u0131 i\u00e7erisinde yer alan Frig Vadisi havalar\u0131n \u0131s\u0131nmas\u0131 ile birlikte ilgi oda\u011f\u0131 olmaya ba\u015flad\u0131. \u0130hsaniye il\u00e7esine ba\u011fl\u0131 Ayazini k\u00f6y\u00fc, Frig, Roma ve Bizans d\u00f6nemlerine ait kaya yerle\u015fimleri, oyma kiliseler ve peri bacalar\u0131yla a\u00e7\u0131k hava m\u00fczesini hat\u0131rlat\u0131yor. Do\u011fal g\u00fczellikleriyle \u00f6ne \u00e7\u0131kan b\u00f6lge, do\u011fa y\u00fcr\u00fcy\u00fc\u015f\u00fc, bisiklet rotalar\u0131 ve kamp alanlar\u0131yla da ilgi g\u00f6r\u00fcyor.<\/p>\n\n\n\n<p>Frig Vadisi\u2019nde yer alan Ayazini k\u00f6y\u00fc yerli ve yabanc\u0131 turistlerin ilgisini \u00e7ekiyor. K\u00f6y\u00fc ziyaret eden turistler, tarihi ve do\u011fal g\u00fczellikleriyle b\u00f6lgeye hayran kal\u0131yor. Ziyaret\u00e7iler, \u00f6zellikle kaya oyma yap\u0131lar ve y\u00fcr\u00fcy\u00fc\u015f rotalar\u0131n\u0131n etkileyici oldu\u011funu ifade ediyor.<\/p>\n\n\n\n<p>Vadide hareketlili\u011fin artmas\u0131n\u0131 en fazla sevinen hisse b\u00f6lge esnaf\u0131 oldu.<br>Mehmet K\u0131l\u0131\u00e7 isimli esnaf yap\u0131lan restorasyon ve altyap\u0131 yat\u0131r\u0131mlar\u0131 sayesinde k\u00f6y\u00fcn daha cazip hale geldi\u011fini, bu durumun da ticareti olumlu etkiledi\u011fini belirterek, herkesi vadi ve e\u015fsiz eserleri g\u00f6rmeye davet etti.<\/p>\n\n\n\n<p>Kaynak Karde\u015f Haber: <a href=\"https:\/\/checkinhaber.com\/2026\/04\/26\/kulturel-miras-alaninda-yeni-takvimin-ziyaretci-kabulu-gerceklesti\/\">Check \u0130n Haber<\/a><br>G\u00f6rsel: <a href=\"https:\/\/checkinhaber.com\/wp-content\/uploads\/2026\/04\/32211_frig-vadisinde-2026-yili-turizm-sezonu-acildi_0.jpg\">Check \u0130n Haber<\/a><br>Tarih: 26.04.2026 18:53<\/p>\n\n\n<div class=\"taxonomy-post_tag wp-block-post-terms\"><span class=\"wp-block-post-terms__prefix\">\ud83d\udccc<\/span><a href=\"https:\/\/spontanedigital.com.tr\/?tag=afyonkarahisar\" rel=\"tag\">Afyonkarahisar<\/a><span class=\"wp-block-post-terms__separator\">, <\/span><a href=\"https:\/\/spontanedigital.com.tr\/?tag=altyapi-yatirimlari\" rel=\"tag\">altyap\u0131 yat\u0131r\u0131mlar\u0131<\/a><span class=\"wp-block-post-terms__separator\">, <\/span><a href=\"https:\/\/spontanedigital.com.tr\/?tag=antik-havza\" rel=\"tag\">antik havza<\/a><span class=\"wp-block-post-terms__separator\">, <\/span><a href=\"https:\/\/spontanedigital.com.tr\/?tag=ayazini-koyu\" rel=\"tag\">Ayazini k\u00f6y\u00fc<\/a><span class=\"wp-block-post-terms__separator\">, <\/span><a href=\"https:\/\/spontanedigital.com.tr\/?tag=bisiklet-rotalari\" rel=\"tag\">bisiklet rotalar\u0131<\/a><span class=\"wp-block-post-terms__separator\">, <\/span><a href=\"https:\/\/spontanedigital.com.tr\/?tag=bizans-donemi\" rel=\"tag\">Bizans d\u00f6nemi<\/a><span class=\"wp-block-post-terms__separator\">, <\/span><a href=\"https:\/\/spontanedigital.com.tr\/?tag=bolge-esnafi\" rel=\"tag\">b\u00f6lge esnaf\u0131<\/a><span class=\"wp-block-post-terms__separator\">, <\/span><a href=\"https:\/\/spontanedigital.com.tr\/?tag=doga-yuruyusu\" rel=\"tag\">do\u011fa y\u00fcr\u00fcy\u00fc\u015f\u00fc<\/a><span class=\"wp-block-post-terms__separator\">, <\/span><a href=\"https:\/\/spontanedigital.com.tr\/?tag=eskisehir\" rel=\"tag\">eski\u015fehir<\/a><span class=\"wp-block-post-terms__separator\">, <\/span><a href=\"https:\/\/spontanedigital.com.tr\/?tag=frig-vadisi\" rel=\"tag\">Frig Vadisi<\/a><span class=\"wp-block-post-terms__separator\">, <\/span><a href=\"https:\/\/spontanedigital.com.tr\/?tag=kamp-alanlari\" rel=\"tag\">kamp alanlar\u0131<\/a><span class=\"wp-block-post-terms__separator\">, <\/span><a href=\"https:\/\/spontanedigital.com.tr\/?tag=kaya-yerlesimleri\" rel=\"tag\">kaya yerle\u015fimleri<\/a><span class=\"wp-block-post-terms__separator\">, <\/span><a href=\"https:\/\/spontanedigital.com.tr\/?tag=kutahya\" rel=\"tag\">K\u00fctahya<\/a><span class=\"wp-block-post-terms__separator\">, <\/span><a href=\"https:\/\/spontanedigital.com.tr\/?tag=mehmet-kilic\" rel=\"tag\">Mehmet K\u0131l\u0131\u00e7<\/a><span class=\"wp-block-post-terms__separator\">, <\/span><a href=\"https:\/\/spontanedigital.com.tr\/?tag=oyma-kiliseler\" rel=\"tag\">oyma kiliseler<\/a><span class=\"wp-block-post-terms__separator\">, <\/span><a href=\"https:\/\/spontanedigital.com.tr\/?tag=peri-bacalari\" rel=\"tag\">peri bacalar\u0131<\/a><span class=\"wp-block-post-terms__separator\">, <\/span><a href=\"https:\/\/spontanedigital.com.tr\/?tag=restorasyon-calismalari\" rel=\"tag\">restorasyon \u00e7al\u0131\u015fmalar\u0131<\/a><span class=\"wp-block-post-terms__separator\">, <\/span><a href=\"https:\/\/spontanedigital.com.tr\/?tag=roma-donemi\" rel=\"tag\">Roma d\u00f6nemi<\/a><span class=\"wp-block-post-terms__separator\">, <\/span><a href=\"https:\/\/spontanedigital.com.tr\/?tag=turizm-hareketliligi\" rel=\"tag\">turizm hareketlili\u011fi<\/a><span class=\"wp-block-post-terms__separator\">, <\/span><a href=\"https:\/\/spontanedigital.com.tr\/?tag=yabanci-turist\" rel=\"tag\">yabanc\u0131 turist<\/a><span class=\"wp-block-post-terms__separator\">, <\/span><a href=\"https:\/\/spontanedigital.com.tr\/?tag=yerli-turist\" rel=\"tag\">yerli turist<\/a><\/div>\n\n\n<p><\/p>\n","protected":false},"excerpt":{"rendered":"<p>Milli park stat\u00fcs\u00fcndeki antik havza, otuz as\u0131rl\u0131k miras\u0131yla do\u011fan\u0131n uyan\u0131\u015f\u0131na paralel olarak yo\u011fun ilgi g\u00f6r\u00fcrken; termometrelerin y\u00fckselmesi neticesinde b\u00f6lgede g\u00fcncel<\/p>\n","protected":false},"author":2,"featured_media":9960,"comment_status":"open","ping_status":"open","sticky":false,"template":"","format":"standard","meta":{"colormag_page_container_layout":"default_layout","colormag_page_sidebar_layout":"default_layout","_jetpack_memberships_contains_paid_content":false,"footnotes":""},"categories":[19,1,8],"tags":[7795,5964,7797,7793,7794,7801,7805,7800,1945,7792,7803,7798,7799,7806,7804,7802,2357,7796,6127,6430,4822],"class_list":["post-9959","post","type-post","status-publish","format-standard","has-post-thumbnail","hentry","category-en-son-eklenen-makaleler","category-genel","category-turizm","tag-afyonkarahisar","tag-altyapi-yatirimlari","tag-antik-havza","tag-ayazini-koyu","tag-bisiklet-rotalari","tag-bizans-donemi","tag-bolge-esnafi","tag-doga-yuruyusu","tag-eskisehir","tag-frig-vadisi","tag-kamp-alanlari","tag-kaya-yerlesimleri","tag-kutahya","tag-mehmet-kilic","tag-oyma-kiliseler","tag-peri-bacalari","tag-restorasyon-calismalari","tag-roma-donemi","tag-turizm-hareketliligi","tag-yabanci-turist","tag-yerli-turist"],"magazineBlocksPostFeaturedMedia":{"thumbnail":"https:\/\/spontanedigital.com.tr\/wp-content\/uploads\/2026\/04\/32211_frig-vadisinde-2026-yili-turizm-sezonu-acildi_0-150x150.jpg","medium":"https:\/\/spontanedigital.com.tr\/wp-content\/uploads\/2026\/04\/32211_frig-vadisinde-2026-yili-turizm-sezonu-acildi_0-300x188.jpg","medium_large":"https:\/\/spontanedigital.com.tr\/wp-content\/uploads\/2026\/04\/32211_frig-vadisinde-2026-yili-turizm-sezonu-acildi_0-768x480.jpg","large":"https:\/\/spontanedigital.com.tr\/wp-content\/uploads\/2026\/04\/32211_frig-vadisinde-2026-yili-turizm-sezonu-acildi_0.jpg","1536x1536":"https:\/\/spontanedigital.com.tr\/wp-content\/uploads\/2026\/04\/32211_frig-vadisinde-2026-yili-turizm-sezonu-acildi_0.jpg","2048x2048":"https:\/\/spontanedigital.com.tr\/wp-content\/uploads\/2026\/04\/32211_frig-vadisinde-2026-yili-turizm-sezonu-acildi_0.jpg","ultp_layout_landscape_large":"https:\/\/spontanedigital.com.tr\/wp-content\/uploads\/2026\/04\/32211_frig-vadisinde-2026-yili-turizm-sezonu-acildi_0.jpg","ultp_layout_landscape":"https:\/\/spontanedigital.com.tr\/wp-content\/uploads\/2026\/04\/32211_frig-vadisinde-2026-yili-turizm-sezonu-acildi_0.jpg","ultp_layout_portrait":"https:\/\/spontanedigital.com.tr\/wp-content\/uploads\/2026\/04\/32211_frig-vadisinde-2026-yili-turizm-sezonu-acildi_0-600x500.jpg","ultp_layout_square":"https:\/\/spontanedigital.com.tr\/wp-content\/uploads\/2026\/04\/32211_frig-vadisinde-2026-yili-turizm-sezonu-acildi_0-600x500.jpg","colormag-highlighted-post":"https:\/\/spontanedigital.com.tr\/wp-content\/uploads\/2026\/04\/32211_frig-vadisinde-2026-yili-turizm-sezonu-acildi_0-392x272.jpg","colormag-featured-post-medium":"https:\/\/spontanedigital.com.tr\/wp-content\/uploads\/2026\/04\/32211_frig-vadisinde-2026-yili-turizm-sezonu-acildi_0-390x205.jpg","colormag-featured-post-small":"https:\/\/spontanedigital.com.tr\/wp-content\/uploads\/2026\/04\/32211_frig-vadisinde-2026-yili-turizm-sezonu-acildi_0-130x90.jpg","colormag-featured-image":"https:\/\/spontanedigital.com.tr\/wp-content\/uploads\/2026\/04\/32211_frig-vadisinde-2026-yili-turizm-sezonu-acildi_0-800x445.jpg","colormag-default-news":"https:\/\/spontanedigital.com.tr\/wp-content\/uploads\/2026\/04\/32211_frig-vadisinde-2026-yili-turizm-sezonu-acildi_0-150x150.jpg","colormag-featured-image-large":"https:\/\/spontanedigital.com.tr\/wp-content\/uploads\/2026\/04\/32211_frig-vadisinde-2026-yili-turizm-sezonu-acildi_0.jpg"},"magazineBlocksPostAuthor":{"name":"\u0130smail Y\u0131ld\u0131z","avatar":"https:\/\/spontanedigital.com.tr\/wp-content\/uploads\/2026\/02\/WhatsApp-Image-2026-02-27-at-13.44.36-150x150.jpeg"},"magazineBlocksPostCommentsNumber":"0","magazineBlocksPostExcerpt":"Milli park stat\u00fcs\u00fcndeki antik havza, otuz as\u0131rl\u0131k miras\u0131yla do\u011fan\u0131n uyan\u0131\u015f\u0131na paralel olarak yo\u011fun ilgi g\u00f6r\u00fcrken; termometrelerin y\u00fckselmesi neticesinde b\u00f6lgede g\u00fcncel","magazineBlocksPostCategories":["En Son Eklenen Makaleler","Genel","Turizm"],"magazineBlocksPostViewCount":6,"magazineBlocksPostReadTime":2,"magazine_blocks_featured_image_url":{"full":["https:\/\/spontanedigital.com.tr\/wp-content\/uploads\/2026\/04\/32211_frig-vadisinde-2026-yili-turizm-sezonu-acildi_0.jpg",800,500,false],"medium":["https:\/\/spontanedigital.com.tr\/wp-content\/uploads\/2026\/04\/32211_frig-vadisinde-2026-yili-turizm-sezonu-acildi_0-300x188.jpg",300,188,true],"thumbnail":["https:\/\/spontanedigital.com.tr\/wp-content\/uploads\/2026\/04\/32211_frig-vadisinde-2026-yili-turizm-sezonu-acildi_0-150x150.jpg",150,150,true]},"magazine_blocks_author":{"display_name":"\u0130smail Y\u0131ld\u0131z","author_link":"https:\/\/spontanedigital.com.tr\/?author=2"},"magazine_blocks_comment":0,"magazine_blocks_author_image":"https:\/\/spontanedigital.com.tr\/wp-content\/uploads\/2026\/02\/WhatsApp-Image-2026-02-27-at-13.44.36-150x150.jpeg","magazine_blocks_category":"<a href=\"#\" class=\"category-link category-link-19\">En Son Eklenen Makaleler<\/a> <a href=\"#\" class=\"category-link category-link-1\">Genel<\/a> <a href=\"#\" class=\"category-link category-link-8\">Turizm<\/a>","yoast_head":"<!-- This site is optimized with the Yoast SEO plugin v27.4 - https:\/\/yoast.com\/product\/yoast-seo-wordpress\/ -->\n<title>K\u00fclt\u00fcrel Miras Alan\u0131nda Yeni Takvimin Ziyaret\u00e7i Kabul\u00fc Ger\u00e7ekle\u015fti &#8211; Spontane Digital<\/title>\n<meta name=\"robots\" content=\"index, follow, max-snippet:-1, max-image-preview:large, max-video-preview:-1\" \/>\n<link rel=\"canonical\" href=\"https:\/\/spontanedigital.com.tr\/?p=9959\" \/>\n<meta property=\"og:locale\" content=\"tr_TR\" \/>\n<meta property=\"og:type\" content=\"article\" \/>\n<meta property=\"og:title\" content=\"K\u00fclt\u00fcrel Miras Alan\u0131nda Yeni Takvimin Ziyaret\u00e7i Kabul\u00fc Ger\u00e7ekle\u015fti &#8211; Spontane Digital\" \/>\n<meta property=\"og:description\" content=\"Milli park stat\u00fcs\u00fcndeki antik havza, otuz as\u0131rl\u0131k miras\u0131yla do\u011fan\u0131n uyan\u0131\u015f\u0131na paralel olarak yo\u011fun ilgi g\u00f6r\u00fcrken; termometrelerin y\u00fckselmesi neticesinde b\u00f6lgede g\u00fcncel\" \/>\n<meta property=\"og:url\" content=\"https:\/\/spontanedigital.com.tr\/?p=9959\" \/>\n<meta property=\"og:site_name\" content=\"Spontane Digital\" \/>\n<meta property=\"article:published_time\" content=\"2026-04-26T15:55:28+00:00\" \/>\n<meta property=\"article:modified_time\" content=\"2026-04-26T15:55:32+00:00\" \/>\n<meta property=\"og:image\" content=\"https:\/\/spontanedigital.com.tr\/wp-content\/uploads\/2026\/04\/32211_frig-vadisinde-2026-yili-turizm-sezonu-acildi_0.jpg\" \/>\n\t<meta property=\"og:image:width\" content=\"800\" \/>\n\t<meta property=\"og:image:height\" content=\"500\" \/>\n\t<meta property=\"og:image:type\" content=\"image\/jpeg\" \/>\n<meta name=\"author\" content=\"\u0130smail Y\u0131ld\u0131z\" \/>\n<meta name=\"twitter:card\" content=\"summary_large_image\" \/>\n<meta name=\"twitter:label1\" content=\"Yazan:\" \/>\n\t<meta name=\"twitter:data1\" content=\"\u0130smail Y\u0131ld\u0131z\" \/>\n\t<meta name=\"twitter:label2\" content=\"Tahmini okuma s\u00fcresi\" \/>\n\t<meta name=\"twitter:data2\" content=\"2 dakika\" \/>\n<script type=\"application\/ld+json\" class=\"yoast-schema-graph\">{\"@context\":\"https:\\\/\\\/schema.org\",\"@graph\":[{\"@type\":\"Article\",\"@id\":\"https:\\\/\\\/spontanedigital.com.tr\\\/?p=9959#article\",\"isPartOf\":{\"@id\":\"https:\\\/\\\/spontanedigital.com.tr\\\/?p=9959\"},\"author\":{\"name\":\"\u0130smail Y\u0131ld\u0131z\",\"@id\":\"https:\\\/\\\/spontanedigital.com.tr\\\/#\\\/schema\\\/person\\\/0fe013d23e14b15cfb52afb8a74dc9ae\"},\"headline\":\"K\u00fclt\u00fcrel Miras Alan\u0131nda Yeni Takvimin Ziyaret\u00e7i Kabul\u00fc Ger\u00e7ekle\u015fti\",\"datePublished\":\"2026-04-26T15:55:28+00:00\",\"dateModified\":\"2026-04-26T15:55:32+00:00\",\"mainEntityOfPage\":{\"@id\":\"https:\\\/\\\/spontanedigital.com.tr\\\/?p=9959\"},\"wordCount\":250,\"commentCount\":0,\"publisher\":{\"@id\":\"https:\\\/\\\/spontanedigital.com.tr\\\/#organization\"},\"image\":{\"@id\":\"https:\\\/\\\/spontanedigital.com.tr\\\/?p=9959#primaryimage\"},\"thumbnailUrl\":\"https:\\\/\\\/spontanedigital.com.tr\\\/wp-content\\\/uploads\\\/2026\\\/04\\\/32211_frig-vadisinde-2026-yili-turizm-sezonu-acildi_0.jpg\",\"keywords\":[\"Afyonkarahisar\",\"altyap\u0131 yat\u0131r\u0131mlar\u0131\",\"antik havza\",\"Ayazini k\u00f6y\u00fc\",\"bisiklet rotalar\u0131\",\"Bizans d\u00f6nemi\",\"b\u00f6lge esnaf\u0131\",\"do\u011fa y\u00fcr\u00fcy\u00fc\u015f\u00fc\",\"eski\u015fehir\",\"Frig Vadisi\",\"kamp alanlar\u0131\",\"kaya yerle\u015fimleri\",\"K\u00fctahya\",\"Mehmet K\u0131l\u0131\u00e7\",\"oyma kiliseler\",\"peri bacalar\u0131\",\"restorasyon \u00e7al\u0131\u015fmalar\u0131\",\"Roma d\u00f6nemi\",\"turizm hareketlili\u011fi\",\"yabanc\u0131 turist\",\"yerli turist\"],\"articleSection\":{\"0\":\"En Son Eklenen Makaleler\",\"2\":\"Turizm\"},\"inLanguage\":\"tr\",\"potentialAction\":[{\"@type\":\"CommentAction\",\"name\":\"Comment\",\"target\":[\"https:\\\/\\\/spontanedigital.com.tr\\\/?p=9959#respond\"]}]},{\"@type\":\"WebPage\",\"@id\":\"https:\\\/\\\/spontanedigital.com.tr\\\/?p=9959\",\"url\":\"https:\\\/\\\/spontanedigital.com.tr\\\/?p=9959\",\"name\":\"K\u00fclt\u00fcrel Miras Alan\u0131nda Yeni Takvimin Ziyaret\u00e7i Kabul\u00fc Ger\u00e7ekle\u015fti &#8211; Spontane Digital\",\"isPartOf\":{\"@id\":\"https:\\\/\\\/spontanedigital.com.tr\\\/#website\"},\"primaryImageOfPage\":{\"@id\":\"https:\\\/\\\/spontanedigital.com.tr\\\/?p=9959#primaryimage\"},\"image\":{\"@id\":\"https:\\\/\\\/spontanedigital.com.tr\\\/?p=9959#primaryimage\"},\"thumbnailUrl\":\"https:\\\/\\\/spontanedigital.com.tr\\\/wp-content\\\/uploads\\\/2026\\\/04\\\/32211_frig-vadisinde-2026-yili-turizm-sezonu-acildi_0.jpg\",\"datePublished\":\"2026-04-26T15:55:28+00:00\",\"dateModified\":\"2026-04-26T15:55:32+00:00\",\"breadcrumb\":{\"@id\":\"https:\\\/\\\/spontanedigital.com.tr\\\/?p=9959#breadcrumb\"},\"inLanguage\":\"tr\",\"potentialAction\":[{\"@type\":\"ReadAction\",\"target\":[\"https:\\\/\\\/spontanedigital.com.tr\\\/?p=9959\"]}]},{\"@type\":\"ImageObject\",\"inLanguage\":\"tr\",\"@id\":\"https:\\\/\\\/spontanedigital.com.tr\\\/?p=9959#primaryimage\",\"url\":\"https:\\\/\\\/spontanedigital.com.tr\\\/wp-content\\\/uploads\\\/2026\\\/04\\\/32211_frig-vadisinde-2026-yili-turizm-sezonu-acildi_0.jpg\",\"contentUrl\":\"https:\\\/\\\/spontanedigital.com.tr\\\/wp-content\\\/uploads\\\/2026\\\/04\\\/32211_frig-vadisinde-2026-yili-turizm-sezonu-acildi_0.jpg\",\"width\":800,\"height\":500},{\"@type\":\"BreadcrumbList\",\"@id\":\"https:\\\/\\\/spontanedigital.com.tr\\\/?p=9959#breadcrumb\",\"itemListElement\":[{\"@type\":\"ListItem\",\"position\":1,\"name\":\"Anasayfa\",\"item\":\"https:\\\/\\\/spontanedigital.com.tr\\\/\"},{\"@type\":\"ListItem\",\"position\":2,\"name\":\"K\u00fclt\u00fcrel Miras Alan\u0131nda Yeni Takvimin Ziyaret\u00e7i Kabul\u00fc Ger\u00e7ekle\u015fti\"}]},{\"@type\":\"WebSite\",\"@id\":\"https:\\\/\\\/spontanedigital.com.tr\\\/#website\",\"url\":\"https:\\\/\\\/spontanedigital.com.tr\\\/\",\"name\":\"Spontane Digital\",\"description\":\"Dijitalde Spontanite\",\"publisher\":{\"@id\":\"https:\\\/\\\/spontanedigital.com.tr\\\/#organization\"},\"potentialAction\":[{\"@type\":\"SearchAction\",\"target\":{\"@type\":\"EntryPoint\",\"urlTemplate\":\"https:\\\/\\\/spontanedigital.com.tr\\\/?s={search_term_string}\"},\"query-input\":{\"@type\":\"PropertyValueSpecification\",\"valueRequired\":true,\"valueName\":\"search_term_string\"}}],\"inLanguage\":\"tr\"},{\"@type\":\"Organization\",\"@id\":\"https:\\\/\\\/spontanedigital.com.tr\\\/#organization\",\"name\":\"Spontane Digital\",\"url\":\"https:\\\/\\\/spontanedigital.com.tr\\\/\",\"logo\":{\"@type\":\"ImageObject\",\"inLanguage\":\"tr\",\"@id\":\"https:\\\/\\\/spontanedigital.com.tr\\\/#\\\/schema\\\/logo\\\/image\\\/\",\"url\":\"https:\\\/\\\/spontanedigital.com.tr\\\/wp-content\\\/uploads\\\/2026\\\/02\\\/Spontane-Beyaz-1.png\",\"contentUrl\":\"https:\\\/\\\/spontanedigital.com.tr\\\/wp-content\\\/uploads\\\/2026\\\/02\\\/Spontane-Beyaz-1.png\",\"width\":1772,\"height\":900,\"caption\":\"Spontane Digital\"},\"image\":{\"@id\":\"https:\\\/\\\/spontanedigital.com.tr\\\/#\\\/schema\\\/logo\\\/image\\\/\"}},{\"@type\":\"Person\",\"@id\":\"https:\\\/\\\/spontanedigital.com.tr\\\/#\\\/schema\\\/person\\\/0fe013d23e14b15cfb52afb8a74dc9ae\",\"name\":\"\u0130smail Y\u0131ld\u0131z\",\"image\":{\"@type\":\"ImageObject\",\"inLanguage\":\"tr\",\"@id\":\"https:\\\/\\\/spontanedigital.com.tr\\\/wp-content\\\/uploads\\\/2026\\\/02\\\/WhatsApp-Image-2026-02-27-at-13.44.36-150x150.jpeg\",\"url\":\"https:\\\/\\\/spontanedigital.com.tr\\\/wp-content\\\/uploads\\\/2026\\\/02\\\/WhatsApp-Image-2026-02-27-at-13.44.36-150x150.jpeg\",\"contentUrl\":\"https:\\\/\\\/spontanedigital.com.tr\\\/wp-content\\\/uploads\\\/2026\\\/02\\\/WhatsApp-Image-2026-02-27-at-13.44.36-150x150.jpeg\",\"caption\":\"\u0130smail Y\u0131ld\u0131z\"},\"description\":\"G\u00fcndelik hayat\u0131n pratik detaylar\u0131ndan yeni ke\u015ffedilecek seyahat rotalar\u0131na kadar geni\u015f bir yelpazede ara\u015ft\u0131rmalar yapan \u0130smail, ya\u015fam\u0131n i\u00e7inden ilham verici i\u00e7erikleri okuyucular\u0131m\u0131zla payla\u015f\u0131yor.\",\"url\":\"https:\\\/\\\/spontanedigital.com.tr\\\/?author=2\"}]}<\/script>\n<!-- \/ Yoast SEO plugin. -->","yoast_head_json":{"title":"K\u00fclt\u00fcrel Miras Alan\u0131nda Yeni Takvimin Ziyaret\u00e7i Kabul\u00fc Ger\u00e7ekle\u015fti &#8211; Spontane Digital","robots":{"index":"index","follow":"follow","max-snippet":"max-snippet:-1","max-image-preview":"max-image-preview:large","max-video-preview":"max-video-preview:-1"},"canonical":"https:\/\/spontanedigital.com.tr\/?p=9959","og_locale":"tr_TR","og_type":"article","og_title":"K\u00fclt\u00fcrel Miras Alan\u0131nda Yeni Takvimin Ziyaret\u00e7i Kabul\u00fc Ger\u00e7ekle\u015fti &#8211; Spontane Digital","og_description":"Milli park stat\u00fcs\u00fcndeki antik havza, otuz as\u0131rl\u0131k miras\u0131yla do\u011fan\u0131n uyan\u0131\u015f\u0131na paralel olarak yo\u011fun ilgi g\u00f6r\u00fcrken; termometrelerin y\u00fckselmesi neticesinde b\u00f6lgede g\u00fcncel","og_url":"https:\/\/spontanedigital.com.tr\/?p=9959","og_site_name":"Spontane Digital","article_published_time":"2026-04-26T15:55:28+00:00","article_modified_time":"2026-04-26T15:55:32+00:00","og_image":[{"width":800,"height":500,"url":"https:\/\/spontanedigital.com.tr\/wp-content\/uploads\/2026\/04\/32211_frig-vadisinde-2026-yili-turizm-sezonu-acildi_0.jpg","type":"image\/jpeg"}],"author":"\u0130smail Y\u0131ld\u0131z","twitter_card":"summary_large_image","twitter_misc":{"Yazan:":"\u0130smail Y\u0131ld\u0131z","Tahmini okuma s\u00fcresi":"2 dakika"},"schema":{"@context":"https:\/\/schema.org","@graph":[{"@type":"Article","@id":"https:\/\/spontanedigital.com.tr\/?p=9959#article","isPartOf":{"@id":"https:\/\/spontanedigital.com.tr\/?p=9959"},"author":{"name":"\u0130smail Y\u0131ld\u0131z","@id":"https:\/\/spontanedigital.com.tr\/#\/schema\/person\/0fe013d23e14b15cfb52afb8a74dc9ae"},"headline":"K\u00fclt\u00fcrel Miras Alan\u0131nda Yeni Takvimin Ziyaret\u00e7i Kabul\u00fc Ger\u00e7ekle\u015fti","datePublished":"2026-04-26T15:55:28+00:00","dateModified":"2026-04-26T15:55:32+00:00","mainEntityOfPage":{"@id":"https:\/\/spontanedigital.com.tr\/?p=9959"},"wordCount":250,"commentCount":0,"publisher":{"@id":"https:\/\/spontanedigital.com.tr\/#organization"},"image":{"@id":"https:\/\/spontanedigital.com.tr\/?p=9959#primaryimage"},"thumbnailUrl":"https:\/\/spontanedigital.com.tr\/wp-content\/uploads\/2026\/04\/32211_frig-vadisinde-2026-yili-turizm-sezonu-acildi_0.jpg","keywords":["Afyonkarahisar","altyap\u0131 yat\u0131r\u0131mlar\u0131","antik havza","Ayazini k\u00f6y\u00fc","bisiklet rotalar\u0131","Bizans d\u00f6nemi","b\u00f6lge esnaf\u0131","do\u011fa y\u00fcr\u00fcy\u00fc\u015f\u00fc","eski\u015fehir","Frig Vadisi","kamp alanlar\u0131","kaya yerle\u015fimleri","K\u00fctahya","Mehmet K\u0131l\u0131\u00e7","oyma kiliseler","peri bacalar\u0131","restorasyon \u00e7al\u0131\u015fmalar\u0131","Roma d\u00f6nemi","turizm hareketlili\u011fi","yabanc\u0131 turist","yerli turist"],"articleSection":{"0":"En Son Eklenen Makaleler","2":"Turizm"},"inLanguage":"tr","potentialAction":[{"@type":"CommentAction","name":"Comment","target":["https:\/\/spontanedigital.com.tr\/?p=9959#respond"]}]},{"@type":"WebPage","@id":"https:\/\/spontanedigital.com.tr\/?p=9959","url":"https:\/\/spontanedigital.com.tr\/?p=9959","name":"K\u00fclt\u00fcrel Miras Alan\u0131nda Yeni Takvimin Ziyaret\u00e7i Kabul\u00fc Ger\u00e7ekle\u015fti &#8211; Spontane Digital","isPartOf":{"@id":"https:\/\/spontanedigital.com.tr\/#website"},"primaryImageOfPage":{"@id":"https:\/\/spontanedigital.com.tr\/?p=9959#primaryimage"},"image":{"@id":"https:\/\/spontanedigital.com.tr\/?p=9959#primaryimage"},"thumbnailUrl":"https:\/\/spontanedigital.com.tr\/wp-content\/uploads\/2026\/04\/32211_frig-vadisinde-2026-yili-turizm-sezonu-acildi_0.jpg","datePublished":"2026-04-26T15:55:28+00:00","dateModified":"2026-04-26T15:55:32+00:00","breadcrumb":{"@id":"https:\/\/spontanedigital.com.tr\/?p=9959#breadcrumb"},"inLanguage":"tr","potentialAction":[{"@type":"ReadAction","target":["https:\/\/spontanedigital.com.tr\/?p=9959"]}]},{"@type":"ImageObject","inLanguage":"tr","@id":"https:\/\/spontanedigital.com.tr\/?p=9959#primaryimage","url":"https:\/\/spontanedigital.com.tr\/wp-content\/uploads\/2026\/04\/32211_frig-vadisinde-2026-yili-turizm-sezonu-acildi_0.jpg","contentUrl":"https:\/\/spontanedigital.com.tr\/wp-content\/uploads\/2026\/04\/32211_frig-vadisinde-2026-yili-turizm-sezonu-acildi_0.jpg","width":800,"height":500},{"@type":"BreadcrumbList","@id":"https:\/\/spontanedigital.com.tr\/?p=9959#breadcrumb","itemListElement":[{"@type":"ListItem","position":1,"name":"Anasayfa","item":"https:\/\/spontanedigital.com.tr\/"},{"@type":"ListItem","position":2,"name":"K\u00fclt\u00fcrel Miras Alan\u0131nda Yeni Takvimin Ziyaret\u00e7i Kabul\u00fc Ger\u00e7ekle\u015fti"}]},{"@type":"WebSite","@id":"https:\/\/spontanedigital.com.tr\/#website","url":"https:\/\/spontanedigital.com.tr\/","name":"Spontane Digital","description":"Dijitalde Spontanite","publisher":{"@id":"https:\/\/spontanedigital.com.tr\/#organization"},"potentialAction":[{"@type":"SearchAction","target":{"@type":"EntryPoint","urlTemplate":"https:\/\/spontanedigital.com.tr\/?s={search_term_string}"},"query-input":{"@type":"PropertyValueSpecification","valueRequired":true,"valueName":"search_term_string"}}],"inLanguage":"tr"},{"@type":"Organization","@id":"https:\/\/spontanedigital.com.tr\/#organization","name":"Spontane Digital","url":"https:\/\/spontanedigital.com.tr\/","logo":{"@type":"ImageObject","inLanguage":"tr","@id":"https:\/\/spontanedigital.com.tr\/#\/schema\/logo\/image\/","url":"https:\/\/spontanedigital.com.tr\/wp-content\/uploads\/2026\/02\/Spontane-Beyaz-1.png","contentUrl":"https:\/\/spontanedigital.com.tr\/wp-content\/uploads\/2026\/02\/Spontane-Beyaz-1.png","width":1772,"height":900,"caption":"Spontane Digital"},"image":{"@id":"https:\/\/spontanedigital.com.tr\/#\/schema\/logo\/image\/"}},{"@type":"Person","@id":"https:\/\/spontanedigital.com.tr\/#\/schema\/person\/0fe013d23e14b15cfb52afb8a74dc9ae","name":"\u0130smail Y\u0131ld\u0131z","image":{"@type":"ImageObject","inLanguage":"tr","@id":"https:\/\/spontanedigital.com.tr\/wp-content\/uploads\/2026\/02\/WhatsApp-Image-2026-02-27-at-13.44.36-150x150.jpeg","url":"https:\/\/spontanedigital.com.tr\/wp-content\/uploads\/2026\/02\/WhatsApp-Image-2026-02-27-at-13.44.36-150x150.jpeg","contentUrl":"https:\/\/spontanedigital.com.tr\/wp-content\/uploads\/2026\/02\/WhatsApp-Image-2026-02-27-at-13.44.36-150x150.jpeg","caption":"\u0130smail Y\u0131ld\u0131z"},"description":"G\u00fcndelik hayat\u0131n pratik detaylar\u0131ndan yeni ke\u015ffedilecek seyahat rotalar\u0131na kadar geni\u015f bir yelpazede ara\u015ft\u0131rmalar yapan \u0130smail, ya\u015fam\u0131n i\u00e7inden ilham verici i\u00e7erikleri okuyucular\u0131m\u0131zla payla\u015f\u0131yor.","url":"https:\/\/spontanedigital.com.tr\/?author=2"}]}},"featured_image_urls":{"full":["https:\/\/spontanedigital.com.tr\/wp-content\/uploads\/2026\/04\/32211_frig-vadisinde-2026-yili-turizm-sezonu-acildi_0.jpg",800,500,false],"thumbnail":["https:\/\/spontanedigital.com.tr\/wp-content\/uploads\/2026\/04\/32211_frig-vadisinde-2026-yili-turizm-sezonu-acildi_0-150x150.jpg",150,150,true],"medium":["https:\/\/spontanedigital.com.tr\/wp-content\/uploads\/2026\/04\/32211_frig-vadisinde-2026-yili-turizm-sezonu-acildi_0-300x188.jpg",300,188,true],"medium_large":["https:\/\/spontanedigital.com.tr\/wp-content\/uploads\/2026\/04\/32211_frig-vadisinde-2026-yili-turizm-sezonu-acildi_0-768x480.jpg",768,480,true],"large":["https:\/\/spontanedigital.com.tr\/wp-content\/uploads\/2026\/04\/32211_frig-vadisinde-2026-yili-turizm-sezonu-acildi_0.jpg",800,500,false],"1536x1536":["https:\/\/spontanedigital.com.tr\/wp-content\/uploads\/2026\/04\/32211_frig-vadisinde-2026-yili-turizm-sezonu-acildi_0.jpg",800,500,false],"2048x2048":["https:\/\/spontanedigital.com.tr\/wp-content\/uploads\/2026\/04\/32211_frig-vadisinde-2026-yili-turizm-sezonu-acildi_0.jpg",800,500,false],"ultp_layout_landscape_large":["https:\/\/spontanedigital.com.tr\/wp-content\/uploads\/2026\/04\/32211_frig-vadisinde-2026-yili-turizm-sezonu-acildi_0.jpg",800,500,false],"ultp_layout_landscape":["https:\/\/spontanedigital.com.tr\/wp-content\/uploads\/2026\/04\/32211_frig-vadisinde-2026-yili-turizm-sezonu-acildi_0.jpg",800,500,false],"ultp_layout_portrait":["https:\/\/spontanedigital.com.tr\/wp-content\/uploads\/2026\/04\/32211_frig-vadisinde-2026-yili-turizm-sezonu-acildi_0-600x500.jpg",600,500,true],"ultp_layout_square":["https:\/\/spontanedigital.com.tr\/wp-content\/uploads\/2026\/04\/32211_frig-vadisinde-2026-yili-turizm-sezonu-acildi_0-600x500.jpg",600,500,true],"colormag-highlighted-post":["https:\/\/spontanedigital.com.tr\/wp-content\/uploads\/2026\/04\/32211_frig-vadisinde-2026-yili-turizm-sezonu-acildi_0-392x272.jpg",392,272,true],"colormag-featured-post-medium":["https:\/\/spontanedigital.com.tr\/wp-content\/uploads\/2026\/04\/32211_frig-vadisinde-2026-yili-turizm-sezonu-acildi_0-390x205.jpg",390,205,true],"colormag-featured-post-small":["https:\/\/spontanedigital.com.tr\/wp-content\/uploads\/2026\/04\/32211_frig-vadisinde-2026-yili-turizm-sezonu-acildi_0-130x90.jpg",130,90,true],"colormag-featured-image":["https:\/\/spontanedigital.com.tr\/wp-content\/uploads\/2026\/04\/32211_frig-vadisinde-2026-yili-turizm-sezonu-acildi_0-800x445.jpg",800,445,true],"colormag-default-news":["https:\/\/spontanedigital.com.tr\/wp-content\/uploads\/2026\/04\/32211_frig-vadisinde-2026-yili-turizm-sezonu-acildi_0-150x150.jpg",150,150,true],"colormag-featured-image-large":["https:\/\/spontanedigital.com.tr\/wp-content\/uploads\/2026\/04\/32211_frig-vadisinde-2026-yili-turizm-sezonu-acildi_0.jpg",800,500,false]},"author_info":{"info":["\u0130smail Y\u0131ld\u0131z"]},"category_info":"<a href=\"https:\/\/spontanedigital.com.tr\/?cat=19\" rel=\"category\">En Son Eklenen Makaleler<\/a> <a href=\"https:\/\/spontanedigital.com.tr\/?cat=1\" rel=\"category\">Genel<\/a> <a href=\"https:\/\/spontanedigital.com.tr\/?cat=8\" rel=\"category\">Turizm<\/a>","tag_info":"Turizm","comment_count":"0","jetpack_featured_media_url":"https:\/\/spontanedigital.com.tr\/wp-content\/uploads\/2026\/04\/32211_frig-vadisinde-2026-yili-turizm-sezonu-acildi_0.jpg","jetpack_sharing_enabled":true,"_links":{"self":[{"href":"https:\/\/spontanedigital.com.tr\/index.php?rest_route=\/wp\/v2\/posts\/9959","targetHints":{"allow":["GET"]}}],"collection":[{"href":"https:\/\/spontanedigital.com.tr\/index.php?rest_route=\/wp\/v2\/posts"}],"about":[{"href":"https:\/\/spontanedigital.com.tr\/index.php?rest_route=\/wp\/v2\/types\/post"}],"author":[{"embeddable":true,"href":"https:\/\/spontanedigital.com.tr\/index.php?rest_route=\/wp\/v2\/users\/2"}],"replies":[{"embeddable":true,"href":"https:\/\/spontanedigital.com.tr\/index.php?rest_route=%2Fwp%2Fv2%2Fcomments&post=9959"}],"version-history":[{"count":1,"href":"https:\/\/spontanedigital.com.tr\/index.php?rest_route=\/wp\/v2\/posts\/9959\/revisions"}],"predecessor-version":[{"id":9961,"href":"https:\/\/spontanedigital.com.tr\/index.php?rest_route=\/wp\/v2\/posts\/9959\/revisions\/9961"}],"wp:featuredmedia":[{"embeddable":true,"href":"https:\/\/spontanedigital.com.tr\/index.php?rest_route=\/wp\/v2\/media\/9960"}],"wp:attachment":[{"href":"https:\/\/spontanedigital.com.tr\/index.php?rest_route=%2Fwp%2Fv2%2Fmedia&parent=9959"}],"wp:term":[{"taxonomy":"category","embeddable":true,"href":"https:\/\/spontanedigital.com.tr\/index.php?rest_route=%2Fwp%2Fv2%2Fcategories&post=9959"},{"taxonomy":"post_tag","embeddable":true,"href":"https:\/\/spontanedigital.com.tr\/index.php?rest_route=%2Fwp%2Fv2%2Ftags&post=9959"}],"curies":[{"name":"wp","href":"https:\/\/api.w.org\/{rel}","templated":true}]}}