{"id":9986,"date":"2026-04-26T19:20:12","date_gmt":"2026-04-26T16:20:12","guid":{"rendered":"https:\/\/spontanedigital.com.tr\/?p=9986"},"modified":"2026-04-26T19:20:17","modified_gmt":"2026-04-26T16:20:17","slug":"galatasaraydan-italya-cikarmasi-juventusun-kaptani-gatti-icin-masaya-oturuyoruz","status":"publish","type":"post","link":"https:\/\/spontanedigital.com.tr\/?p=9986","title":{"rendered":"Galatasaray&#8217;dan \u0130talya \u00c7\u0131karmas\u0131! Juventus&#8217;un Kaptan\u0131 Gatti \u0130\u00e7in Masaya Oturuyoruz"},"content":{"rendered":"\n<p>S\u00fcper Lig&#8217;de \u015fampiyonlu\u011fa y\u00fcr\u00fcyen Galatasaray, yeni sezonun kadro planlamas\u0131 kapsam\u0131nda g\u00f6z\u00fcn\u00fc Serie A&#8217;ya dikti; hedefte Juventus&#8217;un ba\u015far\u0131l\u0131 stoperi Federico Gatti var.<\/p>\n\n\n\n<p>S\u00fcper Lig&#8217;de \u015fampiyonluk yar\u0131\u015f\u0131nda son 4 haftaya lider giren&nbsp;<a href=\"https:\/\/www.hurriyet.com.tr\/sporarena\/galatasaray-haberleri\/\" target=\"_blank\" rel=\"noreferrer noopener\">Galatasaray<\/a>,&nbsp;<a href=\"https:\/\/www.hurriyet.com.tr\/sporarena\/transfer-haberleri\/\" target=\"_blank\" rel=\"noreferrer noopener\">transfer<\/a>&nbsp;g\u00f6r\u00fc\u015fmelerini de s\u00fcrd\u00fcr\u00fcyor.<\/p>\n\n\n\n<p>Yaz transfer d\u00f6neminde stoper hatt\u0131na mutlaka bir takviye yapmak isteyen Sar\u0131-k\u0131rm\u0131z\u0131l\u0131lar i\u00e7in \u0130talya&#8217;dan s\u00fcrpriz bir isim g\u00fcndeme geldi.<\/p>\n\n\n\n<p>Juventus&#8217;a yak\u0131nl\u0131\u011f\u0131 ile bilinen\u00a0<em><strong>Tuttosport gazetesinin haberine g\u00f6re;<\/strong>\u00a0<\/em>Galatasaray, Federico Gatti ile ilgileniyor.<\/p>\n\n\n\n<figure class=\"wp-block-image size-full\"><img loading=\"lazy\" decoding=\"async\" width=\"770\" height=\"433\" src=\"https:\/\/spontanedigital.com.tr\/wp-content\/uploads\/2026\/04\/69edfa52eb422ab0018cf920.webp\" alt=\"\" class=\"wp-image-9988\" srcset=\"https:\/\/spontanedigital.com.tr\/wp-content\/uploads\/2026\/04\/69edfa52eb422ab0018cf920.webp 770w, https:\/\/spontanedigital.com.tr\/wp-content\/uploads\/2026\/04\/69edfa52eb422ab0018cf920-300x169.webp 300w, https:\/\/spontanedigital.com.tr\/wp-content\/uploads\/2026\/04\/69edfa52eb422ab0018cf920-768x432.webp 768w\" sizes=\"auto, (max-width: 770px) 100vw, 770px\" \/><\/figure>\n\n\n\n<p><strong>Y\u00dcZ Y\u00dcZE G\u00d6R\u00dc\u015eME \u0130\u00c7\u0130N \u0130TALYA&#8217;YA G\u0130D\u0130LECEK<\/strong><\/p>\n\n\n\n<p>Sar\u0131-k\u0131rm\u0131z\u0131l\u0131 kul\u00fcb\u00fcn ge\u00e7ti\u011fimiz g\u00fcnlerde Juventus&#8217;la temasa ge\u00e7erek transfer i\u00e7in bilgi talep etti\u011fi ve k\u0131sa s\u00fcre i\u00e7inde de Galatasaray&#8217;dan bir heyetin \u0130talya&#8217;ya giderek hem kul\u00fcp hem de oyuncu taraf\u0131yla y\u00fcz y\u00fcze ve daha detayl\u0131 bir g\u00f6r\u00fc\u015fme ger\u00e7ekle\u015ftirmesinin beklendi\u011fi kaydedildi.<\/p>\n\n\n\n<p>Juventus&#8217;un Gatti&#8217;nin performans\u0131ndan memnun oldu\u011fu ancak iyi bir teklif gelmesi durumunda onu satarak transfere kaynak yaratmak isteyebilece\u011fi belirtildi.<\/p>\n\n\n\n<figure class=\"wp-block-image size-full\"><img loading=\"lazy\" decoding=\"async\" width=\"770\" height=\"433\" src=\"https:\/\/spontanedigital.com.tr\/wp-content\/uploads\/2026\/04\/69edfa51eb422ab0018cf91c.webp\" alt=\"\" class=\"wp-image-9992\" srcset=\"https:\/\/spontanedigital.com.tr\/wp-content\/uploads\/2026\/04\/69edfa51eb422ab0018cf91c.webp 770w, https:\/\/spontanedigital.com.tr\/wp-content\/uploads\/2026\/04\/69edfa51eb422ab0018cf91c-300x169.webp 300w, https:\/\/spontanedigital.com.tr\/wp-content\/uploads\/2026\/04\/69edfa51eb422ab0018cf91c-768x432.webp 768w\" sizes=\"auto, (max-width: 770px) 100vw, 770px\" \/><\/figure>\n\n\n\n<p><strong>DEVRE ARASINDA MILAN \u0130STEM\u0130\u015eT\u0130<\/strong><\/p>\n\n\n\n<p><a href=\"https:\/\/www.hurriyet.com.tr\/haberleri\/federico-gatti\" target=\"_blank\" rel=\"noreferrer noopener\">Federico Gatti<\/a>&#8216;yi devre aras\u0131nda Milan istemi\u015f, Juventus&#8217;un 25 milyon euroluk talebi nedeniyle transfer ger\u00e7ekle\u015fmemi\u015fti.<\/p>\n\n\n\n<p>Juventus&#8217;u \u00e7al\u0131\u015ft\u0131rd\u0131\u011f\u0131 d\u00f6nemde Gatti&#8217;ye ilk kez forma veren teknik direkt\u00f6r olan ve \u015fu an Milan&#8217;\u0131 \u00e7al\u0131\u015ft\u0131ran Massimiliano Allegri&#8217;nin, tecr\u00fcbeli savunmac\u0131 i\u00e7in yaz transfer d\u00f6neminde bir hamle daha yapaca\u011f\u0131 ifade edildi.<\/p>\n\n\n\n<figure class=\"wp-block-image size-full\"><img loading=\"lazy\" decoding=\"async\" width=\"770\" height=\"433\" src=\"https:\/\/spontanedigital.com.tr\/wp-content\/uploads\/2026\/04\/69edfa8feb422ab0018cf922.webp\" alt=\"\" class=\"wp-image-9993\" srcset=\"https:\/\/spontanedigital.com.tr\/wp-content\/uploads\/2026\/04\/69edfa8feb422ab0018cf922.webp 770w, https:\/\/spontanedigital.com.tr\/wp-content\/uploads\/2026\/04\/69edfa8feb422ab0018cf922-300x169.webp 300w, https:\/\/spontanedigital.com.tr\/wp-content\/uploads\/2026\/04\/69edfa8feb422ab0018cf922-768x432.webp 768w\" sizes=\"auto, (max-width: 770px) 100vw, 770px\" \/><\/figure>\n\n\n\n<p><strong>PREMIER L\u0130G KUL\u00dcPLER\u0130 DE DEVREDE<\/strong><\/p>\n\n\n\n<p>Gatti ile Galatasaray ve Milan&#8217;\u0131n yan\u0131 s\u0131ra \u0130talya&#8217;dan Napoli, \u0130ngiltere&#8217;den ise Nottingham Forest ve Everton&#8217;\u0131n yak\u0131ndan ilgilendi\u011fi belirtiliyor.<\/p>\n\n\n\n<figure class=\"wp-block-image size-full\"><img loading=\"lazy\" decoding=\"async\" width=\"770\" height=\"433\" src=\"https:\/\/spontanedigital.com.tr\/wp-content\/uploads\/2026\/04\/69edfa52eb422ab0018cf91e.webp\" alt=\"\" class=\"wp-image-9994\" srcset=\"https:\/\/spontanedigital.com.tr\/wp-content\/uploads\/2026\/04\/69edfa52eb422ab0018cf91e.webp 770w, https:\/\/spontanedigital.com.tr\/wp-content\/uploads\/2026\/04\/69edfa52eb422ab0018cf91e-300x169.webp 300w, https:\/\/spontanedigital.com.tr\/wp-content\/uploads\/2026\/04\/69edfa52eb422ab0018cf91e-768x432.webp 768w\" sizes=\"auto, (max-width: 770px) 100vw, 770px\" \/><\/figure>\n\n\n\n<p>Kaynak: <a href=\"https:\/\/www.hurriyet.com.tr\/sporarena\/galatasaraydan-juventusun-yildizi-icin-resmi-adim-yuz-yuze-gorusme-icin-italyaya-gidiliyor-43159767\" type=\"link\" id=\"https:\/\/www.hurriyet.com.tr\/sporarena\/galatasaraydan-juventusun-yildizi-icin-resmi-adim-yuz-yuze-gorusme-icin-italyaya-gidiliyor-43159767\">H\u00fcrriyet Spor Arena<\/a><\/p>\n\n\n\n<p>Yay\u0131nlanma Tarihi: 26.04.2026 Saati: 19:21<\/p>\n\n\n<div class=\"taxonomy-post_tag wp-block-post-terms\"><a href=\"https:\/\/spontanedigital.com.tr\/?tag=federico-gatti\" rel=\"tag\">Federico Gatti<\/a><span class=\"wp-block-post-terms__separator\">, <\/span><a href=\"https:\/\/spontanedigital.com.tr\/?tag=futbol-gundemi\" rel=\"tag\">Futbol G\u00fcndemi<\/a><span class=\"wp-block-post-terms__separator\">, <\/span><a href=\"https:\/\/spontanedigital.com.tr\/?tag=galatasaray\" rel=\"tag\">Galatasaray<\/a><span class=\"wp-block-post-terms__separator\">, <\/span><a href=\"https:\/\/spontanedigital.com.tr\/?tag=galatasaray-haberleri\" rel=\"tag\">Galatasaray Haberleri<\/a><span class=\"wp-block-post-terms__separator\">, <\/span><a href=\"https:\/\/spontanedigital.com.tr\/?tag=galatasaray-transfer\" rel=\"tag\">Galatasaray Transfer<\/a><span class=\"wp-block-post-terms__separator\">, <\/span><a href=\"https:\/\/spontanedigital.com.tr\/?tag=juventus\" rel=\"tag\">Juventus<\/a><span class=\"wp-block-post-terms__separator\">, <\/span><a href=\"https:\/\/spontanedigital.com.tr\/?tag=milan\" rel=\"tag\">Milan<\/a><span class=\"wp-block-post-terms__separator\">, <\/span><a href=\"https:\/\/spontanedigital.com.tr\/?tag=serie-a\" rel=\"tag\">Serie A<\/a><span class=\"wp-block-post-terms__separator\">, <\/span><a href=\"https:\/\/spontanedigital.com.tr\/?tag=son-dakika-spor\" rel=\"tag\">Son Dakika Spor<\/a><span class=\"wp-block-post-terms__separator\">, <\/span><a href=\"https:\/\/spontanedigital.com.tr\/?tag=stoper-transferi\" rel=\"tag\">stoper transferi<\/a><span class=\"wp-block-post-terms__separator\">, <\/span><a href=\"https:\/\/spontanedigital.com.tr\/?tag=super-lig\" rel=\"tag\">S\u00fcper Lig<\/a><span class=\"wp-block-post-terms__separator\">, <\/span><a href=\"https:\/\/spontanedigital.com.tr\/?tag=transfer-haberleri\" rel=\"tag\">Transfer Haberleri<\/a><span class=\"wp-block-post-terms__separator\">, <\/span><a href=\"https:\/\/spontanedigital.com.tr\/?tag=tuttosport\" rel=\"tag\">Tuttosport<\/a><span class=\"wp-block-post-terms__separator\">, <\/span><a href=\"https:\/\/spontanedigital.com.tr\/?tag=yarim-vole\" rel=\"tag\">Yar\u0131m Vole<\/a><\/div>","protected":false},"excerpt":{"rendered":"<p>S\u00fcper Lig&#8217;de \u015fampiyonlu\u011fa y\u00fcr\u00fcyen Galatasaray, yeni sezonun kadro planlamas\u0131 kapsam\u0131nda g\u00f6z\u00fcn\u00fc Serie A&#8217;ya dikti; hedefte Juventus&#8217;un ba\u015far\u0131l\u0131 stoperi Federico Gatti<\/p>\n","protected":false},"author":3,"featured_media":9989,"comment_status":"open","ping_status":"open","sticky":false,"template":"","format":"standard","meta":{"colormag_page_container_layout":"default_layout","colormag_page_sidebar_layout":"default_layout","_jetpack_memberships_contains_paid_content":false,"footnotes":""},"categories":[1,6],"tags":[7862,3221,113,3722,566,126,4297,3219,3963,4533,2997,3267,7863,3002],"class_list":["post-9986","post","type-post","status-publish","format-standard","has-post-thumbnail","hentry","category-genel","category-spor","tag-federico-gatti","tag-futbol-gundemi","tag-galatasaray","tag-galatasaray-haberleri","tag-galatasaray-transfer","tag-juventus","tag-milan","tag-serie-a","tag-son-dakika-spor","tag-stoper-transferi","tag-super-lig","tag-transfer-haberleri","tag-tuttosport","tag-yarim-vole"],"magazineBlocksPostFeaturedMedia":{"thumbnail":"https:\/\/spontanedigital.com.tr\/wp-content\/uploads\/2026\/04\/69edfc12eb422ab0018cf926-150x150.webp","medium":"https:\/\/spontanedigital.com.tr\/wp-content\/uploads\/2026\/04\/69edfc12eb422ab0018cf926-300x169.webp","medium_large":"https:\/\/spontanedigital.com.tr\/wp-content\/uploads\/2026\/04\/69edfc12eb422ab0018cf926.webp","large":"https:\/\/spontanedigital.com.tr\/wp-content\/uploads\/2026\/04\/69edfc12eb422ab0018cf926.webp","1536x1536":"https:\/\/spontanedigital.com.tr\/wp-content\/uploads\/2026\/04\/69edfc12eb422ab0018cf926.webp","2048x2048":"https:\/\/spontanedigital.com.tr\/wp-content\/uploads\/2026\/04\/69edfc12eb422ab0018cf926.webp","ultp_layout_landscape_large":"https:\/\/spontanedigital.com.tr\/wp-content\/uploads\/2026\/04\/69edfc12eb422ab0018cf926.webp","ultp_layout_landscape":"https:\/\/spontanedigital.com.tr\/wp-content\/uploads\/2026\/04\/69edfc12eb422ab0018cf926.webp","ultp_layout_portrait":"https:\/\/spontanedigital.com.tr\/wp-content\/uploads\/2026\/04\/69edfc12eb422ab0018cf926-600x422.webp","ultp_layout_square":"https:\/\/spontanedigital.com.tr\/wp-content\/uploads\/2026\/04\/69edfc12eb422ab0018cf926-600x422.webp","colormag-highlighted-post":"https:\/\/spontanedigital.com.tr\/wp-content\/uploads\/2026\/04\/69edfc12eb422ab0018cf926-392x272.webp","colormag-featured-post-medium":"https:\/\/spontanedigital.com.tr\/wp-content\/uploads\/2026\/04\/69edfc12eb422ab0018cf926-390x205.webp","colormag-featured-post-small":"https:\/\/spontanedigital.com.tr\/wp-content\/uploads\/2026\/04\/69edfc12eb422ab0018cf926-130x90.webp","colormag-featured-image":"https:\/\/spontanedigital.com.tr\/wp-content\/uploads\/2026\/04\/69edfc12eb422ab0018cf926.webp","colormag-default-news":"https:\/\/spontanedigital.com.tr\/wp-content\/uploads\/2026\/04\/69edfc12eb422ab0018cf926-150x150.webp","colormag-featured-image-large":"https:\/\/spontanedigital.com.tr\/wp-content\/uploads\/2026\/04\/69edfc12eb422ab0018cf926.webp"},"magazineBlocksPostAuthor":{"name":"Fevzi Can \u015e\u0131\u011fva","avatar":"https:\/\/spontanedigital.com.tr\/wp-content\/uploads\/2026\/02\/WhatsApp-Image-2026-02-27-at-13.44.37-150x150.jpeg"},"magazineBlocksPostCommentsNumber":"0","magazineBlocksPostExcerpt":"S\u00fcper Lig&#8217;de \u015fampiyonlu\u011fa y\u00fcr\u00fcyen Galatasaray, yeni sezonun kadro planlamas\u0131 kapsam\u0131nda g\u00f6z\u00fcn\u00fc Serie A&#8217;ya dikti; hedefte Juventus&#8217;un ba\u015far\u0131l\u0131 stoperi Federico Gatti","magazineBlocksPostCategories":["Genel","Spor"],"magazineBlocksPostViewCount":4,"magazineBlocksPostReadTime":2,"magazine_blocks_featured_image_url":{"full":["https:\/\/spontanedigital.com.tr\/wp-content\/uploads\/2026\/04\/69edfc12eb422ab0018cf926.webp",750,422,false],"medium":["https:\/\/spontanedigital.com.tr\/wp-content\/uploads\/2026\/04\/69edfc12eb422ab0018cf926-300x169.webp",300,169,true],"thumbnail":["https:\/\/spontanedigital.com.tr\/wp-content\/uploads\/2026\/04\/69edfc12eb422ab0018cf926-150x150.webp",150,150,true]},"magazine_blocks_author":{"display_name":"Fevzi Can \u015e\u0131\u011fva","author_link":"https:\/\/spontanedigital.com.tr\/?author=3"},"magazine_blocks_comment":0,"magazine_blocks_author_image":"https:\/\/spontanedigital.com.tr\/wp-content\/uploads\/2026\/02\/WhatsApp-Image-2026-02-27-at-13.44.37-150x150.jpeg","magazine_blocks_category":"<a href=\"#\" class=\"category-link category-link-1\">Genel<\/a> <a href=\"#\" class=\"category-link category-link-6\">Spor<\/a>","yoast_head":"<!-- This site is optimized with the Yoast SEO plugin v27.4 - https:\/\/yoast.com\/product\/yoast-seo-wordpress\/ -->\n<title>Galatasaray&#039;dan \u0130talya \u00c7\u0131karmas\u0131! Juventus&#039;un Kaptan\u0131 Gatti \u0130\u00e7in Masaya Oturuyoruz &#8211; Spontane Digital<\/title>\n<meta name=\"robots\" content=\"index, follow, max-snippet:-1, max-image-preview:large, max-video-preview:-1\" \/>\n<link rel=\"canonical\" href=\"https:\/\/spontanedigital.com.tr\/?p=9986\" \/>\n<meta property=\"og:locale\" content=\"tr_TR\" \/>\n<meta property=\"og:type\" content=\"article\" \/>\n<meta property=\"og:title\" content=\"Galatasaray&#039;dan \u0130talya \u00c7\u0131karmas\u0131! Juventus&#039;un Kaptan\u0131 Gatti \u0130\u00e7in Masaya Oturuyoruz &#8211; Spontane Digital\" \/>\n<meta property=\"og:description\" content=\"S\u00fcper Lig&#8217;de \u015fampiyonlu\u011fa y\u00fcr\u00fcyen Galatasaray, yeni sezonun kadro planlamas\u0131 kapsam\u0131nda g\u00f6z\u00fcn\u00fc Serie A&#8217;ya dikti; hedefte Juventus&#8217;un ba\u015far\u0131l\u0131 stoperi Federico Gatti\" \/>\n<meta property=\"og:url\" content=\"https:\/\/spontanedigital.com.tr\/?p=9986\" \/>\n<meta property=\"og:site_name\" content=\"Spontane Digital\" \/>\n<meta property=\"article:published_time\" content=\"2026-04-26T16:20:12+00:00\" \/>\n<meta property=\"article:modified_time\" content=\"2026-04-26T16:20:17+00:00\" \/>\n<meta property=\"og:image\" content=\"https:\/\/spontanedigital.com.tr\/wp-content\/uploads\/2026\/04\/69edfc12eb422ab0018cf926.webp\" \/>\n\t<meta property=\"og:image:width\" content=\"750\" \/>\n\t<meta property=\"og:image:height\" content=\"422\" \/>\n\t<meta property=\"og:image:type\" content=\"image\/webp\" \/>\n<meta name=\"author\" content=\"Fevzi Can \u015e\u0131\u011fva\" \/>\n<meta name=\"twitter:card\" content=\"summary_large_image\" \/>\n<meta name=\"twitter:label1\" content=\"Yazan:\" \/>\n\t<meta name=\"twitter:data1\" content=\"Fevzi Can \u015e\u0131\u011fva\" \/>\n\t<meta name=\"twitter:label2\" content=\"Tahmini okuma s\u00fcresi\" \/>\n\t<meta name=\"twitter:data2\" content=\"3 dakika\" \/>\n<script type=\"application\/ld+json\" class=\"yoast-schema-graph\">{\"@context\":\"https:\\\/\\\/schema.org\",\"@graph\":[{\"@type\":\"Article\",\"@id\":\"https:\\\/\\\/spontanedigital.com.tr\\\/?p=9986#article\",\"isPartOf\":{\"@id\":\"https:\\\/\\\/spontanedigital.com.tr\\\/?p=9986\"},\"author\":{\"name\":\"Fevzi Can \u015e\u0131\u011fva\",\"@id\":\"https:\\\/\\\/spontanedigital.com.tr\\\/#\\\/schema\\\/person\\\/3b943e96b188e53110740f11f728ee4f\"},\"headline\":\"Galatasaray&#8217;dan \u0130talya \u00c7\u0131karmas\u0131! Juventus&#8217;un Kaptan\u0131 Gatti \u0130\u00e7in Masaya Oturuyoruz\",\"datePublished\":\"2026-04-26T16:20:12+00:00\",\"dateModified\":\"2026-04-26T16:20:17+00:00\",\"mainEntityOfPage\":{\"@id\":\"https:\\\/\\\/spontanedigital.com.tr\\\/?p=9986\"},\"wordCount\":321,\"commentCount\":0,\"publisher\":{\"@id\":\"https:\\\/\\\/spontanedigital.com.tr\\\/#organization\"},\"image\":{\"@id\":\"https:\\\/\\\/spontanedigital.com.tr\\\/?p=9986#primaryimage\"},\"thumbnailUrl\":\"https:\\\/\\\/spontanedigital.com.tr\\\/wp-content\\\/uploads\\\/2026\\\/04\\\/69edfc12eb422ab0018cf926.webp\",\"keywords\":[\"Federico Gatti\",\"Futbol G\u00fcndemi\",\"Galatasaray\",\"Galatasaray Haberleri\",\"Galatasaray Transfer\",\"Juventus\",\"Milan\",\"Serie A\",\"Son Dakika Spor\",\"stoper transferi\",\"S\u00fcper Lig\",\"Transfer Haberleri\",\"Tuttosport\",\"Yar\u0131m Vole\"],\"articleSection\":{\"1\":\"Spor\"},\"inLanguage\":\"tr\",\"potentialAction\":[{\"@type\":\"CommentAction\",\"name\":\"Comment\",\"target\":[\"https:\\\/\\\/spontanedigital.com.tr\\\/?p=9986#respond\"]}]},{\"@type\":\"WebPage\",\"@id\":\"https:\\\/\\\/spontanedigital.com.tr\\\/?p=9986\",\"url\":\"https:\\\/\\\/spontanedigital.com.tr\\\/?p=9986\",\"name\":\"Galatasaray'dan \u0130talya \u00c7\u0131karmas\u0131! Juventus'un Kaptan\u0131 Gatti \u0130\u00e7in Masaya Oturuyoruz &#8211; Spontane Digital\",\"isPartOf\":{\"@id\":\"https:\\\/\\\/spontanedigital.com.tr\\\/#website\"},\"primaryImageOfPage\":{\"@id\":\"https:\\\/\\\/spontanedigital.com.tr\\\/?p=9986#primaryimage\"},\"image\":{\"@id\":\"https:\\\/\\\/spontanedigital.com.tr\\\/?p=9986#primaryimage\"},\"thumbnailUrl\":\"https:\\\/\\\/spontanedigital.com.tr\\\/wp-content\\\/uploads\\\/2026\\\/04\\\/69edfc12eb422ab0018cf926.webp\",\"datePublished\":\"2026-04-26T16:20:12+00:00\",\"dateModified\":\"2026-04-26T16:20:17+00:00\",\"breadcrumb\":{\"@id\":\"https:\\\/\\\/spontanedigital.com.tr\\\/?p=9986#breadcrumb\"},\"inLanguage\":\"tr\",\"potentialAction\":[{\"@type\":\"ReadAction\",\"target\":[\"https:\\\/\\\/spontanedigital.com.tr\\\/?p=9986\"]}]},{\"@type\":\"ImageObject\",\"inLanguage\":\"tr\",\"@id\":\"https:\\\/\\\/spontanedigital.com.tr\\\/?p=9986#primaryimage\",\"url\":\"https:\\\/\\\/spontanedigital.com.tr\\\/wp-content\\\/uploads\\\/2026\\\/04\\\/69edfc12eb422ab0018cf926.webp\",\"contentUrl\":\"https:\\\/\\\/spontanedigital.com.tr\\\/wp-content\\\/uploads\\\/2026\\\/04\\\/69edfc12eb422ab0018cf926.webp\",\"width\":750,\"height\":422},{\"@type\":\"BreadcrumbList\",\"@id\":\"https:\\\/\\\/spontanedigital.com.tr\\\/?p=9986#breadcrumb\",\"itemListElement\":[{\"@type\":\"ListItem\",\"position\":1,\"name\":\"Anasayfa\",\"item\":\"https:\\\/\\\/spontanedigital.com.tr\\\/\"},{\"@type\":\"ListItem\",\"position\":2,\"name\":\"Galatasaray&#8217;dan \u0130talya \u00c7\u0131karmas\u0131! Juventus&#8217;un Kaptan\u0131 Gatti \u0130\u00e7in Masaya Oturuyoruz\"}]},{\"@type\":\"WebSite\",\"@id\":\"https:\\\/\\\/spontanedigital.com.tr\\\/#website\",\"url\":\"https:\\\/\\\/spontanedigital.com.tr\\\/\",\"name\":\"Spontane Digital\",\"description\":\"Dijitalde Spontanite\",\"publisher\":{\"@id\":\"https:\\\/\\\/spontanedigital.com.tr\\\/#organization\"},\"potentialAction\":[{\"@type\":\"SearchAction\",\"target\":{\"@type\":\"EntryPoint\",\"urlTemplate\":\"https:\\\/\\\/spontanedigital.com.tr\\\/?s={search_term_string}\"},\"query-input\":{\"@type\":\"PropertyValueSpecification\",\"valueRequired\":true,\"valueName\":\"search_term_string\"}}],\"inLanguage\":\"tr\"},{\"@type\":\"Organization\",\"@id\":\"https:\\\/\\\/spontanedigital.com.tr\\\/#organization\",\"name\":\"Spontane Digital\",\"url\":\"https:\\\/\\\/spontanedigital.com.tr\\\/\",\"logo\":{\"@type\":\"ImageObject\",\"inLanguage\":\"tr\",\"@id\":\"https:\\\/\\\/spontanedigital.com.tr\\\/#\\\/schema\\\/logo\\\/image\\\/\",\"url\":\"https:\\\/\\\/spontanedigital.com.tr\\\/wp-content\\\/uploads\\\/2026\\\/02\\\/Spontane-Beyaz-1.png\",\"contentUrl\":\"https:\\\/\\\/spontanedigital.com.tr\\\/wp-content\\\/uploads\\\/2026\\\/02\\\/Spontane-Beyaz-1.png\",\"width\":1772,\"height\":900,\"caption\":\"Spontane Digital\"},\"image\":{\"@id\":\"https:\\\/\\\/spontanedigital.com.tr\\\/#\\\/schema\\\/logo\\\/image\\\/\"}},{\"@type\":\"Person\",\"@id\":\"https:\\\/\\\/spontanedigital.com.tr\\\/#\\\/schema\\\/person\\\/3b943e96b188e53110740f11f728ee4f\",\"name\":\"Fevzi Can \u015e\u0131\u011fva\",\"image\":{\"@type\":\"ImageObject\",\"inLanguage\":\"tr\",\"@id\":\"https:\\\/\\\/spontanedigital.com.tr\\\/wp-content\\\/uploads\\\/2026\\\/02\\\/WhatsApp-Image-2026-02-27-at-13.44.37-150x150.jpeg\",\"url\":\"https:\\\/\\\/spontanedigital.com.tr\\\/wp-content\\\/uploads\\\/2026\\\/02\\\/WhatsApp-Image-2026-02-27-at-13.44.37-150x150.jpeg\",\"contentUrl\":\"https:\\\/\\\/spontanedigital.com.tr\\\/wp-content\\\/uploads\\\/2026\\\/02\\\/WhatsApp-Image-2026-02-27-at-13.44.37-150x150.jpeg\",\"caption\":\"Fevzi Can \u015e\u0131\u011fva\"},\"description\":\"Dijital oyun d\u00fcnyas\u0131ndaki en son trendleri ve spor camias\u0131ndaki dinamik geli\u015fmeleri takip eden Fevzi Can, rekabetin ve e\u011flencenin nabz\u0131n\u0131 tutan i\u00e7eriklerle okurlar\u0131m\u0131za ula\u015f\u0131yor.\",\"url\":\"https:\\\/\\\/spontanedigital.com.tr\\\/?author=3\"}]}<\/script>\n<!-- \/ Yoast SEO plugin. -->","yoast_head_json":{"title":"Galatasaray'dan \u0130talya \u00c7\u0131karmas\u0131! Juventus'un Kaptan\u0131 Gatti \u0130\u00e7in Masaya Oturuyoruz &#8211; Spontane Digital","robots":{"index":"index","follow":"follow","max-snippet":"max-snippet:-1","max-image-preview":"max-image-preview:large","max-video-preview":"max-video-preview:-1"},"canonical":"https:\/\/spontanedigital.com.tr\/?p=9986","og_locale":"tr_TR","og_type":"article","og_title":"Galatasaray'dan \u0130talya \u00c7\u0131karmas\u0131! Juventus'un Kaptan\u0131 Gatti \u0130\u00e7in Masaya Oturuyoruz &#8211; Spontane Digital","og_description":"S\u00fcper Lig&#8217;de \u015fampiyonlu\u011fa y\u00fcr\u00fcyen Galatasaray, yeni sezonun kadro planlamas\u0131 kapsam\u0131nda g\u00f6z\u00fcn\u00fc Serie A&#8217;ya dikti; hedefte Juventus&#8217;un ba\u015far\u0131l\u0131 stoperi Federico Gatti","og_url":"https:\/\/spontanedigital.com.tr\/?p=9986","og_site_name":"Spontane Digital","article_published_time":"2026-04-26T16:20:12+00:00","article_modified_time":"2026-04-26T16:20:17+00:00","og_image":[{"width":750,"height":422,"url":"https:\/\/spontanedigital.com.tr\/wp-content\/uploads\/2026\/04\/69edfc12eb422ab0018cf926.webp","type":"image\/webp"}],"author":"Fevzi Can \u015e\u0131\u011fva","twitter_card":"summary_large_image","twitter_misc":{"Yazan:":"Fevzi Can \u015e\u0131\u011fva","Tahmini okuma s\u00fcresi":"3 dakika"},"schema":{"@context":"https:\/\/schema.org","@graph":[{"@type":"Article","@id":"https:\/\/spontanedigital.com.tr\/?p=9986#article","isPartOf":{"@id":"https:\/\/spontanedigital.com.tr\/?p=9986"},"author":{"name":"Fevzi Can \u015e\u0131\u011fva","@id":"https:\/\/spontanedigital.com.tr\/#\/schema\/person\/3b943e96b188e53110740f11f728ee4f"},"headline":"Galatasaray&#8217;dan \u0130talya \u00c7\u0131karmas\u0131! Juventus&#8217;un Kaptan\u0131 Gatti \u0130\u00e7in Masaya Oturuyoruz","datePublished":"2026-04-26T16:20:12+00:00","dateModified":"2026-04-26T16:20:17+00:00","mainEntityOfPage":{"@id":"https:\/\/spontanedigital.com.tr\/?p=9986"},"wordCount":321,"commentCount":0,"publisher":{"@id":"https:\/\/spontanedigital.com.tr\/#organization"},"image":{"@id":"https:\/\/spontanedigital.com.tr\/?p=9986#primaryimage"},"thumbnailUrl":"https:\/\/spontanedigital.com.tr\/wp-content\/uploads\/2026\/04\/69edfc12eb422ab0018cf926.webp","keywords":["Federico Gatti","Futbol G\u00fcndemi","Galatasaray","Galatasaray Haberleri","Galatasaray Transfer","Juventus","Milan","Serie A","Son Dakika Spor","stoper transferi","S\u00fcper Lig","Transfer Haberleri","Tuttosport","Yar\u0131m Vole"],"articleSection":{"1":"Spor"},"inLanguage":"tr","potentialAction":[{"@type":"CommentAction","name":"Comment","target":["https:\/\/spontanedigital.com.tr\/?p=9986#respond"]}]},{"@type":"WebPage","@id":"https:\/\/spontanedigital.com.tr\/?p=9986","url":"https:\/\/spontanedigital.com.tr\/?p=9986","name":"Galatasaray'dan \u0130talya \u00c7\u0131karmas\u0131! Juventus'un Kaptan\u0131 Gatti \u0130\u00e7in Masaya Oturuyoruz &#8211; Spontane Digital","isPartOf":{"@id":"https:\/\/spontanedigital.com.tr\/#website"},"primaryImageOfPage":{"@id":"https:\/\/spontanedigital.com.tr\/?p=9986#primaryimage"},"image":{"@id":"https:\/\/spontanedigital.com.tr\/?p=9986#primaryimage"},"thumbnailUrl":"https:\/\/spontanedigital.com.tr\/wp-content\/uploads\/2026\/04\/69edfc12eb422ab0018cf926.webp","datePublished":"2026-04-26T16:20:12+00:00","dateModified":"2026-04-26T16:20:17+00:00","breadcrumb":{"@id":"https:\/\/spontanedigital.com.tr\/?p=9986#breadcrumb"},"inLanguage":"tr","potentialAction":[{"@type":"ReadAction","target":["https:\/\/spontanedigital.com.tr\/?p=9986"]}]},{"@type":"ImageObject","inLanguage":"tr","@id":"https:\/\/spontanedigital.com.tr\/?p=9986#primaryimage","url":"https:\/\/spontanedigital.com.tr\/wp-content\/uploads\/2026\/04\/69edfc12eb422ab0018cf926.webp","contentUrl":"https:\/\/spontanedigital.com.tr\/wp-content\/uploads\/2026\/04\/69edfc12eb422ab0018cf926.webp","width":750,"height":422},{"@type":"BreadcrumbList","@id":"https:\/\/spontanedigital.com.tr\/?p=9986#breadcrumb","itemListElement":[{"@type":"ListItem","position":1,"name":"Anasayfa","item":"https:\/\/spontanedigital.com.tr\/"},{"@type":"ListItem","position":2,"name":"Galatasaray&#8217;dan \u0130talya \u00c7\u0131karmas\u0131! Juventus&#8217;un Kaptan\u0131 Gatti \u0130\u00e7in Masaya Oturuyoruz"}]},{"@type":"WebSite","@id":"https:\/\/spontanedigital.com.tr\/#website","url":"https:\/\/spontanedigital.com.tr\/","name":"Spontane Digital","description":"Dijitalde Spontanite","publisher":{"@id":"https:\/\/spontanedigital.com.tr\/#organization"},"potentialAction":[{"@type":"SearchAction","target":{"@type":"EntryPoint","urlTemplate":"https:\/\/spontanedigital.com.tr\/?s={search_term_string}"},"query-input":{"@type":"PropertyValueSpecification","valueRequired":true,"valueName":"search_term_string"}}],"inLanguage":"tr"},{"@type":"Organization","@id":"https:\/\/spontanedigital.com.tr\/#organization","name":"Spontane Digital","url":"https:\/\/spontanedigital.com.tr\/","logo":{"@type":"ImageObject","inLanguage":"tr","@id":"https:\/\/spontanedigital.com.tr\/#\/schema\/logo\/image\/","url":"https:\/\/spontanedigital.com.tr\/wp-content\/uploads\/2026\/02\/Spontane-Beyaz-1.png","contentUrl":"https:\/\/spontanedigital.com.tr\/wp-content\/uploads\/2026\/02\/Spontane-Beyaz-1.png","width":1772,"height":900,"caption":"Spontane Digital"},"image":{"@id":"https:\/\/spontanedigital.com.tr\/#\/schema\/logo\/image\/"}},{"@type":"Person","@id":"https:\/\/spontanedigital.com.tr\/#\/schema\/person\/3b943e96b188e53110740f11f728ee4f","name":"Fevzi Can \u015e\u0131\u011fva","image":{"@type":"ImageObject","inLanguage":"tr","@id":"https:\/\/spontanedigital.com.tr\/wp-content\/uploads\/2026\/02\/WhatsApp-Image-2026-02-27-at-13.44.37-150x150.jpeg","url":"https:\/\/spontanedigital.com.tr\/wp-content\/uploads\/2026\/02\/WhatsApp-Image-2026-02-27-at-13.44.37-150x150.jpeg","contentUrl":"https:\/\/spontanedigital.com.tr\/wp-content\/uploads\/2026\/02\/WhatsApp-Image-2026-02-27-at-13.44.37-150x150.jpeg","caption":"Fevzi Can \u015e\u0131\u011fva"},"description":"Dijital oyun d\u00fcnyas\u0131ndaki en son trendleri ve spor camias\u0131ndaki dinamik geli\u015fmeleri takip eden Fevzi Can, rekabetin ve e\u011flencenin nabz\u0131n\u0131 tutan i\u00e7eriklerle okurlar\u0131m\u0131za ula\u015f\u0131yor.","url":"https:\/\/spontanedigital.com.tr\/?author=3"}]}},"featured_image_urls":{"full":["https:\/\/spontanedigital.com.tr\/wp-content\/uploads\/2026\/04\/69edfc12eb422ab0018cf926.webp",750,422,false],"thumbnail":["https:\/\/spontanedigital.com.tr\/wp-content\/uploads\/2026\/04\/69edfc12eb422ab0018cf926-150x150.webp",150,150,true],"medium":["https:\/\/spontanedigital.com.tr\/wp-content\/uploads\/2026\/04\/69edfc12eb422ab0018cf926-300x169.webp",300,169,true],"medium_large":["https:\/\/spontanedigital.com.tr\/wp-content\/uploads\/2026\/04\/69edfc12eb422ab0018cf926.webp",750,422,false],"large":["https:\/\/spontanedigital.com.tr\/wp-content\/uploads\/2026\/04\/69edfc12eb422ab0018cf926.webp",750,422,false],"1536x1536":["https:\/\/spontanedigital.com.tr\/wp-content\/uploads\/2026\/04\/69edfc12eb422ab0018cf926.webp",750,422,false],"2048x2048":["https:\/\/spontanedigital.com.tr\/wp-content\/uploads\/2026\/04\/69edfc12eb422ab0018cf926.webp",750,422,false],"ultp_layout_landscape_large":["https:\/\/spontanedigital.com.tr\/wp-content\/uploads\/2026\/04\/69edfc12eb422ab0018cf926.webp",750,422,false],"ultp_layout_landscape":["https:\/\/spontanedigital.com.tr\/wp-content\/uploads\/2026\/04\/69edfc12eb422ab0018cf926.webp",750,422,false],"ultp_layout_portrait":["https:\/\/spontanedigital.com.tr\/wp-content\/uploads\/2026\/04\/69edfc12eb422ab0018cf926-600x422.webp",600,422,true],"ultp_layout_square":["https:\/\/spontanedigital.com.tr\/wp-content\/uploads\/2026\/04\/69edfc12eb422ab0018cf926-600x422.webp",600,422,true],"colormag-highlighted-post":["https:\/\/spontanedigital.com.tr\/wp-content\/uploads\/2026\/04\/69edfc12eb422ab0018cf926-392x272.webp",392,272,true],"colormag-featured-post-medium":["https:\/\/spontanedigital.com.tr\/wp-content\/uploads\/2026\/04\/69edfc12eb422ab0018cf926-390x205.webp",390,205,true],"colormag-featured-post-small":["https:\/\/spontanedigital.com.tr\/wp-content\/uploads\/2026\/04\/69edfc12eb422ab0018cf926-130x90.webp",130,90,true],"colormag-featured-image":["https:\/\/spontanedigital.com.tr\/wp-content\/uploads\/2026\/04\/69edfc12eb422ab0018cf926.webp",750,422,false],"colormag-default-news":["https:\/\/spontanedigital.com.tr\/wp-content\/uploads\/2026\/04\/69edfc12eb422ab0018cf926-150x150.webp",150,150,true],"colormag-featured-image-large":["https:\/\/spontanedigital.com.tr\/wp-content\/uploads\/2026\/04\/69edfc12eb422ab0018cf926.webp",750,422,false]},"author_info":{"info":["Fevzi Can \u015e\u0131\u011fva"]},"category_info":"<a href=\"https:\/\/spontanedigital.com.tr\/?cat=1\" rel=\"category\">Genel<\/a> <a href=\"https:\/\/spontanedigital.com.tr\/?cat=6\" rel=\"category\">Spor<\/a>","tag_info":"Spor","comment_count":"0","jetpack_featured_media_url":"https:\/\/spontanedigital.com.tr\/wp-content\/uploads\/2026\/04\/69edfc12eb422ab0018cf926.webp","jetpack_sharing_enabled":true,"_links":{"self":[{"href":"https:\/\/spontanedigital.com.tr\/index.php?rest_route=\/wp\/v2\/posts\/9986","targetHints":{"allow":["GET"]}}],"collection":[{"href":"https:\/\/spontanedigital.com.tr\/index.php?rest_route=\/wp\/v2\/posts"}],"about":[{"href":"https:\/\/spontanedigital.com.tr\/index.php?rest_route=\/wp\/v2\/types\/post"}],"author":[{"embeddable":true,"href":"https:\/\/spontanedigital.com.tr\/index.php?rest_route=\/wp\/v2\/users\/3"}],"replies":[{"embeddable":true,"href":"https:\/\/spontanedigital.com.tr\/index.php?rest_route=%2Fwp%2Fv2%2Fcomments&post=9986"}],"version-history":[{"count":1,"href":"https:\/\/spontanedigital.com.tr\/index.php?rest_route=\/wp\/v2\/posts\/9986\/revisions"}],"predecessor-version":[{"id":9995,"href":"https:\/\/spontanedigital.com.tr\/index.php?rest_route=\/wp\/v2\/posts\/9986\/revisions\/9995"}],"wp:featuredmedia":[{"embeddable":true,"href":"https:\/\/spontanedigital.com.tr\/index.php?rest_route=\/wp\/v2\/media\/9989"}],"wp:attachment":[{"href":"https:\/\/spontanedigital.com.tr\/index.php?rest_route=%2Fwp%2Fv2%2Fmedia&parent=9986"}],"wp:term":[{"taxonomy":"category","embeddable":true,"href":"https:\/\/spontanedigital.com.tr\/index.php?rest_route=%2Fwp%2Fv2%2Fcategories&post=9986"},{"taxonomy":"post_tag","embeddable":true,"href":"https:\/\/spontanedigital.com.tr\/index.php?rest_route=%2Fwp%2Fv2%2Ftags&post=9986"}],"curies":[{"name":"wp","href":"https:\/\/api.w.org\/{rel}","templated":true}]}}